{"id":4287,"date":"2018-06-21T13:53:03","date_gmt":"2018-06-21T12:53:03","guid":{"rendered":"http:\/\/vedlich.info\/?p=4287"},"modified":"2018-06-21T13:57:06","modified_gmt":"2018-06-21T12:57:06","slug":"nova-trolejbusova-trat-dopravni-terminaly-nebo-univerzitni-vyzkum-aglomerace-podporila-dalsi-investice-za-temer-400-milionu","status":"publish","type":"post","link":"https:\/\/vedlich.info\/?p=4287","title":{"rendered":"Nov\u00e1 trolejbusov\u00e1 tra\u0165, dopravn\u00ed termin\u00e1ly nebo univerzitn\u00ed v\u00fdzkum: aglomerace podpo\u0159ila dal\u0161\u00ed investice za t\u00e9m\u011b\u0159 400 milion\u016f"},"content":{"rendered":"<p style=\"text-align: justify;\">V\u00fdstavba dopravn\u00edch termin\u00e1l\u016f v\u00a0Chrudimi a Jarom\u011b\u0159i, nov\u00e1 trolejbusov\u00e1 tra\u0165 v\u00a0Hradci Kr\u00e1lov\u00e9, rekonstrukce n\u00e1rodn\u00ed kulturn\u00ed pam\u00e1tky Karlova Koruna v\u00a0Chlumci nad Cidlinou nebo univerzitn\u00ed projekt na v\u00fdzkum inovativn\u00edch l\u00e9\u010div pro z\u00e1n\u011btliv\u00e1 onemocn\u011bn\u00ed jater \u010di n\u00e1dorov\u00fdch onemocn\u011bn\u00ed. To jsou p\u0159\u00edklady z\u00a0celkem jeden\u00e1cti projekt\u016f za v\u00edce ne\u017e 385 milion\u016f korun, kter\u00e9 v\u010dera schv\u00e1lil \u0158\u00eddic\u00ed v\u00fdbor ITI Hradecko-pardubick\u00e9 aglomerace. V\u00a0leto\u0161n\u00edm roce je\u0161t\u011b aglomerace pl\u00e1nuje vyhl\u00e1sit v\u00fdzvy ze \u010dty\u0159 opera\u010dn\u00edch program\u016f v\u00a0celkov\u00e9 v\u00fd\u0161i 786 milion\u016f korun.<!--more--><\/p>\n<p style=\"text-align: justify;\">Na jedn\u00e1n\u00ed \u0158\u00eddic\u00edho v\u00fdboru ITI bylo odborn\u00fdmi pracovn\u00edmi skupinami p\u0159edlo\u017eeno celkem 16 projektov\u00fdch z\u00e1m\u011br\u016f. Jeden\u00e1ct z\u00a0nich z\u00edskalo Vyj\u00e1d\u0159en\u00ed \u0158\u00eddic\u00edho v\u00fdboru ITI o souladu se Strategi\u00ed ITI, jeden z\u00e1m\u011br z\u00edskal negativn\u00ed stanovisko. Dal\u0161\u00ed \u010dty\u0159i z\u00e1m\u011bry byly z\u00a0d\u016fvodu nedostatk\u016f vr\u00e1ceny jejich p\u0159edkladateli k\u00a0dopracov\u00e1n\u00ed. \u201e<em>\u010cty\u0159i projektov\u00e9 z\u00e1m\u011bry jsme, bohu\u017eel, museli vr\u00e1tit jejich p\u0159edkladatel\u016fm k\u00a0dopracov\u00e1n\u00ed. D\u016fvodem byly nap\u0159\u00edklad form\u00e1ln\u00ed nedostatky nebo absence pravomocn\u00e9ho stavebn\u00edho povolen\u00ed. Pevn\u011b v\u011b\u0159\u00edm, \u017ee i t\u011bmto projekt\u016fm se poda\u0159\u00ed ve stanoven\u00e9m term\u00ednu tyto chyby napravit a v\u00a0r\u00e1mci pln\u00e9 \u017e\u00e1dosti se uch\u00e1zet o dotaci\u201c<\/em>, uvedl p\u0159edseda \u0158\u00eddic\u00edho v\u00fdboru ITI Martin Charv\u00e1t.<\/p>\n<p style=\"text-align: justify;\">V\u00a0oblasti dopravy z\u00edskaly zelenou odbavovac\u00ed syst\u00e9m MHD v\u00a0Pardubic\u00edch nebo vybudov\u00e1n\u00ed nov\u00e9 trolejbusov\u00e9 trati Pod Str\u00e1n\u00ed v\u00a0Hradci Kr\u00e1lov\u00e9. <em>\u201eM\u011bsto Hradec Kr\u00e1lov\u00e9 pokra\u010duje v\u00a0podpo\u0159e ekologick\u00fdch forem dopravy. Po n\u00e1kupu trolejbus\u016f s\u00a0pomocn\u00fdm bateriov\u00fdm pohonem m\u011bsto usiluje o roz\u0161\u00ed\u0159en\u00ed trolejbusov\u00fdch trakc\u00ed, kter\u00e9 nahrad\u00ed st\u00e1vaj\u00edc\u00ed autobusovou dopravu\u201c<\/em>, up\u0159esnil prim\u00e1tor Zden\u011bk Fink.<\/p>\n<p style=\"text-align: justify;\">Mezi schv\u00e1len\u00fdmi projekty jsou nap\u0159\u00edklad dva dopravn\u00ed termin\u00e1ly, a to v\u00a0Chrudimi a Jarom\u011b\u0159i, kter\u00e9 by m\u011bly obyvatel\u016fm aglomerace zkvalitnit cestov\u00e1n\u00ed ve\u0159ejnou hromadnou dopravou. <em>\u201eAktu\u00e1ln\u00ed podoba dopravn\u00edho termin\u00e1lu v\u00a0Chrudimi jak z\u00a0hlediska sv\u00e9ho technick\u00e9ho stavu, tak kvality cestov\u00e1n\u00ed neodpov\u00edd\u00e1 sou\u010dasn\u00fdm pot\u0159eb\u00e1m cestuj\u00edc\u00edch. Samotn\u00fd termin\u00e1l zahrnuje tak\u00e9\u00a0vybudov\u00e1n\u00ed odpov\u00eddaj\u00edc\u00ed infrastruktury pro parkov\u00e1n\u00ed osobn\u00edch automobil\u016f \u010di j\u00edzdn\u00edch kol\u201c<\/em>, uvedl m\u00edstostarosta Chrudimi Jan \u010cechlovsk\u00fd. Obdobn\u011b neut\u011b\u0161enou situaci se poda\u0159\u00ed vy\u0159e\u0161it tak\u00e9 v\u00a0Jarom\u011b\u0159i<em>. \u201eP\u011bt autobusov\u00fdch zast\u00e1vek se zast\u0159e\u0161en\u00edm, p\u0159echod pro chodce nebo nov\u00e9 chodn\u00edky zajist\u00ed pot\u0159ebn\u00fd komfort a bezpe\u010d\u00ed cestuj\u00edc\u00edch v\u00a0Jarom\u011b\u0159i. Projekt \u0159e\u0161\u00ed tak\u00e9 nezbytn\u00e9 z\u00e1zem\u00ed pro parkov\u00e1n\u00ed\u201c<\/em>, doplnil starosta Jarom\u011b\u0159e Ji\u0159\u00ed Klepsa.<\/p>\n<p style=\"text-align: justify;\">Podpo\u0159eny byly tak\u00e9 projektov\u00e9 z\u00e1m\u011bry vysok\u00fdch \u0161kol. Univerzita Karlova p\u0159ipravuje projekt zam\u011b\u0159en\u00fd na rozvoj nov\u00fdch diagnostick\u00fdch postup\u016f, p\u0159edaplika\u010dn\u00ed v\u00fdzkum inovativn\u00edch l\u00e9\u010div a prost\u0159edk\u016f zdravotnick\u00e9 techniky pro z\u00e1n\u011btliv\u00e1 onemocn\u011bn\u00ed jater \u010di n\u00e1dorov\u00fdch onemocn\u011bn\u00ed. Univerzita Hradec Kr\u00e1lov\u00e9 p\u0159edlo\u017eila projekt, jeho\u017e c\u00edlem je zv\u00fd\u0161en\u00ed vyu\u017eit\u00ed potenci\u00e1lu a efektivity IT technologi\u00ed v\u00a0r\u00e1mci medic\u00ednsk\u00fdch aplikac\u00ed.<\/p>\n<p style=\"text-align: justify;\">V\u00a0oblasti kultury z\u00edskal kladn\u00e9 hodnocen\u00ed projekt zam\u011b\u0159en\u00fd na revitalizaci z\u00e1meck\u00e9ho are\u00e1lu Karlova Koruna v\u00a0Chlumci nad Cidlinou. Ten se dotkne zejm\u00e9na aktu\u00e1ln\u011b nevyu\u017e\u00edvan\u00fdch budov j\u00edzd\u00e1rny, kon\u00edrny nebo ko\u010d\u00e1rovny, kde vzniknou nov\u00e9 expozice zam\u011b\u0159en\u00e9 p\u0159edev\u0161\u00edm na tematiku kon\u00ed rodiny Kinsk\u00fdch.<\/p>\n<p style=\"text-align: justify;\"><em> \u201eJsem pot\u011b\u0161en\u00fd, \u017ee ze strany \u017eadatel\u016f st\u00e1le evidujeme velk\u00fd z\u00e1jem o v\u00fdzvy ITI a douf\u00e1m, \u017ee tento pozitivn\u00ed trend bude pokra\u010dovat i v\u00a0n\u00e1sleduj\u00edc\u00edch m\u011bs\u00edc\u00edch a letech, kdy budeme vyhla\u0161ovat dal\u0161\u00ed aglomera\u010dn\u00ed v\u00fdzvy. Velkou popt\u00e1vku evidujeme zejm\u00e9na v\u00a0oblasti n\u00e1rodn\u00edch kulturn\u00edch pam\u00e1tek, a proto jedn\u00e1me s\u00a0Ministerstvem pro m\u00edstn\u00ed rozvoj o dal\u0161\u00edm nav\u00fd\u0161en\u00ed alokace ve v\u00fd\u0161i 150 milion\u016f korun\u201c<\/em>, uzav\u0159el mana\u017eer ITI Miroslav Janovsk\u00fd.<\/p>\n<p style=\"text-align: justify;\"><strong>\u00a0<\/strong><\/p>\n<p style=\"text-align: justify;\"><strong>ITI Hradecko-pardubick\u00e9 aglomerace v\u00a0datech<\/strong><\/p>\n<ul style=\"text-align: justify;\">\n<li>Vyhl\u00e1\u0161eno a ukon\u010deno 42 v\u00fdzev nositele ITI v celkov\u00e9 sum\u011b 2 849 692 609 K\u010d<\/li>\n<li>Vyj\u00e1d\u0159en\u00ed \u0158V ITI z\u00edskalo 98 projekt\u016f v \u010d\u00e1stce 2 057 710 168 K\u010d<\/li>\n<li>Harmonogram v\u00fdzev nositele ITI do konce roku 2018 je vytvo\u0159en s alokac\u00ed 786 129 550 K\u010d<\/li>\n<li>Vyhl\u00e1\u0161eno 23 v\u00fdzev ZS ITI v celkov\u00e9 sum\u011b 1 672 492 180 K\u010d (ukon\u010deno 10 v\u00fdzev ZS ITI, 13 v\u00fdzev prob\u00edh\u00e1)<\/li>\n<li>K hodnocen\u00ed na ZS ITI\/\u0158O bylo p\u0159edlo\u017eeno 64 projekt\u016f v celkov\u00e9 \u010d\u00e1stce 1 256 274 987 K\u010d<\/li>\n<li>46 projekt\u016f splnilo p\u0159i hodnocen\u00ed ZS ITI form\u00e1ln\u00ed n\u00e1le\u017eitosti a podm\u00ednky p\u0159ijatelnosti v \u010d\u00e1stce 1 037 310 210 K\u010d<\/li>\n<li>20 projekt\u016f v \u010d\u00e1stce 585 504 279 K\u010d m\u00e1 vydan\u00fd pr\u00e1vn\u00edm akt<\/li>\n<li>3 projekty nesplnily podm\u00ednky hodnocen\u00ed ZS\/\u0158O &#8211; vr\u00e1cen\u00e9 \u017eadateli (vr\u00e1ceno do alokace) 112 662 677 K\u010d<\/li>\n<li>2 projekty byly sta\u017een\u00e9 \u017eadateli ve f\u00e1zi hodnocen\u00ed ZS\/\u0158O 43 775 000 K\u010d<\/li>\n<\/ul>\n","protected":false},"excerpt":{"rendered":"<p>V\u00fdstavba dopravn\u00edch termin\u00e1l\u016f v\u00a0Chrudimi a Jarom\u011b\u0159i, nov\u00e1 trolejbusov\u00e1 tra\u0165 v\u00a0Hradci Kr\u00e1lov\u00e9, rekonstrukce n\u00e1rodn\u00ed kulturn\u00ed pam\u00e1tky Karlova Koruna v\u00a0Chlumci nad Cidlinou nebo univerzitn\u00ed projekt na v\u00fdzkum inovativn\u00edch l\u00e9\u010div pro z\u00e1n\u011btliv\u00e1 onemocn\u011bn\u00ed jater \u010di n\u00e1dorov\u00fdch onemocn\u011bn\u00ed. To jsou p\u0159\u00edklady z\u00a0celkem jeden\u00e1cti projekt\u016f za v\u00edce ne\u017e 385 milion\u016f korun, kter\u00e9 v\u010dera schv\u00e1lil \u0158\u00eddic\u00ed v\u00fdbor ITI Hradecko-pardubick\u00e9 aglomerace. V\u00a0leto\u0161n\u00edm [&hellip;]<\/p>\n","protected":false},"author":1,"featured_media":4291,"comment_status":"closed","ping_status":"closed","sticky":false,"template":"","format":"standard","meta":{"_monsterinsights_skip_tracking":false,"_monsterinsights_sitenote_active":false,"_monsterinsights_sitenote_note":"","_monsterinsights_sitenote_category":0,"_uf_show_specific_survey":0,"_uf_disable_surveys":false,"footnotes":""},"categories":[8],"tags":[],"class_list":["post-4287","post","type-post","status-publish","format-standard","has-post-thumbnail","hentry","category-zpravy-z-ostatnich-medii"],"aioseo_notices":[],"_links":{"self":[{"href":"https:\/\/vedlich.info\/index.php?rest_route=\/wp\/v2\/posts\/4287","targetHints":{"allow":["GET"]}}],"collection":[{"href":"https:\/\/vedlich.info\/index.php?rest_route=\/wp\/v2\/posts"}],"about":[{"href":"https:\/\/vedlich.info\/index.php?rest_route=\/wp\/v2\/types\/post"}],"author":[{"embeddable":true,"href":"https:\/\/vedlich.info\/index.php?rest_route=\/wp\/v2\/users\/1"}],"replies":[{"embeddable":true,"href":"https:\/\/vedlich.info\/index.php?rest_route=%2Fwp%2Fv2%2Fcomments&post=4287"}],"version-history":[{"count":3,"href":"https:\/\/vedlich.info\/index.php?rest_route=\/wp\/v2\/posts\/4287\/revisions"}],"predecessor-version":[{"id":4290,"href":"https:\/\/vedlich.info\/index.php?rest_route=\/wp\/v2\/posts\/4287\/revisions\/4290"}],"wp:featuredmedia":[{"embeddable":true,"href":"https:\/\/vedlich.info\/index.php?rest_route=\/wp\/v2\/media\/4291"}],"wp:attachment":[{"href":"https:\/\/vedlich.info\/index.php?rest_route=%2Fwp%2Fv2%2Fmedia&parent=4287"}],"wp:term":[{"taxonomy":"category","embeddable":true,"href":"https:\/\/vedlich.info\/index.php?rest_route=%2Fwp%2Fv2%2Fcategories&post=4287"},{"taxonomy":"post_tag","embeddable":true,"href":"https:\/\/vedlich.info\/index.php?rest_route=%2Fwp%2Fv2%2Ftags&post=4287"}],"curies":[{"name":"wp","href":"https:\/\/api.w.org\/{rel}","templated":true}]}}