{"id":4284,"date":"2018-06-14T09:14:42","date_gmt":"2018-06-14T08:14:42","guid":{"rendered":"http:\/\/vedlich.info\/?p=4284"},"modified":"2018-06-14T09:14:42","modified_gmt":"2018-06-14T08:14:42","slug":"mesto-stavbu-dalnice-brzdit-nechce-brani-kvalitu-zivota-jeho-obyvatel","status":"publish","type":"post","link":"https:\/\/vedlich.info\/?p=4284","title":{"rendered":"M\u011bsto stavbu d\u00e1lnice brzdit nechce, br\u00e1n\u00ed kvalitu \u017eivota jeho obyvatel"},"content":{"rendered":"<p>Datum 13. \u010dervna je posledn\u00edm dnem, do kter\u00e9ho\u00a0bylo mo\u017en\u00e9 pod\u00e1vat n\u00e1mitky v r\u00e1mci \u0159\u00edzen\u00ed ke stavebn\u00edmu povolen\u00ed pro \u00fasek d\u00e1lnice D11 u Hradce Kr\u00e1lov\u00e9. Fin\u00e1ln\u00ed podoba projektu v\u0161ak pro \u010d\u00e1st obyvatel krajsk\u00e9ho m\u011bsta bude znamenat sn\u00ed\u017een\u00ed kvality \u017eivota p\u0159edev\u0161\u00edm v\u011bt\u0161\u00ed hlukovou z\u00e1t\u011b\u017e\u00ed a omezen\u00edm z d\u016fvodu minima obslu\u017en\u00fdch komunikac\u00ed. M\u011bsto tyto p\u0159ipom\u00ednky dlouhodob\u011b prosazovalo v jedn\u00e1n\u00edch s \u0158SD, ke spole\u010dn\u00e9 dohod\u011b v\u0161ak nedo\u0161lo. Proto v z\u00e1jmu obyvatel \u010d\u00e1sti Hradce Kr\u00e1lov\u00e9 podalo v r\u00e1mci stavebn\u00edho \u0159\u00edzen\u00ed n\u00e1mitky, podle kter\u00fdch je pot\u0159eba nav\u00fd\u0161it protihlukov\u00e1 opat\u0159en\u00ed a po\u010det obslu\u017en\u00fdch komunikac\u00ed, kter\u00e9 oproti ofici\u00e1ln\u011b navrhovan\u00e9mu rozsahu chyb\u00ed p\u0159edev\u0161\u00edm m\u00edstn\u00edm zem\u011bd\u011blc\u016fm.<\/p>\n<p><!--more--><\/p>\n<p>\u201eV\u0161ichni, m\u011bsto i obyvatel\u00e9 jeho nejbli\u017e\u0161\u00edch \u010d\u00e1st\u00ed, m\u00e1me z\u00e1jem na urychlen\u00e9 v\u00fdstavb\u011b d\u00e1lnice, ale sou\u010dasn\u00e1 ochrana p\u0159ed jej\u00edmi negativn\u00edmi dopady t\u00e9to stavby je podle n\u00e1s nedostate\u010dn\u00e1. Navrhovali jsme formu spole\u010dn\u00e9ho memoranda, do kter\u00e9ho bychom na\u0161e p\u0159ipom\u00ednky ofici\u00e1ln\u011b zakotvili a neuplat\u0148ovali bychom pak n\u00e1mitky ve stavebn\u00edm \u0159\u00edzen\u00ed. Bohu\u017eel posledn\u00ed projednan\u00e1 verze tohoto dokumentu, kter\u00fd byl pro m\u011bsto, obyvatele Svobodn\u00fdch Dvor\u016f i m\u00edstn\u00ed zem\u011bd\u011blce, ur\u010dit\u00fdm kompromisem, nebyl ze strany \u0158SD nakonec akceptov\u00e1n,\u201c \u0159\u00edk\u00e1 prim\u00e1tor Hradce Kr\u00e1lov\u00e9 Zden\u011bk Fink.<\/p>\n<p>Vznik spole\u010dn\u00e9ho memoranda iniciovalo m\u011bsto Hradec Kr\u00e1lov\u00e9 na podzim lo\u0148sk\u00e9ho roku a obsahuje po\u017eadavky m\u011bsta a jeho obyvatel na stavbu t\u00e9to d\u016fle\u017eit\u00e9 dopravn\u00ed tepny. Spole\u010dn\u00fd dokument by znamenal v\u011bt\u0161\u00ed a p\u0159edev\u0161\u00edm ofici\u00e1ln\u00ed z\u00e1ruky na rychlou realizaci v\u00fd\u0161e uveden\u00fdch opat\u0159en\u00ed. M\u011bsto t\u00edmto memorandem cht\u011blo p\u0159edej\u00edt p\u0159\u00edpadn\u00fdm komplikac\u00edm a zdr\u017een\u00ed stavby tohoto \u00faseku d\u00e1lnice D11.<\/p>\n","protected":false},"excerpt":{"rendered":"<p>Datum 13. \u010dervna je posledn\u00edm dnem, do kter\u00e9ho\u00a0bylo mo\u017en\u00e9 pod\u00e1vat n\u00e1mitky v r\u00e1mci \u0159\u00edzen\u00ed ke stavebn\u00edmu povolen\u00ed pro \u00fasek d\u00e1lnice D11 u Hradce Kr\u00e1lov\u00e9. Fin\u00e1ln\u00ed podoba projektu v\u0161ak pro \u010d\u00e1st obyvatel krajsk\u00e9ho m\u011bsta bude znamenat sn\u00ed\u017een\u00ed kvality \u017eivota p\u0159edev\u0161\u00edm v\u011bt\u0161\u00ed hlukovou z\u00e1t\u011b\u017e\u00ed a omezen\u00edm z d\u016fvodu minima obslu\u017en\u00fdch komunikac\u00ed. M\u011bsto tyto p\u0159ipom\u00ednky dlouhodob\u011b prosazovalo v [&hellip;]<\/p>\n","protected":false},"author":1,"featured_media":3995,"comment_status":"closed","ping_status":"closed","sticky":false,"template":"","format":"standard","meta":{"_monsterinsights_skip_tracking":false,"_monsterinsights_sitenote_active":false,"_monsterinsights_sitenote_note":"","_monsterinsights_sitenote_category":0,"_uf_show_specific_survey":0,"_uf_disable_surveys":false,"footnotes":""},"categories":[6],"tags":[],"class_list":["post-4284","post","type-post","status-publish","format-standard","has-post-thumbnail","hentry","category-zpravy-z-magistratu"],"aioseo_notices":[],"_links":{"self":[{"href":"https:\/\/vedlich.info\/index.php?rest_route=\/wp\/v2\/posts\/4284","targetHints":{"allow":["GET"]}}],"collection":[{"href":"https:\/\/vedlich.info\/index.php?rest_route=\/wp\/v2\/posts"}],"about":[{"href":"https:\/\/vedlich.info\/index.php?rest_route=\/wp\/v2\/types\/post"}],"author":[{"embeddable":true,"href":"https:\/\/vedlich.info\/index.php?rest_route=\/wp\/v2\/users\/1"}],"replies":[{"embeddable":true,"href":"https:\/\/vedlich.info\/index.php?rest_route=%2Fwp%2Fv2%2Fcomments&post=4284"}],"version-history":[{"count":1,"href":"https:\/\/vedlich.info\/index.php?rest_route=\/wp\/v2\/posts\/4284\/revisions"}],"predecessor-version":[{"id":4286,"href":"https:\/\/vedlich.info\/index.php?rest_route=\/wp\/v2\/posts\/4284\/revisions\/4286"}],"wp:featuredmedia":[{"embeddable":true,"href":"https:\/\/vedlich.info\/index.php?rest_route=\/wp\/v2\/media\/3995"}],"wp:attachment":[{"href":"https:\/\/vedlich.info\/index.php?rest_route=%2Fwp%2Fv2%2Fmedia&parent=4284"}],"wp:term":[{"taxonomy":"category","embeddable":true,"href":"https:\/\/vedlich.info\/index.php?rest_route=%2Fwp%2Fv2%2Fcategories&post=4284"},{"taxonomy":"post_tag","embeddable":true,"href":"https:\/\/vedlich.info\/index.php?rest_route=%2Fwp%2Fv2%2Ftags&post=4284"}],"curies":[{"name":"wp","href":"https:\/\/api.w.org\/{rel}","templated":true}]}}