{"id":4244,"date":"2018-04-20T07:23:00","date_gmt":"2018-04-20T06:23:00","guid":{"rendered":"http:\/\/vedlich.info\/?p=4244"},"modified":"2018-04-20T07:24:06","modified_gmt":"2018-04-20T06:24:06","slug":"mesto-opravi-ulice-k-labi-a-machkovu","status":"publish","type":"post","link":"https:\/\/vedlich.info\/?p=4244","title":{"rendered":"M\u011bsto oprav\u00ed ulice K Labi a Machkovu"},"content":{"rendered":"<p style=\"text-align: justify;\">M\u011bsto Hradec Kr\u00e1lov\u00e9 p\u0159ipravuje kompletn\u00ed rekonstrukci ulice K Labi a \u010d\u00e1sti ulice Machkova. Sou\u010d\u00e1st\u00ed opravy budou nov\u00e9 chodn\u00edky, de\u0161\u0165ov\u00e1 kanalizace i v\u00fd\u0161kov\u00e9 \u00fapravy plynovodn\u00edch a vodovodn\u00edch s\u00edt\u00ed. P\u0159edpokl\u00e1dan\u00e9 n\u00e1klady na tuto investici jsou 27 milion\u016f korun bez DPH, p\u0159esnou cenu v\u0161ak ur\u010d\u00ed ve\u0159ejn\u00e1 sout\u011b\u017e na dodavatele stavby. Zah\u00e1jen\u00ed prac\u00ed se pl\u00e1nuje na druhou polovinu \u010dervence, rekonstrukce by m\u011bla skon\u010dit v srpnu p\u0159\u00ed\u0161t\u00edho roku.<!--more--><\/p>\n<p style=\"text-align: justify;\">Sou\u010d\u00e1st\u00ed \u00faprav komunikac\u00ed, kter\u00fdmi je s m\u011bstem propojena m\u00edstn\u00ed \u010d\u00e1st Star\u00e1 T\u0159ebe\u0161, je i p\u0159echod pro chodce s ostr\u016fvkem p\u0159es ulici Zborovsk\u00e1. \u201eTen je ale hotov\u00fd z lo\u0148sk\u00e9ho roku. Na pokra\u010duj\u00edc\u00ed pr\u00e1ce je ji\u017e vydan\u00e9 platn\u00e9 stavebn\u00ed povolen\u00ed. Jakmile vybereme dodavatele, bude se moci stavba zah\u00e1jit,\u201c \u0159ekl n\u00e1m\u011bstek prim\u00e1tora Jind\u0159ich Vedlich, kter\u00fd odpov\u00edd\u00e1 za investice ve m\u011bst\u011b. P\u0159edpokl\u00e1dan\u00e9 n\u00e1klady na tuto akci jsou 27 milion\u016f korun bez DPH.<\/p>\n<p style=\"text-align: justify;\">V ulici budou nov\u00e9 chodn\u00edky, kter\u00e9 tu dosud nebyly a provoz pro p\u011b\u0161\u00ed byl pom\u011brn\u011b nebezpe\u010dn\u00fd. Sou\u010d\u00e1st\u00ed investice bude i nov\u00e9 ve\u0159ejn\u00e9 osv\u011btlen\u00ed, de\u0161\u0165ov\u00e1 kanalizace, nov\u00e1 m\u011bstsk\u00e1 zele\u0148 a plocha pro kontejnery na komun\u00e1ln\u00ed a t\u0159\u00edd\u011bn\u00fd odpad. \u201eNejslo\u017eit\u011bj\u0161\u00ed \u010d\u00e1st\u00ed stavby budou p\u0159elo\u017eky in\u017een\u00fdrsk\u00fdch s\u00edt\u00ed, kter\u00e9 jsou pod silnic\u00ed um\u00edst\u011bn\u00e9. Bude pot\u0159eba kompletn\u011b v\u00fd\u0161kov\u011b upravit veden\u00ed plynovodu a ve\u0161ker\u00fdch plynovodn\u00edch p\u0159\u00edpojek, stejn\u011b tak tomu bude u vodovodu a telefonick\u00fdch \u010di datov\u00fdch kabel\u016f,\u201c p\u0159ibli\u017euje Vedlich. Stavebn\u00ed pr\u00e1ce budou prob\u00edhat od druh\u00e9 poloviny leto\u0161n\u00edho \u010dervence a\u017e do konce letn\u00edch pr\u00e1zdnin v roce 2019 v n\u011bkolika etap\u00e1ch, tak aby byl provoz v m\u00edst\u011b omezen\u00fd jen \u010d\u00e1ste\u010dn\u011b.<\/p>\n<p style=\"text-align: justify;\">\n<p style=\"text-align: justify;\"><img loading=\"lazy\" decoding=\"async\" class=\"aligncenter size-full wp-image-4245\" src=\"http:\/\/vedlich.info\/wp-content\/uploads\/2018\/04\/01.jpg\" alt=\"01\" width=\"1200\" height=\"750\" srcset=\"https:\/\/vedlich.info\/wp-content\/uploads\/2018\/04\/01.jpg 1200w, https:\/\/vedlich.info\/wp-content\/uploads\/2018\/04\/01-300x187.jpg 300w, https:\/\/vedlich.info\/wp-content\/uploads\/2018\/04\/01-1024x640.jpg 1024w\" sizes=\"auto, (max-width: 1200px) 100vw, 1200px\" \/><\/p>\n<p style=\"text-align: justify;\"><a href=\"http:\/\/vedlich.info\/wp-content\/uploads\/2018\/04\/02.jpg\"><img loading=\"lazy\" decoding=\"async\" class=\"aligncenter size-full wp-image-4246\" src=\"http:\/\/vedlich.info\/wp-content\/uploads\/2018\/04\/02.jpg\" alt=\"02\" width=\"1200\" height=\"750\" srcset=\"https:\/\/vedlich.info\/wp-content\/uploads\/2018\/04\/02.jpg 1200w, https:\/\/vedlich.info\/wp-content\/uploads\/2018\/04\/02-300x187.jpg 300w, https:\/\/vedlich.info\/wp-content\/uploads\/2018\/04\/02-1024x640.jpg 1024w\" sizes=\"auto, (max-width: 1200px) 100vw, 1200px\" \/><\/a><\/p>\n<p style=\"text-align: justify;\"><a href=\"http:\/\/vedlich.info\/wp-content\/uploads\/2018\/04\/03.jpg\"><img loading=\"lazy\" decoding=\"async\" class=\"aligncenter size-full wp-image-4247\" src=\"http:\/\/vedlich.info\/wp-content\/uploads\/2018\/04\/03.jpg\" alt=\"03\" width=\"1200\" height=\"750\" srcset=\"https:\/\/vedlich.info\/wp-content\/uploads\/2018\/04\/03.jpg 1200w, https:\/\/vedlich.info\/wp-content\/uploads\/2018\/04\/03-300x187.jpg 300w, https:\/\/vedlich.info\/wp-content\/uploads\/2018\/04\/03-1024x640.jpg 1024w\" sizes=\"auto, (max-width: 1200px) 100vw, 1200px\" \/><\/a><\/p>\n","protected":false},"excerpt":{"rendered":"<p>M\u011bsto Hradec Kr\u00e1lov\u00e9 p\u0159ipravuje kompletn\u00ed rekonstrukci ulice K Labi a \u010d\u00e1sti ulice Machkova. Sou\u010d\u00e1st\u00ed opravy budou nov\u00e9 chodn\u00edky, de\u0161\u0165ov\u00e1 kanalizace i v\u00fd\u0161kov\u00e9 \u00fapravy plynovodn\u00edch a vodovodn\u00edch s\u00edt\u00ed. P\u0159edpokl\u00e1dan\u00e9 n\u00e1klady na tuto investici jsou 27 milion\u016f korun bez DPH, p\u0159esnou cenu v\u0161ak ur\u010d\u00ed ve\u0159ejn\u00e1 sout\u011b\u017e na dodavatele stavby. Zah\u00e1jen\u00ed prac\u00ed se pl\u00e1nuje na druhou polovinu \u010dervence, [&hellip;]<\/p>\n","protected":false},"author":1,"featured_media":4245,"comment_status":"closed","ping_status":"closed","sticky":false,"template":"","format":"standard","meta":{"_monsterinsights_skip_tracking":false,"_monsterinsights_sitenote_active":false,"_monsterinsights_sitenote_note":"","_monsterinsights_sitenote_category":0,"_uf_show_specific_survey":0,"_uf_disable_surveys":false,"footnotes":""},"categories":[6],"tags":[],"class_list":["post-4244","post","type-post","status-publish","format-standard","has-post-thumbnail","hentry","category-zpravy-z-magistratu"],"aioseo_notices":[],"_links":{"self":[{"href":"https:\/\/vedlich.info\/index.php?rest_route=\/wp\/v2\/posts\/4244","targetHints":{"allow":["GET"]}}],"collection":[{"href":"https:\/\/vedlich.info\/index.php?rest_route=\/wp\/v2\/posts"}],"about":[{"href":"https:\/\/vedlich.info\/index.php?rest_route=\/wp\/v2\/types\/post"}],"author":[{"embeddable":true,"href":"https:\/\/vedlich.info\/index.php?rest_route=\/wp\/v2\/users\/1"}],"replies":[{"embeddable":true,"href":"https:\/\/vedlich.info\/index.php?rest_route=%2Fwp%2Fv2%2Fcomments&post=4244"}],"version-history":[{"count":3,"href":"https:\/\/vedlich.info\/index.php?rest_route=\/wp\/v2\/posts\/4244\/revisions"}],"predecessor-version":[{"id":4250,"href":"https:\/\/vedlich.info\/index.php?rest_route=\/wp\/v2\/posts\/4244\/revisions\/4250"}],"wp:featuredmedia":[{"embeddable":true,"href":"https:\/\/vedlich.info\/index.php?rest_route=\/wp\/v2\/media\/4245"}],"wp:attachment":[{"href":"https:\/\/vedlich.info\/index.php?rest_route=%2Fwp%2Fv2%2Fmedia&parent=4244"}],"wp:term":[{"taxonomy":"category","embeddable":true,"href":"https:\/\/vedlich.info\/index.php?rest_route=%2Fwp%2Fv2%2Fcategories&post=4244"},{"taxonomy":"post_tag","embeddable":true,"href":"https:\/\/vedlich.info\/index.php?rest_route=%2Fwp%2Fv2%2Ftags&post=4244"}],"curies":[{"name":"wp","href":"https:\/\/api.w.org\/{rel}","templated":true}]}}