{"id":4240,"date":"2018-04-18T12:09:38","date_gmt":"2018-04-18T11:09:38","guid":{"rendered":"http:\/\/vedlich.info\/?p=4240"},"modified":"2018-04-18T12:09:38","modified_gmt":"2018-04-18T11:09:38","slug":"hradecky-druhy-silnicni-okruh-bude-mit-nove-zalivy-pro-zastavky-mhd","status":"publish","type":"post","link":"https:\/\/vedlich.info\/?p=4240","title":{"rendered":"Hradeck\u00fd druh\u00fd silni\u010dn\u00ed okruh bude m\u00edt nov\u00e9 z\u00e1livy pro zast\u00e1vky MHD"},"content":{"rendered":"<p style=\"text-align: justify;\">Nov\u00e9 zast\u00e1vky bude moci vyu\u017e\u00edvat hradeck\u00e1 MHD na druh\u00e9m m\u011bstsk\u00e9m okruhu u Labsk\u00e9ho mostu v Piln\u00e1\u010dkov\u011b ulici. Do leto\u0161n\u00edho podzimu by m\u011bly b\u00fdt hotov\u00e9 dva nov\u00e9 z\u00e1livy pro autobusy hromadn\u00e9 dopravy, kter\u00e9 zv\u00fd\u0161\u00ed dostupnost hromadn\u00e9 dopravy pro n\u00e1v\u0161t\u011bvn\u00edky nedalek\u00e9 administrativn\u00ed a obchodn\u00ed z\u00f3ny nebo pro obyvatele dom\u016f na Smetanov\u011b n\u00e1b\u0159e\u017e\u00ed. Stavba v hodnot\u011b 7,92 milion\u016f korun bez DPH, jej\u00ed\u017e investorem je m\u011bsto Hradec Kr\u00e1lov\u00e9, by m\u011bla trvat od kv\u011btna do \u0159\u00edjna leto\u0161n\u00edho roku a nem\u011bla by provoz na okruhu nijak v\u00fdrazn\u011b komplikovat.<!--more--><\/p>\n<p style=\"text-align: justify;\">Nov\u00e9 z\u00e1livy pro zast\u00e1vky MHD budou um\u00edst\u011bn\u00e9 na druh\u00e9m silni\u010dn\u00edm okruhu p\u0159ed mostem p\u0159es Labe mezi lokalitou Aldis a obchodn\u00edm centrem. Sou\u010d\u00e1st\u00ed stavebn\u00edch prac\u00ed budou i p\u0159elo\u017eky in\u017een\u00fdrsk\u00fdch s\u00edt\u00ed, kter\u00e9 vedou pod\u00e9l silni\u010dn\u00edho okruhu. \u201eHned vedle stoj\u00ed b\u00fdval\u00e1 telefonn\u00ed \u00fast\u0159edna, p\u0159irozen\u011b je tedy v m\u00edst\u011b daleko v\u011bt\u0161\u00ed hustota datov\u00fdch a cel\u00e9 \u0159ady dal\u0161\u00edch kabel\u016f, jejich\u017e p\u0159elo\u017een\u00ed nebude jednoduch\u00e9. P\u016fvodn\u00ed p\u0159edpokl\u00e1dan\u00e9 n\u00e1klady na tuto investici byly deset milion\u016f korun bez DPH, ve\u0159ejn\u00e1 sout\u011b\u017e tuto cenu stla\u010dila pod osm milion\u016f korun,\u201c \u0159ekl Jind\u0159ich Vedlich, n\u00e1m\u011bstek prim\u00e1tora pro oblast investic ve m\u011bst\u011b.<\/p>\n<p style=\"text-align: justify;\">Nov\u00e9 zast\u00e1vky MHD budou slou\u017eit pro n\u00e1v\u0161t\u011bvn\u00edky administrativn\u00ed a obchodn\u00ed z\u00f3ny na obou stran\u00e1ch okruhu, z\u00e1rove\u0148 ale zv\u00fd\u0161\u00ed dostupnost hromadn\u00e9 dopravy i pro obyvatele bytov\u00fdch dom\u016f na Smetanov\u011b n\u00e1b\u0159e\u017e\u00ed. \u201eP\u0159ipravujeme varianty zm\u011bn tras linek, kter\u00e9 jezd\u00ed v okol\u00ed. Z\u00e1rove\u0148 bude mo\u017en\u00e9 zast\u00e1vky vyu\u017e\u00edvat v p\u0159\u00edpad\u011b uzav\u00edrek ve m\u011bst\u011b nebo pro speci\u00e1ln\u00ed linky b\u011bhem akc\u00ed ve m\u011bst\u011b,\u201c prozradil Zden\u011bk Abraham, \u0159editel hradeck\u00e9ho dopravn\u00edho podniku. \u201ePrvn\u00ed autobusy by mohly na nov\u00fdch zast\u00e1vk\u00e1ch stav\u011bt nejd\u0159\u00edve v druh\u00e9 polovin\u011b p\u0159\u00ed\u0161t\u00edho roku,\u201c dodal Abraham.<\/p>\n","protected":false},"excerpt":{"rendered":"<p>Nov\u00e9 zast\u00e1vky bude moci vyu\u017e\u00edvat hradeck\u00e1 MHD na druh\u00e9m m\u011bstsk\u00e9m okruhu u Labsk\u00e9ho mostu v Piln\u00e1\u010dkov\u011b ulici. Do leto\u0161n\u00edho podzimu by m\u011bly b\u00fdt hotov\u00e9 dva nov\u00e9 z\u00e1livy pro autobusy hromadn\u00e9 dopravy, kter\u00e9 zv\u00fd\u0161\u00ed dostupnost hromadn\u00e9 dopravy pro n\u00e1v\u0161t\u011bvn\u00edky nedalek\u00e9 administrativn\u00ed a obchodn\u00ed z\u00f3ny nebo pro obyvatele dom\u016f na Smetanov\u011b n\u00e1b\u0159e\u017e\u00ed. Stavba v hodnot\u011b 7,92 milion\u016f [&hellip;]<\/p>\n","protected":false},"author":1,"featured_media":4241,"comment_status":"closed","ping_status":"closed","sticky":false,"template":"","format":"standard","meta":{"_monsterinsights_skip_tracking":false,"_monsterinsights_sitenote_active":false,"_monsterinsights_sitenote_note":"","_monsterinsights_sitenote_category":0,"_uf_show_specific_survey":0,"_uf_disable_surveys":false,"footnotes":""},"categories":[6],"tags":[],"class_list":["post-4240","post","type-post","status-publish","format-standard","has-post-thumbnail","hentry","category-zpravy-z-magistratu"],"aioseo_notices":[],"_links":{"self":[{"href":"https:\/\/vedlich.info\/index.php?rest_route=\/wp\/v2\/posts\/4240","targetHints":{"allow":["GET"]}}],"collection":[{"href":"https:\/\/vedlich.info\/index.php?rest_route=\/wp\/v2\/posts"}],"about":[{"href":"https:\/\/vedlich.info\/index.php?rest_route=\/wp\/v2\/types\/post"}],"author":[{"embeddable":true,"href":"https:\/\/vedlich.info\/index.php?rest_route=\/wp\/v2\/users\/1"}],"replies":[{"embeddable":true,"href":"https:\/\/vedlich.info\/index.php?rest_route=%2Fwp%2Fv2%2Fcomments&post=4240"}],"version-history":[{"count":1,"href":"https:\/\/vedlich.info\/index.php?rest_route=\/wp\/v2\/posts\/4240\/revisions"}],"predecessor-version":[{"id":4242,"href":"https:\/\/vedlich.info\/index.php?rest_route=\/wp\/v2\/posts\/4240\/revisions\/4242"}],"wp:featuredmedia":[{"embeddable":true,"href":"https:\/\/vedlich.info\/index.php?rest_route=\/wp\/v2\/media\/4241"}],"wp:attachment":[{"href":"https:\/\/vedlich.info\/index.php?rest_route=%2Fwp%2Fv2%2Fmedia&parent=4240"}],"wp:term":[{"taxonomy":"category","embeddable":true,"href":"https:\/\/vedlich.info\/index.php?rest_route=%2Fwp%2Fv2%2Fcategories&post=4240"},{"taxonomy":"post_tag","embeddable":true,"href":"https:\/\/vedlich.info\/index.php?rest_route=%2Fwp%2Fv2%2Ftags&post=4240"}],"curies":[{"name":"wp","href":"https:\/\/api.w.org\/{rel}","templated":true}]}}