{"id":4235,"date":"2018-04-11T11:09:10","date_gmt":"2018-04-11T10:09:10","guid":{"rendered":"http:\/\/vedlich.info\/?p=4235"},"modified":"2018-04-11T11:14:38","modified_gmt":"2018-04-11T10:14:38","slug":"4235","status":"publish","type":"post","link":"https:\/\/vedlich.info\/?p=4235","title":{"rendered":"Vyj\u00e1d\u0159en\u00ed ke kandidatu\u0159e do podzimn\u00edch komun\u00e1ln\u00edch voleb"},"content":{"rendered":"<p>V\u00e1\u017een\u00ed p\u0159\u00e1tel\u00e9,<\/p>\n<p>v \u017eivot\u011b, zejm\u00e9na v tom politick\u00e9m, nejsou zm\u011bny n\u011b\u010d\u00edm neobvykl\u00fdm. \u010clenem TOP 09 jsem bezm\u00e1la deset let. Za tuto dobu se n\u00e1m poda\u0159ilo dvakr\u00e1t usp\u011bt v komun\u00e1ln\u00edch volb\u00e1ch, dvakr\u00e1t jsem byl zvolen n\u00e1m\u011bstkem prim\u00e1tora a spole\u010dn\u011b s koali\u010dn\u00edmi partnery se tak mohl pod\u00edlet na rozvoji na\u0161eho kr\u00e1sn\u00e9ho m\u011bsta. Poda\u0159ilo se n\u00e1m mnoh\u00e9, av\u0161ak nyn\u00ed nastal \u010das na zm\u011bnu. Po zral\u00e9 \u00favaze a dlouh\u00e9 debat\u011b jsem se rozhodl odstoupit z kandid\u00e1tn\u00ed listiny TOP 09 pro podzimn\u00ed komun\u00e1ln\u00ed volby.<\/p>\n<p>Nyn\u00ed chci svou pozornost zam\u011b\u0159it zejm\u00e9na na d\u011bn\u00ed ve sv\u00e9m okol\u00ed, na sv\u00e9 rodn\u00e9 m\u011bsto Hradec Kr\u00e1lov\u00e9. Proto jsem se rozhodl v komun\u00e1ln\u00edch volb\u00e1ch p\u0159ijmout m\u00edsto l\u00eddra kandid\u00e1tky uskupen\u00ed Slu\u0161n\u00e1 politika a Hrade\u010dt\u00ed patrioti. Jedn\u00e1 se o spole\u010denstv\u00ed dobr\u00fdch a slu\u0161n\u00fdch lid\u00ed, kter\u00e9 m\u00e1m r\u00e1d a kter\u00e9 spojuje l\u00e1ska a hrdost k Hradci Kr\u00e1lov\u00e9. Zde vid\u00edm sv\u00e9 m\u00edsto.<\/p>\n<p>V\u0161ichni z hradeck\u00e9 TOP 09 se velmi dob\u0159e zn\u00e1me a s \u010dist\u00fdm sv\u011bdom\u00edm mohu \u0159\u00edci, \u017ee za t\u00e9m\u011b\u0159 10 let spolupr\u00e1ce mezi n\u00e1mi vznikla siln\u00e1 pouta nejen v pracovn\u00ed rovin\u011b. Rozch\u00e1z\u00edme se v dobr\u00e9m a hradeck\u00e9 TOPce p\u0159eji mnoho \u0161t\u011bst\u00ed. Kdov\u00ed, mo\u017en\u00e1 ji\u017e brzy budeme spolupracovat v nov\u00e9m veden\u00ed m\u011bsta.<\/p>\n<p style=\"text-align: right;\"><em>PaedDr. Jind\u0159ich Vedlich, Ph.D.<\/em><br \/>\n<em>n\u00e1m\u011bstek prim\u00e1tora<\/em><\/p>\n","protected":false},"excerpt":{"rendered":"<p>V\u00e1\u017een\u00ed p\u0159\u00e1tel\u00e9, v \u017eivot\u011b, zejm\u00e9na v tom politick\u00e9m, nejsou zm\u011bny n\u011b\u010d\u00edm neobvykl\u00fdm. \u010clenem TOP 09 jsem bezm\u00e1la deset let. Za tuto dobu se n\u00e1m poda\u0159ilo dvakr\u00e1t usp\u011bt v komun\u00e1ln\u00edch volb\u00e1ch, dvakr\u00e1t jsem byl zvolen n\u00e1m\u011bstkem prim\u00e1tora a spole\u010dn\u011b s koali\u010dn\u00edmi partnery se tak mohl pod\u00edlet na rozvoji na\u0161eho kr\u00e1sn\u00e9ho m\u011bsta. Poda\u0159ilo se n\u00e1m mnoh\u00e9, av\u0161ak [&hellip;]<\/p>\n","protected":false},"author":1,"featured_media":4236,"comment_status":"closed","ping_status":"closed","sticky":false,"template":"","format":"standard","meta":{"_monsterinsights_skip_tracking":false,"_monsterinsights_sitenote_active":false,"_monsterinsights_sitenote_note":"","_monsterinsights_sitenote_category":0,"_uf_show_specific_survey":0,"_uf_disable_surveys":false,"footnotes":""},"categories":[5],"tags":[],"class_list":["post-4235","post","type-post","status-publish","format-standard","has-post-thumbnail","hentry","category-vyjadreni"],"aioseo_notices":[],"_links":{"self":[{"href":"https:\/\/vedlich.info\/index.php?rest_route=\/wp\/v2\/posts\/4235","targetHints":{"allow":["GET"]}}],"collection":[{"href":"https:\/\/vedlich.info\/index.php?rest_route=\/wp\/v2\/posts"}],"about":[{"href":"https:\/\/vedlich.info\/index.php?rest_route=\/wp\/v2\/types\/post"}],"author":[{"embeddable":true,"href":"https:\/\/vedlich.info\/index.php?rest_route=\/wp\/v2\/users\/1"}],"replies":[{"embeddable":true,"href":"https:\/\/vedlich.info\/index.php?rest_route=%2Fwp%2Fv2%2Fcomments&post=4235"}],"version-history":[{"count":2,"href":"https:\/\/vedlich.info\/index.php?rest_route=\/wp\/v2\/posts\/4235\/revisions"}],"predecessor-version":[{"id":4238,"href":"https:\/\/vedlich.info\/index.php?rest_route=\/wp\/v2\/posts\/4235\/revisions\/4238"}],"wp:featuredmedia":[{"embeddable":true,"href":"https:\/\/vedlich.info\/index.php?rest_route=\/wp\/v2\/media\/4236"}],"wp:attachment":[{"href":"https:\/\/vedlich.info\/index.php?rest_route=%2Fwp%2Fv2%2Fmedia&parent=4235"}],"wp:term":[{"taxonomy":"category","embeddable":true,"href":"https:\/\/vedlich.info\/index.php?rest_route=%2Fwp%2Fv2%2Fcategories&post=4235"},{"taxonomy":"post_tag","embeddable":true,"href":"https:\/\/vedlich.info\/index.php?rest_route=%2Fwp%2Fv2%2Ftags&post=4235"}],"curies":[{"name":"wp","href":"https:\/\/api.w.org\/{rel}","templated":true}]}}