{"id":4228,"date":"2018-03-28T08:22:56","date_gmt":"2018-03-28T07:22:56","guid":{"rendered":"http:\/\/vedlich.info\/?p=4228"},"modified":"2018-03-28T09:31:32","modified_gmt":"2018-03-28T08:31:32","slug":"4228","status":"publish","type":"post","link":"https:\/\/vedlich.info\/?p=4228","title":{"rendered":"Rekonstrukce budovy muzea v Hradci Kr\u00e1lov\u00e9 za\u010dne v kv\u011btnu"},"content":{"rendered":"<p style=\"text-align: justify;\">V\u00edt\u011bzem v\u00fdb\u011brov\u00e9ho \u0159\u00edzen\u00ed na rekonstrukci budovy Muzea v\u00fdchodn\u00edch \u010cech je sdru\u017een\u00ed firem GEMA ART a Chl\u00e1dek &amp; Tint\u011bra s nab\u00eddkovou cenou 67,6 milionu korun bez DPH. Zastupitel\u00e9 m\u011bsta Hradce Kr\u00e1lov\u00e9 na sv\u00e9m b\u0159eznov\u00e9m zased\u00e1n\u00ed schv\u00e1lili v\u00fdsledek hodnocen\u00ed nab\u00eddek v sout\u011b\u017ei na dodavatele opravy muzea. Chystan\u00e1 revitalizace jedin\u00e9 n\u00e1rodn\u00ed kulturn\u00ed pam\u00e1tky v Hradci Kr\u00e1lov\u00e9, na kterou by mohlo m\u011bsto z\u00edskat dotaci ve v\u00fd\u0161i a\u017e 90 % uznateln\u00fdch n\u00e1klad\u016f, by m\u011bla za\u010d\u00edt v kv\u011btnu. <!--more--><\/p>\n<p style=\"text-align: justify;\">Budova Muzea v\u00fdchodn\u00edch \u010cech architekta Jana Kot\u011bry je na rekonstrukci p\u0159ipraven\u00e1 od konce lo\u0148sk\u00e9ho roku. \u201ePrvn\u00ed v\u00fdb\u011brov\u00e9 \u0159\u00edzen\u00ed na stavebn\u00ed a restaur\u00e1torskou firmu jsme bohu\u017eel museli zru\u0161it z d\u016fvodu v\u00fdrazn\u00e9ho p\u0159ekro\u010den\u00ed p\u0159edpokl\u00e1dan\u00e9 ceny u obou uchaze\u010d\u016f,\u201c \u0159ekl Jind\u0159ich Vedlich, n\u00e1m\u011bstek prim\u00e1tora odpov\u011bdn\u00fd za m\u011bstsk\u00e9 investice. Pokud nebudou n\u00e1mitky proti rozhodnut\u00ed o v\u00fdb\u011bru dodavatele v r\u00e1mci druh\u00e9 sout\u011b\u017ee, stavbu by si v\u00edt\u011bzn\u00e1 firma m\u011bla p\u0159evz\u00edt za\u010d\u00e1tkem kv\u011btna. \u201eJakmile uplyne lh\u016fta pro p\u0159\u00edpadn\u00e1 odvol\u00e1n\u00ed, obratem zah\u00e1j\u00edme proces podpisu smlouvy. Podle n\u00ed budou stavebn\u00ed pr\u00e1ce trvat maxim\u00e1ln\u011b jeden\u00e1ct m\u011bs\u00edc\u016f,\u201c doplnil Vedlich.<\/p>\n<p style=\"text-align: justify;\">Chystan\u00e1 rekonstrukce budovy Muzea v\u00fdchodn\u00edch \u010cech v Hradci Kr\u00e1lov\u00e9 p\u0159inese obyvatel\u016fm a n\u00e1v\u0161t\u011bvn\u00edk\u016fm m\u011bsta celou \u0159adu novinek. Tou nejv\u011bt\u0161\u00ed bude zp\u0159\u00edstupn\u011bn\u00ed terasy u kopule na st\u0159e\u0161e t\u00e9to n\u00e1rodn\u00ed kulturn\u00ed pam\u00e1tky. V Hradci tak bude nov\u00fd v\u00fdhled na \u010d\u00e1st centra m\u011bsta pod\u00e9l labsk\u00e9ho n\u00e1b\u0159e\u017e\u00ed. V budov\u011b vzniknou nov\u00e9 v\u00fdstavn\u00ed prostory, \u010d\u00e1st z nich bude nov\u011b spravovat p\u0159\u00edmo m\u011bsto. V r\u00e1mci rekonstrukce bude pot\u0159eba opravit nebo vym\u011bnit p\u016fvodn\u00ed okna, vitr\u00e1\u017ee a oblo\u017een\u00ed, ve kter\u00e9m jsou okna vsazena. Obnovou projde tak\u00e9 om\u00edtkov\u00e1 a cihlov\u00e1 fas\u00e1da, restaur\u00e1to\u0159i odborn\u011b o\u0161et\u0159\u00ed s\u00e1drov\u00e9 a \u0161tukov\u00e9 om\u00edtky, ka\u0161nu, rampy, schodi\u0161t\u011b a sochy.<\/p>\n","protected":false},"excerpt":{"rendered":"<p>V\u00edt\u011bzem v\u00fdb\u011brov\u00e9ho \u0159\u00edzen\u00ed na rekonstrukci budovy Muzea v\u00fdchodn\u00edch \u010cech je sdru\u017een\u00ed firem GEMA ART a Chl\u00e1dek &amp; Tint\u011bra s nab\u00eddkovou cenou 67,6 milionu korun bez DPH. Zastupitel\u00e9 m\u011bsta Hradce Kr\u00e1lov\u00e9 na sv\u00e9m b\u0159eznov\u00e9m zased\u00e1n\u00ed schv\u00e1lili v\u00fdsledek hodnocen\u00ed nab\u00eddek v sout\u011b\u017ei na dodavatele opravy muzea. Chystan\u00e1 revitalizace jedin\u00e9 n\u00e1rodn\u00ed kulturn\u00ed pam\u00e1tky v Hradci Kr\u00e1lov\u00e9, na kterou [&hellip;]<\/p>\n","protected":false},"author":1,"featured_media":3395,"comment_status":"closed","ping_status":"closed","sticky":false,"template":"","format":"standard","meta":{"_monsterinsights_skip_tracking":false,"_monsterinsights_sitenote_active":false,"_monsterinsights_sitenote_note":"","_monsterinsights_sitenote_category":0,"_uf_show_specific_survey":0,"_uf_disable_surveys":false,"footnotes":""},"categories":[6],"tags":[],"class_list":["post-4228","post","type-post","status-publish","format-standard","has-post-thumbnail","hentry","category-zpravy-z-magistratu"],"aioseo_notices":[],"_links":{"self":[{"href":"https:\/\/vedlich.info\/index.php?rest_route=\/wp\/v2\/posts\/4228","targetHints":{"allow":["GET"]}}],"collection":[{"href":"https:\/\/vedlich.info\/index.php?rest_route=\/wp\/v2\/posts"}],"about":[{"href":"https:\/\/vedlich.info\/index.php?rest_route=\/wp\/v2\/types\/post"}],"author":[{"embeddable":true,"href":"https:\/\/vedlich.info\/index.php?rest_route=\/wp\/v2\/users\/1"}],"replies":[{"embeddable":true,"href":"https:\/\/vedlich.info\/index.php?rest_route=%2Fwp%2Fv2%2Fcomments&post=4228"}],"version-history":[{"count":2,"href":"https:\/\/vedlich.info\/index.php?rest_route=\/wp\/v2\/posts\/4228\/revisions"}],"predecessor-version":[{"id":4230,"href":"https:\/\/vedlich.info\/index.php?rest_route=\/wp\/v2\/posts\/4228\/revisions\/4230"}],"wp:featuredmedia":[{"embeddable":true,"href":"https:\/\/vedlich.info\/index.php?rest_route=\/wp\/v2\/media\/3395"}],"wp:attachment":[{"href":"https:\/\/vedlich.info\/index.php?rest_route=%2Fwp%2Fv2%2Fmedia&parent=4228"}],"wp:term":[{"taxonomy":"category","embeddable":true,"href":"https:\/\/vedlich.info\/index.php?rest_route=%2Fwp%2Fv2%2Fcategories&post=4228"},{"taxonomy":"post_tag","embeddable":true,"href":"https:\/\/vedlich.info\/index.php?rest_route=%2Fwp%2Fv2%2Ftags&post=4228"}],"curies":[{"name":"wp","href":"https:\/\/api.w.org\/{rel}","templated":true}]}}