{"id":4204,"date":"2018-03-07T11:54:36","date_gmt":"2018-03-07T10:54:36","guid":{"rendered":"http:\/\/vedlich.info\/?p=4204"},"modified":"2018-03-07T12:06:06","modified_gmt":"2018-03-07T11:06:06","slug":"hradecti-tridi-stale-vice-a-lepe-smesneho-odpadu-bylo-loni-opet-mene","status":"publish","type":"post","link":"https:\/\/vedlich.info\/?p=4204","title":{"rendered":"Hrade\u010dt\u00ed t\u0159\u00edd\u00ed st\u00e1le v\u00edce a l\u00e9pe, sm\u011bsn\u00e9ho odpadu bylo loni op\u011bt m\u00e9n\u011b"},"content":{"rendered":"<p style=\"text-align: justify;\">Obyvatel\u00e9 Hradce Kr\u00e1lov\u00e9 v lo\u0148sk\u00e9m roce vyprodukovali 14 tis\u00edc tun nevyt\u0159\u00edd\u011bn\u00e9ho komun\u00e1ln\u00edho odpadu. To je o t\u00e9m\u011b\u0159 300 tun m\u00e9n\u011b ne\u017e v p\u0159edchoz\u00edm roce a oproti pr\u016fm\u011bru v letech 2012 \u2013 2015 dokonce o v\u00edce ne\u017e dva a p\u016fl tis\u00edce tun m\u00e9n\u011b. V celkov\u00e9m objemu odpad\u016f hradeck\u00fdch dom\u00e1cnost\u00ed pod\u00edl vyt\u0159\u00edd\u011bn\u00e9ho pap\u00edru, plast\u016f a dal\u0161\u00edch slo\u017eek recyklovateln\u00e9ho odpadu roste, aktu\u00e1ln\u00ed \u010d\u00edsla za odpadov\u00e9 hospod\u00e1\u0159stv\u00ed m\u011bsta potvrzuj\u00ed, \u017ee jeho obyvatel\u00e9 st\u00e1le v\u00edce t\u0159\u00edd\u00ed odpad.<\/p>\n<p style=\"text-align: justify;\"><!--more--><\/p>\n<p style=\"text-align: justify;\">M\u011bsto ve spolupr\u00e1ci se svozovou spole\u010dnost\u00ed Hradeck\u00e9 slu\u017eby p\u0159ed necel\u00fdmi dv\u011bma lety zavedlo projekt T\u0159\u00edd\u00edme v Hradci. D\u00edky n\u011bmu dostaly dom\u00e1cnosti v rodinn\u00fdch domech barevn\u00e9 popelnice na pap\u00edr, plasty a bio odpad. \u201eV t\u011bchto lokalit\u00e1ch klesl objem sm\u011bsn\u00e9ho odpadu a\u017e na polovinu. Letos otestujeme roz\u0161\u00ed\u0159en\u00ed tohoto projektu i na s\u00eddli\u0161ti v bytov\u00fdch domech, kde jsme do byt\u016f po\u0159\u00eddili sady barevn\u00fdch ta\u0161ek na t\u0159i z\u00e1kladn\u00ed komodity recyklovateln\u00e9ho odpadu,\u201c vysv\u011btluje Jind\u0159ich Vedlich, n\u00e1m\u011bstek prim\u00e1tora odpov\u011bdn\u00fd za oblast odpadov\u00e9ho hospod\u00e1\u0159stv\u00ed.<\/p>\n<p style=\"text-align: justify;\">P\u0159ed zaveden\u00edm projektu na ja\u0159e 2016 byl pr\u016fm\u011br produkce sm\u011bsn\u00e9ho komun\u00e1ln\u00edho odpadu z hradeck\u00fdch dom\u00e1cnost\u00ed 16 646 tun (pr\u016fm\u011br za roky 2012 \u2013 2015), od t\u00e9 doby klesl na 14 011 tun v roce 2017. Mno\u017estv\u00ed vyt\u0159\u00edd\u011bn\u00e9ho pap\u00edru vzrostlo z 1555 na 1719 tun, u plastu z 1249 na 1476 tun, u skla z 980 na 1119 tun a u biologicky rozlo\u017eiteln\u00e9ho odpadu ze 4852 na 5588 tun. Ka\u017ed\u00fd z obyvatel m\u011bsta vloni vyt\u0159\u00eddil 18,5 kilo pap\u00edru, 12 kg skla a 15,9 kilogramu plastu, v roce 2015 to bylo 15,8 kg pap\u00edru, 10,1 kg skla a 11,3 kg plastu. Sm\u011bsn\u00e9ho komun\u00e1ln\u00edho odpadu v pr\u016fm\u011bru ka\u017ed\u00fd obyvatel vyprodukoval 158,7 kilogram\u016f, v roce 2015 to p\u0159itom bylo v\u00fdrazn\u011b v\u00edce \u2013 175,4 kilogram\u016f. \u201eProjekt T\u0159\u00edd\u00edme v Hradci m\u00e1 na t\u011bchto \u010d\u00edslech zcela jist\u011b sv\u016fj pod\u00edl. Bez iniciativn\u00edho a pozitivn\u00edho p\u0159\u00edstupu obyvatel k t\u0159\u00edd\u011bn\u00ed odpadu by v\u0161ak m\u011bsto nezmohlo nic, za to jim pat\u0159\u00ed velk\u00e9 pod\u011bkov\u00e1n\u00ed. Jsem r\u00e1d, \u017ee pro \u010d\u00edm d\u00e1l v\u00edce dom\u00e1cnost\u00ed je t\u0159\u00edd\u011bn\u00ed odpadu naprosto p\u0159irozen\u00e9. Na m\u011bst\u011b je pak ji\u017e jen zlep\u0161ov\u00e1n\u00ed podm\u00ednek pro tento p\u0159\u00edstup k hospoda\u0159en\u00ed s odpady,\u201c dodal Vedlich.<\/p>\n<p style=\"text-align: justify;\">\u201eDosavadn\u00ed v\u00fdsledky projektu jsou vynikaj\u00edc\u00ed u\u017e jenom z toho d\u016fvodu, \u017ee do projektu T\u0159\u00edd\u00edme v Hradci byla zat\u00edm zapojena pouze zhruba \u010dtvrtina obyvatel m\u011bsta z jeho okrajov\u00fdch \u010d\u00e1st, a i tak p\u0159inesly v\u00fdznamn\u00e9 sn\u00ed\u017een\u00ed mno\u017estv\u00ed komun\u00e1ln\u00edho odpadu a zv\u00fd\u0161en\u00ed vyt\u0159\u00edd\u011bn\u00ed jeho jednotliv\u00fdch slo\u017eek, p\u0159edev\u0161\u00edm plast\u016f a skla. Biologicky rozlo\u017eiteln\u00fd odpad je nepochybn\u011b tak\u00e9 vy\u0161\u0161\u00ed, ale nedok\u00e1\u017eu posoudit, o kolik v\u00edce neskon\u010dilo ve zbytkov\u00e9m odpadu a kolik lze p\u0159isoudit vy\u0161\u0161\u00edmu p\u0159\u00edr\u016fstku zelen\u00e9 hmoty. Pap\u00edr narostl nejm\u00e9n\u011b, co\u017e je d\u00e1no jeho cenou ve sb\u011brn\u00e1ch a \u0161koln\u00edmi sb\u011bry,\u201c uvedl odpadov\u00fd hospod\u00e1\u0159 m\u011bsta a \u0159editel Hradeck\u00fdch slu\u017eeb Radek Sokol.<\/p>\n<p style=\"text-align: justify;\">Iniciativy a podp\u016frn\u00e9 projekty m\u011bsta a Hradeck\u00fdch slu\u017eeb v oblasti t\u0159\u00edd\u011bn\u00ed odpadu v dom\u00e1cnostech maj\u00ed p\u0159isp\u011bt ke zv\u00fd\u0161en\u00ed pod\u00edlu vyt\u0159\u00edd\u011bn\u00e9ho odpadu a z\u00e1rove\u0148 ke sn\u00ed\u017een\u00ed mno\u017estv\u00ed sm\u011bsn\u00e9ho odpadu odv\u00e1\u017een\u00e9ho na skl\u00e1dku. \u201eC\u00edlem je udr\u017eet m\u00edstn\u00ed poplatek za odpad na sou\u010dasn\u00e9 v\u00fd\u0161i, a to p\u0159esto, \u017ee se chyst\u00e1 z\u00e1kon, kter\u00fd p\u0159inese v\u00fdrazn\u00e9 zv\u00fd\u0161en\u00ed n\u00e1klad\u016f m\u011bsta za ukl\u00e1d\u00e1n\u00ed odpad\u016f na skl\u00e1dky. Pokud poslaneck\u00e1 sn\u011bmovna p\u0159ijme navrhovan\u00e9 zn\u011bn\u00ed z\u00e1kona, bude to pro Hradec Kr\u00e1lov\u00e9 p\u0159i sou\u010dasn\u00e9 \u00farovni produkce sm\u011bsn\u00e9ho komun\u00e1ln\u00edho a objemn\u00e9ho odpadu znamenat teoretick\u00e9 nav\u00fd\u0161en\u00ed n\u00e1klad\u016f v p\u0159\u00ed\u0161t\u00edm roce o 11,3 milionu korun a v roce 2023 dokonce u\u017e o t\u00e9m\u011b\u0159 26 milion\u016f,\u201c upozornil Vedlich.<\/p>\n<p style=\"text-align: justify;\">V Hradci Kr\u00e1lov\u00e9 je na ve\u0159ejn\u00fdch m\u00edstech a u rodinn\u00fdch dom\u016f 19.620 kus\u016f n\u00e1dob na separovan\u00fd odpad. Na 524 stanovi\u0161t\u00edch s kontejnery o objemu 1100 litr\u016f je 615 n\u00e1dob na svoz pap\u00edru, 702 na svoz plastu a 287 kontejner\u016f na sklo. U rodinn\u00fdch dom\u016f v Hradci Kr\u00e1lov\u00e9 je 9.740 hn\u011bd\u00fdch popelnic na vyt\u0159\u00edd\u011bn\u00fd bioodpad, 4671 \u017elut\u00fdch n\u00e1dob na plasty a 3401 modr\u00fdch na sb\u011br pap\u00edru. Dal\u0161\u00ed 204 n\u00e1doby jsou pak na sb\u011br textilu, kovov\u00fdch obal\u016f, n\u00e1pojov\u00fdch karton\u016f vy\u0159azen\u00e9ho elektro, kuchy\u0148sk\u00fdch odpad\u016f a rostlinn\u00fdch olej\u016f.<\/p>\n<p style=\"text-align: justify;\">\n","protected":false},"excerpt":{"rendered":"<p>Obyvatel\u00e9 Hradce Kr\u00e1lov\u00e9 v lo\u0148sk\u00e9m roce vyprodukovali 14 tis\u00edc tun nevyt\u0159\u00edd\u011bn\u00e9ho komun\u00e1ln\u00edho odpadu. To je o t\u00e9m\u011b\u0159 300 tun m\u00e9n\u011b ne\u017e v p\u0159edchoz\u00edm roce a oproti pr\u016fm\u011bru v letech 2012 \u2013 2015 dokonce o v\u00edce ne\u017e dva a p\u016fl tis\u00edce tun m\u00e9n\u011b. V celkov\u00e9m objemu odpad\u016f hradeck\u00fdch dom\u00e1cnost\u00ed pod\u00edl vyt\u0159\u00edd\u011bn\u00e9ho pap\u00edru, plast\u016f a dal\u0161\u00edch slo\u017eek [&hellip;]<\/p>\n","protected":false},"author":1,"featured_media":4208,"comment_status":"closed","ping_status":"closed","sticky":false,"template":"","format":"standard","meta":{"_monsterinsights_skip_tracking":false,"_monsterinsights_sitenote_active":false,"_monsterinsights_sitenote_note":"","_monsterinsights_sitenote_category":0,"_uf_show_specific_survey":0,"_uf_disable_surveys":false,"footnotes":""},"categories":[6],"tags":[],"class_list":["post-4204","post","type-post","status-publish","format-standard","has-post-thumbnail","hentry","category-zpravy-z-magistratu"],"aioseo_notices":[],"_links":{"self":[{"href":"https:\/\/vedlich.info\/index.php?rest_route=\/wp\/v2\/posts\/4204","targetHints":{"allow":["GET"]}}],"collection":[{"href":"https:\/\/vedlich.info\/index.php?rest_route=\/wp\/v2\/posts"}],"about":[{"href":"https:\/\/vedlich.info\/index.php?rest_route=\/wp\/v2\/types\/post"}],"author":[{"embeddable":true,"href":"https:\/\/vedlich.info\/index.php?rest_route=\/wp\/v2\/users\/1"}],"replies":[{"embeddable":true,"href":"https:\/\/vedlich.info\/index.php?rest_route=%2Fwp%2Fv2%2Fcomments&post=4204"}],"version-history":[{"count":4,"href":"https:\/\/vedlich.info\/index.php?rest_route=\/wp\/v2\/posts\/4204\/revisions"}],"predecessor-version":[{"id":4212,"href":"https:\/\/vedlich.info\/index.php?rest_route=\/wp\/v2\/posts\/4204\/revisions\/4212"}],"wp:featuredmedia":[{"embeddable":true,"href":"https:\/\/vedlich.info\/index.php?rest_route=\/wp\/v2\/media\/4208"}],"wp:attachment":[{"href":"https:\/\/vedlich.info\/index.php?rest_route=%2Fwp%2Fv2%2Fmedia&parent=4204"}],"wp:term":[{"taxonomy":"category","embeddable":true,"href":"https:\/\/vedlich.info\/index.php?rest_route=%2Fwp%2Fv2%2Fcategories&post=4204"},{"taxonomy":"post_tag","embeddable":true,"href":"https:\/\/vedlich.info\/index.php?rest_route=%2Fwp%2Fv2%2Ftags&post=4204"}],"curies":[{"name":"wp","href":"https:\/\/api.w.org\/{rel}","templated":true}]}}