{"id":4129,"date":"2017-10-20T08:10:08","date_gmt":"2017-10-20T07:10:08","guid":{"rendered":"http:\/\/vedlich.info\/?p=4129"},"modified":"2017-10-31T08:11:26","modified_gmt":"2017-10-31T07:11:26","slug":"demolice-stadionu-zdarne-pokracuje-strecha-zapadni-tribuny-jde-pryc","status":"publish","type":"post","link":"https:\/\/vedlich.info\/?p=4129","title":{"rendered":"Demolice stadionu zd\u00e1rn\u011b pokra\u010duje. St\u0159echa z\u00e1padn\u00ed tribuny jde pry\u010d!"},"content":{"rendered":"<p style=\"text-align: justify;\">Ji\u017e nen\u00ed \u017e\u00e1dn\u00fd pochyb o tom, \u017ee v\u0161esportovn\u00ed stadion, kter\u00fd vznikl p\u0159ed v\u00edce ne\u017e 50 lety, se v nejbli\u017e\u0161\u00ed dob\u011b nen\u00e1vratn\u011b zm\u011bn\u00ed v novou ar\u00e9nu. O v\u00edkendu zmizela ze z\u00e1padn\u00ed \u010d\u00e1sti v\u011bt\u0161ina seda\u010dek, v t\u00fddnu se pak speci\u00e1ln\u00ed hydraulick\u00e9 n\u016f\u017eky osmat\u0159icetitunov\u00e9ho stroje zakously tak\u00e9 do st\u0159echy z\u00e1padn\u00ed tribuny Mal\u0161ovick\u00e9ho stadionu. Za n\u011bkolik dn\u00ed se d\u011bln\u00edci pust\u00ed do demont\u00e1\u017ee kiosk\u016f. Do zimy by pak m\u011blo zmizet v\u0161e betonov\u00e9.<!--more-->Postup demoli\u010dn\u00edch prac\u00ed stavba\u0159i p\u0159izp\u016fsob\u00ed programu dom\u00e1c\u00edch z\u00e1pas\u016f Votrok\u016f. Pokud v\u0161e p\u016fjde podle pl\u00e1nu, cel\u00e1 tribuna bude pry\u010d do konce tohoto roku. Do konce p\u0159\u00ed\u0161t\u00edho t\u00fddne zmiz\u00ed v\u0161e \u017eelezn\u00e9, za dal\u0161\u00edch dvacet dn\u00ed v\u0161e betonov\u00e9. Bour\u00e1n\u00ed budou zat\u00edm u\u0161et\u0159eny jen osv\u011btlovac\u00ed sto\u017e\u00e1ry. \u201eL\u00edz\u00e1tka budou demontov\u00e1na a\u017e v p\u0159\u00ed\u0161t\u00edm roce a nahrad\u00edme je nov\u00fdmi, ale ni\u017e\u0161\u00edmi i \u00fasporn\u011bj\u0161\u00edmi,&#8220; uvedl \u010dlen p\u0159edstavenstva a n\u00e1m\u011bstek prim\u00e1tora Jind\u0159ich Vedlich. S t\u00edm souvis\u00ed i zachov\u00e1n\u00ed valu na z\u00e1padn\u00ed stran\u011b, kter\u00fd slou\u017e\u00ed pr\u00e1v\u011b k ukotven\u00ed ikonick\u00fdch sv\u011bteln\u00fdch sto\u017e\u00e1r\u016f.<\/p>\n<p style=\"text-align: justify;\">Naopak prot\u011bj\u0161\u00ed v\u00fdchodn\u00ed tribuna se pomalu, ale jist\u011b pln\u00ed seda\u010dkami. Bude zde zachov\u00e1na kapacita 4500 seda\u010dek. Co ur\u010dit\u011b n\u00e1v\u0161t\u011bvn\u00edka fotbalov\u00e9ho utk\u00e1n\u00ed pot\u011b\u0161\u00ed, je nov\u00e9 soci\u00e1ln\u00ed z\u00e1zem\u00ed na obou stran\u00e1ch tribuny, kter\u00e9 se v t\u011bchto dnech dokon\u010duje a na nejbli\u017e\u0161\u00ed z\u00e1pas se Sokolovem bude ji\u017e funk\u010dn\u00ed.<\/p>\n<p style=\"text-align: justify;\">P\u0159ipom\u00edn\u00e1me, \u017ee pro stavbu nov\u00e9ho stadionu z\u00edskalo m\u011bsto Hradec Kr\u00e1lov\u00e9 dv\u011b ze t\u0159\u00ed pot\u0159ebn\u00fdch stavebn\u00edch povolen\u00ed. Radnice m\u00e1 povolen\u00ed na stadion a tak\u00e9 m\u00e1 povolen\u00ed ke stavb\u011b od vodopr\u00e1vn\u00edho \u00fa\u0159adu. Te\u010f zb\u00fdv\u00e1 pouze kladn\u00e9 stanovisko s n\u00e1vrhem napojen\u00ed na okoln\u00ed dopravn\u00ed infrastrukturu.<\/p>\n\n\t\t<style type=\"text\/css\">\n\t\t\t#gallery-1 {\n\t\t\t\tmargin: auto;\n\t\t\t}\n\t\t\t#gallery-1 .gallery-item {\n\t\t\t\tfloat: left;\n\t\t\t\tmargin-top: 10px;\n\t\t\t\ttext-align: center;\n\t\t\t\twidth: 20%;\n\t\t\t}\n\t\t\t#gallery-1 img {\n\t\t\t\tborder: 2px solid #cfcfcf;\n\t\t\t}\n\t\t\t#gallery-1 .gallery-caption {\n\t\t\t\tmargin-left: 0;\n\t\t\t}\n\t\t\t\/* see gallery_shortcode() in wp-includes\/media.php *\/\n\t\t<\/style>\n\t\t<div id='gallery-1' class='gallery galleryid-4129 gallery-columns-5 gallery-size-thumbnail'><dl class='gallery-item'>\n\t\t\t<dt class='gallery-icon landscape'>\n\t\t\t\t<a rel=\"prettyPhoto[postimages]\" href='https:\/\/vedlich.info\/?attachment_id=4130'><img loading=\"lazy\" decoding=\"async\" width=\"200\" height=\"150\" src=\"https:\/\/vedlich.info\/wp-content\/uploads\/2017\/10\/10-12-8-200x150.jpg\" class=\"attachment-thumbnail size-thumbnail\" alt=\"\" \/><\/a>\n\t\t\t<\/dt><\/dl><dl class='gallery-item'>\n\t\t\t<dt class='gallery-icon landscape'>\n\t\t\t\t<a rel=\"prettyPhoto[postimages]\" href='https:\/\/vedlich.info\/?attachment_id=4134'><img loading=\"lazy\" decoding=\"async\" width=\"200\" height=\"150\" src=\"https:\/\/vedlich.info\/wp-content\/uploads\/2017\/10\/10-12-4-200x150.jpg\" class=\"attachment-thumbnail size-thumbnail\" alt=\"\" \/><\/a>\n\t\t\t<\/dt><\/dl><dl class='gallery-item'>\n\t\t\t<dt class='gallery-icon landscape'>\n\t\t\t\t<a rel=\"prettyPhoto[postimages]\" href='https:\/\/vedlich.info\/?attachment_id=4131'><img loading=\"lazy\" decoding=\"async\" width=\"200\" height=\"150\" src=\"https:\/\/vedlich.info\/wp-content\/uploads\/2017\/10\/10-12-2-200x150.jpg\" class=\"attachment-thumbnail size-thumbnail\" alt=\"\" \/><\/a>\n\t\t\t<\/dt><\/dl><dl class='gallery-item'>\n\t\t\t<dt class='gallery-icon landscape'>\n\t\t\t\t<a rel=\"prettyPhoto[postimages]\" href='https:\/\/vedlich.info\/?attachment_id=4132'><img loading=\"lazy\" decoding=\"async\" width=\"200\" height=\"150\" src=\"https:\/\/vedlich.info\/wp-content\/uploads\/2017\/10\/10-12-3-200x150.jpg\" class=\"attachment-thumbnail size-thumbnail\" alt=\"\" \/><\/a>\n\t\t\t<\/dt><\/dl><dl class='gallery-item'>\n\t\t\t<dt class='gallery-icon landscape'>\n\t\t\t\t<a rel=\"prettyPhoto[postimages]\" href='https:\/\/vedlich.info\/?attachment_id=4136'><img loading=\"lazy\" decoding=\"async\" width=\"200\" height=\"150\" src=\"https:\/\/vedlich.info\/wp-content\/uploads\/2017\/10\/10-10-13-200x150.jpg\" class=\"attachment-thumbnail size-thumbnail\" alt=\"\" \/><\/a>\n\t\t\t<\/dt><\/dl><br style=\"clear: both\" \/><dl class='gallery-item'>\n\t\t\t<dt class='gallery-icon landscape'>\n\t\t\t\t<a rel=\"prettyPhoto[postimages]\" href='https:\/\/vedlich.info\/?attachment_id=4135'><img loading=\"lazy\" decoding=\"async\" width=\"200\" height=\"150\" src=\"https:\/\/vedlich.info\/wp-content\/uploads\/2017\/10\/10-10-8-200x150.jpg\" class=\"attachment-thumbnail size-thumbnail\" alt=\"\" \/><\/a>\n\t\t\t<\/dt><\/dl><dl class='gallery-item'>\n\t\t\t<dt class='gallery-icon landscape'>\n\t\t\t\t<a rel=\"prettyPhoto[postimages]\" href='https:\/\/vedlich.info\/?attachment_id=4133'><img loading=\"lazy\" decoding=\"async\" width=\"200\" height=\"150\" src=\"https:\/\/vedlich.info\/wp-content\/uploads\/2017\/10\/10-12-5-200x150.jpg\" class=\"attachment-thumbnail size-thumbnail\" alt=\"\" \/><\/a>\n\t\t\t<\/dt><\/dl>\n\t\t\t<br style='clear: both' \/>\n\t\t<\/div>\n\n","protected":false},"excerpt":{"rendered":"<p>Ji\u017e nen\u00ed \u017e\u00e1dn\u00fd pochyb o tom, \u017ee v\u0161esportovn\u00ed stadion, kter\u00fd vznikl p\u0159ed v\u00edce ne\u017e 50 lety, se v nejbli\u017e\u0161\u00ed dob\u011b nen\u00e1vratn\u011b zm\u011bn\u00ed v novou ar\u00e9nu. O v\u00edkendu zmizela ze z\u00e1padn\u00ed \u010d\u00e1sti v\u011bt\u0161ina seda\u010dek, v t\u00fddnu se pak speci\u00e1ln\u00ed hydraulick\u00e9 n\u016f\u017eky osmat\u0159icetitunov\u00e9ho stroje zakously tak\u00e9 do st\u0159echy z\u00e1padn\u00ed tribuny Mal\u0161ovick\u00e9ho stadionu. Za n\u011bkolik dn\u00ed se d\u011bln\u00edci [&hellip;]<\/p>\n","protected":false},"author":1,"featured_media":4137,"comment_status":"closed","ping_status":"closed","sticky":false,"template":"","format":"standard","meta":{"_monsterinsights_skip_tracking":false,"_monsterinsights_sitenote_active":false,"_monsterinsights_sitenote_note":"","_monsterinsights_sitenote_category":0,"_uf_show_specific_survey":0,"_uf_disable_surveys":false,"footnotes":""},"categories":[6],"tags":[],"class_list":["post-4129","post","type-post","status-publish","format-standard","has-post-thumbnail","hentry","category-zpravy-z-magistratu"],"aioseo_notices":[],"_links":{"self":[{"href":"https:\/\/vedlich.info\/index.php?rest_route=\/wp\/v2\/posts\/4129","targetHints":{"allow":["GET"]}}],"collection":[{"href":"https:\/\/vedlich.info\/index.php?rest_route=\/wp\/v2\/posts"}],"about":[{"href":"https:\/\/vedlich.info\/index.php?rest_route=\/wp\/v2\/types\/post"}],"author":[{"embeddable":true,"href":"https:\/\/vedlich.info\/index.php?rest_route=\/wp\/v2\/users\/1"}],"replies":[{"embeddable":true,"href":"https:\/\/vedlich.info\/index.php?rest_route=%2Fwp%2Fv2%2Fcomments&post=4129"}],"version-history":[{"count":2,"href":"https:\/\/vedlich.info\/index.php?rest_route=\/wp\/v2\/posts\/4129\/revisions"}],"predecessor-version":[{"id":4139,"href":"https:\/\/vedlich.info\/index.php?rest_route=\/wp\/v2\/posts\/4129\/revisions\/4139"}],"wp:featuredmedia":[{"embeddable":true,"href":"https:\/\/vedlich.info\/index.php?rest_route=\/wp\/v2\/media\/4137"}],"wp:attachment":[{"href":"https:\/\/vedlich.info\/index.php?rest_route=%2Fwp%2Fv2%2Fmedia&parent=4129"}],"wp:term":[{"taxonomy":"category","embeddable":true,"href":"https:\/\/vedlich.info\/index.php?rest_route=%2Fwp%2Fv2%2Fcategories&post=4129"},{"taxonomy":"post_tag","embeddable":true,"href":"https:\/\/vedlich.info\/index.php?rest_route=%2Fwp%2Fv2%2Ftags&post=4129"}],"curies":[{"name":"wp","href":"https:\/\/api.w.org\/{rel}","templated":true}]}}