{"id":4123,"date":"2017-10-25T08:51:36","date_gmt":"2017-10-25T07:51:36","guid":{"rendered":"http:\/\/vedlich.info\/?p=4123"},"modified":"2017-10-25T09:00:33","modified_gmt":"2017-10-25T08:00:33","slug":"do-bytu-mesto-lidem-koupi-tasky-na-trideny-odpad","status":"publish","type":"post","link":"https:\/\/vedlich.info\/?p=4123","title":{"rendered":"Do byt\u016f m\u011bsto lidem koup\u00ed ta\u0161ky na t\u0159\u00edd\u011bn\u00fd odpad"},"content":{"rendered":"<p style=\"text-align: justify;\">A\u017e na polovinu klesl pod\u00edl nevyt\u0159\u00edd\u011bn\u00e9ho komun\u00e1ln\u00edho odpadu u rodinn\u00fdch dom\u016f, kter\u00e9 m\u011bsto v minul\u00e9m roce vybavilo popelnicemi na pap\u00edr a plasty. Nyn\u00ed chce hradeck\u00e1 radnice v t\u0159\u00edd\u011bn\u00ed odpadu podpo\u0159it i obyvatele byt\u016f. Nakoup\u00ed pro n\u011b barevn\u00e9 speci\u00e1ln\u00ed ta\u0161ky, do kter\u00fdch budou lid\u00e9 moci odkl\u00e1dat t\u0159i z\u00e1kladn\u00ed komodity recyklovateln\u00e9ho odpadu, tedy pap\u00edr, plasty a sklo. Pilotn\u011b se tento projekt odzkou\u0161\u00ed ve vybran\u00fdch ulic\u00edch na hradeck\u00e9m Pra\u017esk\u00e9m P\u0159edm\u011bst\u00ed, pokud se syst\u00e9m osv\u011bd\u010d\u00ed, postupn\u011b se takto vybav\u00ed byty i v dal\u0161\u00edch oblastech m\u011bsta.<!--more--><\/p>\n<p style=\"text-align: justify;\">T\u0159\u00edd\u011bn\u00ed odpad\u016f v bytech je pro spoustu dom\u00e1cnost\u00ed komplikovan\u011bj\u0161\u00ed vzhledem k omezen\u00e9mu prostoru a pom\u011brn\u011b vysok\u00fdm n\u00e1klad\u016f na po\u0159\u00edzen\u00ed vhodn\u00fdch n\u00e1dob pro r\u016fzn\u00e9 druhy odpadu. \u201eLid\u00e9 v rodinn\u00fdch domech maj\u00ed p\u0159ece jen v\u00edce prostoru pro uchov\u00e1n\u00ed skla nebo pap\u00edru, pokud maj\u00ed i svoji barevnou popelnici, t\u0159\u00edd\u011bn\u00ed odpadu je tak pro n\u011b snadn\u011bj\u0161\u00ed,\u201c \u0159\u00edk\u00e1 n\u00e1m\u011bstek prim\u00e1tora Jind\u0159ich Vedlich, odpov\u011bdn\u00fd za odpadov\u00e9 hospod\u00e1\u0159stv\u00ed. M\u011bsto do byt\u016f lidem po\u0159\u00edd\u00ed praktick\u00e9 barevn\u00e9 ta\u0161ky z pevn\u011bj\u0161\u00edho materi\u00e1lu. \u201eTyto ta\u0161ky jsou nav\u00edc omyvateln\u00e9 a skl\u00e1dac\u00ed. Jde o pom\u011brn\u011b jednoduch\u00e9 \u0159e\u0161en\u00ed, jak lidem v bytech usnadnit a vytvo\u0159it lep\u0161\u00ed podm\u00ednky pro t\u0159\u00edd\u011bn\u00ed odpadu,\u201c dod\u00e1v\u00e1 Vedlich.<\/p>\n<p style=\"text-align: justify;\">V prvn\u00ed vln\u011b se nakoup\u00ed dva tis\u00edce sad ta\u0161ek pro t\u0159i z\u00e1kladn\u00ed druhy t\u0159\u00edd\u011bn\u00e9ho odpadu. \u201ePro odzkou\u0161en\u00ed z\u00e1m\u011bru se vybere n\u011bkolik ulic s bytov\u00fdmi domy na Pra\u017esk\u00e9m P\u0159edm\u011bst\u00ed. Od ledna p\u0159\u00ed\u0161t\u00edho roku si lid\u00e9 budou moci ta\u0161ky vyzvednout v informa\u010dn\u00edm centru na Eli\u0161\u010din\u011b n\u00e1b\u0159e\u017e\u00ed,\u201c \u0159\u00edk\u00e1 Radek Sokol, \u0159editel Hradeck\u00fdch slu\u017eeb, kter\u00e9 ve m\u011bst\u011b zaji\u0161\u0165uj\u00ed svoz odpadu. \u201ePodle toho, jak budou dom\u00e1cnosti reagovat a jak se v oblasti bude da\u0159it zvy\u0161ovat pod\u00edl t\u0159\u00edd\u011bn\u00e9ho odpadu na \u00fakor sm\u011bsn\u00e9ho, ta\u0161ky postupn\u011b nab\u00eddneme i dal\u0161\u00edm dom\u00e1cnostem. U\u017e prvn\u00edm testem bude samotn\u00fd z\u00e1jem o tyto barevn\u00e9 ta\u0161ky,\u201c dopl\u0148uje Sokol.<\/p>\n<p style=\"text-align: justify;\">Od lo\u0148sk\u00e9ho jara se do projektu \u201eT\u0159\u00edd\u00edme v Hradci\u201c zapojilo celkem 4.860 dom\u00e1cnost\u00ed v rodinn\u00fdch domech, co\u017e p\u0159edstavuje zhruba \u010dtvrtinu obyvatel m\u011bsta. Na podporu t\u0159\u00edd\u011bn\u00ed odpadu v t\u011bchto lokalit\u00e1ch m\u011bsto rozdalo 3.265 nov\u00fdch n\u00e1dob na pap\u00edr a 4.383 n\u00e1dob na plast. \u201eJen za rok 2016 se sn\u00ed\u017eil objem net\u0159\u00edd\u011bn\u00e9ho odpadu o v\u00edce ne\u017e 1.200 tun, v oblastech zapojen\u00fdch do projektu se poda\u0159ilo sn\u00ed\u017eit mno\u017estv\u00ed tohoto odpadu na polovinu,\u201c dod\u00e1v\u00e1 n\u00e1m\u011bstek Vedlich. Ve srovn\u00e1n\u00ed s pr\u016fm\u011brn\u00fdm mno\u017estv\u00edm t\u0159\u00edd\u011bn\u00e9ho odpadu p\u0159ed startem projektu do\u0161lo b\u011bhem roku 2016 u dot\u010den\u00fdch rodinn\u00fdch dom\u016f k n\u00e1r\u016fstu vyt\u0159\u00edd\u011bn\u00e9ho pap\u00edru o 21 %, o 62 % u plast\u016f a o 15 % u biologicky rozlo\u017eiteln\u00e9ho odpadu.<\/p>\n<p style=\"text-align: justify;\">V Hradci Kr\u00e1lov\u00e9 je k 30. \u010dervnu 2017 celkem 19.620 n\u00e1dob separovan\u00fd odpad. Na takzvan\u00fdch sb\u011brn\u00fdch hn\u00edzdech s kontejnery na 1.100 litr\u016f je ve m\u011bst\u011b 615 kontejner\u016f na pap\u00edr, 702 na plasty a 287 kontejner\u016f na sklo. Dal\u0161\u00edch 4.875 rodinn\u00fdch dom\u016f m\u00e1 4.671 n\u00e1dob na sb\u011br plastu a 3.401 n\u00e1dob na pap\u00edr. Ve m\u011bst\u011b jsou tak\u00e9 n\u00e1doby na sb\u011br textilu, kovov\u00fdch obal\u016f, n\u00e1pojov\u00fdch karton\u016f, vy\u0159azen\u00e9ho elektro, kuchy\u0148sk\u00fdch odpad\u016f a rostlinn\u00fdch olej\u016f, kter\u00fdch je celkem 204 kus\u016f. Dal\u0161\u00edch 9.740 n\u00e1dob ve m\u011bst\u011b je ur\u010deno na vyt\u0159\u00edd\u011bn\u00fd bioodpad.<\/p>\n<p style=\"text-align: justify;\">V roce 2016 ka\u017ed\u00fd obyvatel m\u011bsta vyt\u0159\u00eddil pr\u016fm\u011brn\u011b 17,4 kilogramu pap\u00edru, 13,9 kg plastu, 12,1 kg skla a 83,7 kg bioodpadu. Naproti tomu vyprodukoval 163,1 kg sm\u011bsn\u00e9ho odpadu a 23,5 kg objemn\u00fdch odpad\u016f.<\/p>\n","protected":false},"excerpt":{"rendered":"<p>A\u017e na polovinu klesl pod\u00edl nevyt\u0159\u00edd\u011bn\u00e9ho komun\u00e1ln\u00edho odpadu u rodinn\u00fdch dom\u016f, kter\u00e9 m\u011bsto v minul\u00e9m roce vybavilo popelnicemi na pap\u00edr a plasty. Nyn\u00ed chce hradeck\u00e1 radnice v t\u0159\u00edd\u011bn\u00ed odpadu podpo\u0159it i obyvatele byt\u016f. Nakoup\u00ed pro n\u011b barevn\u00e9 speci\u00e1ln\u00ed ta\u0161ky, do kter\u00fdch budou lid\u00e9 moci odkl\u00e1dat t\u0159i z\u00e1kladn\u00ed komodity recyklovateln\u00e9ho odpadu, tedy pap\u00edr, plasty a sklo. [&hellip;]<\/p>\n","protected":false},"author":1,"featured_media":4124,"comment_status":"closed","ping_status":"closed","sticky":false,"template":"","format":"standard","meta":{"_monsterinsights_skip_tracking":false,"_monsterinsights_sitenote_active":false,"_monsterinsights_sitenote_note":"","_monsterinsights_sitenote_category":0,"_uf_show_specific_survey":0,"_uf_disable_surveys":false,"footnotes":""},"categories":[6],"tags":[],"class_list":["post-4123","post","type-post","status-publish","format-standard","has-post-thumbnail","hentry","category-zpravy-z-magistratu"],"aioseo_notices":[],"_links":{"self":[{"href":"https:\/\/vedlich.info\/index.php?rest_route=\/wp\/v2\/posts\/4123","targetHints":{"allow":["GET"]}}],"collection":[{"href":"https:\/\/vedlich.info\/index.php?rest_route=\/wp\/v2\/posts"}],"about":[{"href":"https:\/\/vedlich.info\/index.php?rest_route=\/wp\/v2\/types\/post"}],"author":[{"embeddable":true,"href":"https:\/\/vedlich.info\/index.php?rest_route=\/wp\/v2\/users\/1"}],"replies":[{"embeddable":true,"href":"https:\/\/vedlich.info\/index.php?rest_route=%2Fwp%2Fv2%2Fcomments&post=4123"}],"version-history":[{"count":4,"href":"https:\/\/vedlich.info\/index.php?rest_route=\/wp\/v2\/posts\/4123\/revisions"}],"predecessor-version":[{"id":4128,"href":"https:\/\/vedlich.info\/index.php?rest_route=\/wp\/v2\/posts\/4123\/revisions\/4128"}],"wp:featuredmedia":[{"embeddable":true,"href":"https:\/\/vedlich.info\/index.php?rest_route=\/wp\/v2\/media\/4124"}],"wp:attachment":[{"href":"https:\/\/vedlich.info\/index.php?rest_route=%2Fwp%2Fv2%2Fmedia&parent=4123"}],"wp:term":[{"taxonomy":"category","embeddable":true,"href":"https:\/\/vedlich.info\/index.php?rest_route=%2Fwp%2Fv2%2Fcategories&post=4123"},{"taxonomy":"post_tag","embeddable":true,"href":"https:\/\/vedlich.info\/index.php?rest_route=%2Fwp%2Fv2%2Ftags&post=4123"}],"curies":[{"name":"wp","href":"https:\/\/api.w.org\/{rel}","templated":true}]}}