{"id":4118,"date":"2017-10-17T08:08:42","date_gmt":"2017-10-17T07:08:42","guid":{"rendered":"http:\/\/vedlich.info\/?p=4118"},"modified":"2017-10-17T08:09:51","modified_gmt":"2017-10-17T07:09:51","slug":"4118","status":"publish","type":"post","link":"https:\/\/vedlich.info\/?p=4118","title":{"rendered":"Hradec Kr\u00e1lov\u00e9 \u0161et\u0159\u00ed pen\u00edze instalac\u00ed \u010derven\u00fdch kontejner\u016f na elektroodpad"},"content":{"rendered":"<p style=\"text-align: justify;\">V Hradci Kr\u00e1lov\u00e9 p\u0159ibylo 53 nov\u00fdch \u010derven\u00fdch kontejner\u016f na elektroodpad. Hradeck\u00e1 radnice si od tohoto kroku slibuje sn\u00ed\u017een\u00ed n\u00e1klad\u016f na likvidaci star\u00e9ho \u010di vyslou\u017eil\u00e9ho elektroza\u0159\u00edzen\u00ed, kter\u00e9 jsou pro obec v p\u0159\u00edpad\u011b vyu\u017eit\u00ed \u010derven\u00e9ho kontejneru nulov\u00e9. Naopak vyhozen\u00ed star\u00e9ho elektra do sm\u011bsn\u00e9ho odpadu stoj\u00ed m\u011bsto v pr\u016fm\u011bru 2 612 korun za tunu, p\u0159i\u010dem\u017e ka\u017ed\u00fd obyvatel v \u010cesk\u00e9 republice vyprodukuje p\u016fl tuny sm\u011bsn\u00e9ho odpadu ro\u010dn\u011b. <!--more--><\/p>\n<p style=\"text-align: justify;\">Spole\u010dnost ASEKOL, kter\u00e1 se se zab\u00fdv\u00e1 zp\u011btn\u00fdm odb\u011brem a recyklac\u00ed vyslou\u017eil\u00fdch elektrospot\u0159ebi\u010d\u016f, p\u0159edala na za\u010d\u00e1tku \u0159\u00edjna nov\u00e9 kontejnery z\u00e1stupc\u016fm m\u011bsta Hradec Kr\u00e1lov\u00e9. \u201ePo \u00fasp\u011b\u0161n\u00e9m projektu T\u0159\u00edd\u00edme v Hradci se jedn\u00e1 o dal\u0161\u00ed krok, d\u00edky kter\u00e9mu dojde ke zv\u00fd\u0161en\u00ed efektivity odpadov\u00e9ho hospod\u00e1\u0159stv\u00ed v Hradci Kr\u00e1lov\u00e9. \u010cerven\u00e9 kontejnery nab\u00eddnou na\u0161im ob\u010dan\u016fm mo\u017enost zbavit se elektroodpadu v bl\u00edzkosti sv\u00e9ho bydli\u0161t\u011b a z\u00e1rove\u0148 se m\u011bstu sn\u00ed\u017e\u00ed n\u00e1klady pro likvidaci tohoto druhu odpadu,\u201c \u0159\u00edk\u00e1 hradeck\u00fd n\u00e1m\u011bstek prim\u00e1tora Jind\u0159ich Vedlich, zodpov\u011bdn\u00fd za rozvoj m\u011bsta a jeho odpadov\u00e9 hospod\u00e1\u0159stv\u00ed.<\/p>\n<p style=\"text-align: justify;\">Ob\u010dan\u00e9 Hradce Kr\u00e1lov\u00e9 maj\u00ed op\u011bt v\u00edce mo\u017enost\u00ed, kam jednodu\u0161e odn\u00e9st nepot\u0159ebn\u00e9 elektrospot\u0159ebi\u010de jako jsou f\u00e9ny, \u017eehli\u010dky, mix\u00e9ry, varn\u00e9 konvice, kl\u00e1vesnice a dal\u0161\u00ed. Star\u00e9 elektro d\u00edky tomu nekon\u010d\u00ed ve sm\u011bsn\u00e9m komun\u00e1ln\u00edm odpadu, tedy na skl\u00e1dce nebo ve spalovn\u011b, ale je recyklov\u00e1no s ohledem na \u017eivotn\u00ed prost\u0159ed\u00ed. Nap\u0159\u00edklad d\u00edky zp\u011btn\u00e9mu odb\u011bru 100 ks mobiln\u00edch telefon\u016f dojde k \u00faspo\u0159e elektrick\u00e9 energie ve v\u00fd\u0161i 0,475 MWh. Stejn\u00e9 mno\u017estv\u00ed energie spot\u0159ebuje nap\u0159. 60 W \u017e\u00e1rovka sv\u00edt\u00edc\u00ed nep\u0159etr\u017eit\u011b 11 m\u011bs\u00edc\u016f.<\/p>\n","protected":false},"excerpt":{"rendered":"<p>V Hradci Kr\u00e1lov\u00e9 p\u0159ibylo 53 nov\u00fdch \u010derven\u00fdch kontejner\u016f na elektroodpad. Hradeck\u00e1 radnice si od tohoto kroku slibuje sn\u00ed\u017een\u00ed n\u00e1klad\u016f na likvidaci star\u00e9ho \u010di vyslou\u017eil\u00e9ho elektroza\u0159\u00edzen\u00ed, kter\u00e9 jsou pro obec v p\u0159\u00edpad\u011b vyu\u017eit\u00ed \u010derven\u00e9ho kontejneru nulov\u00e9. Naopak vyhozen\u00ed star\u00e9ho elektra do sm\u011bsn\u00e9ho odpadu stoj\u00ed m\u011bsto v pr\u016fm\u011bru 2 612 korun za tunu, p\u0159i\u010dem\u017e ka\u017ed\u00fd obyvatel v [&hellip;]<\/p>\n","protected":false},"author":1,"featured_media":4119,"comment_status":"closed","ping_status":"closed","sticky":false,"template":"","format":"standard","meta":{"_monsterinsights_skip_tracking":false,"_monsterinsights_sitenote_active":false,"_monsterinsights_sitenote_note":"","_monsterinsights_sitenote_category":0,"_uf_show_specific_survey":0,"_uf_disable_surveys":false,"footnotes":""},"categories":[6],"tags":[],"class_list":["post-4118","post","type-post","status-publish","format-standard","has-post-thumbnail","hentry","category-zpravy-z-magistratu"],"aioseo_notices":[],"_links":{"self":[{"href":"https:\/\/vedlich.info\/index.php?rest_route=\/wp\/v2\/posts\/4118","targetHints":{"allow":["GET"]}}],"collection":[{"href":"https:\/\/vedlich.info\/index.php?rest_route=\/wp\/v2\/posts"}],"about":[{"href":"https:\/\/vedlich.info\/index.php?rest_route=\/wp\/v2\/types\/post"}],"author":[{"embeddable":true,"href":"https:\/\/vedlich.info\/index.php?rest_route=\/wp\/v2\/users\/1"}],"replies":[{"embeddable":true,"href":"https:\/\/vedlich.info\/index.php?rest_route=%2Fwp%2Fv2%2Fcomments&post=4118"}],"version-history":[{"count":2,"href":"https:\/\/vedlich.info\/index.php?rest_route=\/wp\/v2\/posts\/4118\/revisions"}],"predecessor-version":[{"id":4121,"href":"https:\/\/vedlich.info\/index.php?rest_route=\/wp\/v2\/posts\/4118\/revisions\/4121"}],"wp:featuredmedia":[{"embeddable":true,"href":"https:\/\/vedlich.info\/index.php?rest_route=\/wp\/v2\/media\/4119"}],"wp:attachment":[{"href":"https:\/\/vedlich.info\/index.php?rest_route=%2Fwp%2Fv2%2Fmedia&parent=4118"}],"wp:term":[{"taxonomy":"category","embeddable":true,"href":"https:\/\/vedlich.info\/index.php?rest_route=%2Fwp%2Fv2%2Fcategories&post=4118"},{"taxonomy":"post_tag","embeddable":true,"href":"https:\/\/vedlich.info\/index.php?rest_route=%2Fwp%2Fv2%2Ftags&post=4118"}],"curies":[{"name":"wp","href":"https:\/\/api.w.org\/{rel}","templated":true}]}}