{"id":4109,"date":"2017-10-16T07:48:51","date_gmt":"2017-10-16T06:48:51","guid":{"rendered":"http:\/\/vedlich.info\/?p=4109"},"modified":"2017-10-16T08:00:22","modified_gmt":"2017-10-16T07:00:22","slug":"hradecko-pardubicka-aglomerace-dala-zelenou-dalsi-skupine-projektu","status":"publish","type":"post","link":"https:\/\/vedlich.info\/?p=4109","title":{"rendered":"Hradecko-pardubick\u00e1 aglomerace dala zelenou dal\u0161\u00ed skupin\u011b projekt\u016f"},"content":{"rendered":"<p>Hradecko-pardubick\u00e1 aglomerace poskytne dal\u0161\u00ed dotace z Evropsk\u00e9 unie na v\u00fdznamn\u00e9 v\u00fdchodo\u010desk\u00e9 projekty. Podporu na v\u010derej\u0161\u00edm jedn\u00e1n\u00ed \u0158\u00edd\u00edc\u00edho v\u00fdboru ITI z\u00edskaly projekty z\u00e1kladn\u00edch \u0161kol, nov\u00fdch cyklostezek, revitalizace pam\u00e1tek nebo tak\u00e9 v\u00fdzkumn\u00e9 aktivity Univerzity Pardubice a prvn\u00ed projekty z podnikatelsk\u00e9ho sektoru. S podporou evropsk\u00fdch pen\u011bz nap\u0159\u00edklad za\u010dne stavba cyklostezky z Hradce Kr\u00e1lov\u00e9 do Pardubic, \u010di rekonstrukce kr\u00e1lov\u00e9hradeck\u00e9ho Muzea v\u00fdchodn\u00edch \u010cech. Dotace EU pomohou tak\u00e9 rozvoji pardubick\u00e9 spole\u010dnosti zab\u00fdvaj\u00edc\u00ed se kosmick\u00fdm v\u00fdzkumem.<\/p>\n<p><!--more--><\/p>\n<p>\u201e\u0158\u00eddic\u00ed v\u00fdbor ITI vydal kladn\u00e9 stanovisko o souladu projektov\u00e9ho z\u00e1m\u011bru se Strategi\u00ed ITI celkem jeden\u00e1cti projekt\u016fm za v\u00edce ne\u017e 230 milion\u016f korun dota\u010dn\u00edch. Naopak \u010dty\u0159i projektov\u00e9 z\u00e1m\u011bry byly jejich p\u0159edkladatel\u016fm kv\u016fli nedostatk\u016fm vr\u00e1ceny k dopracov\u00e1n\u00ed, a to s mo\u017enost\u00ed op\u011btovn\u00e9ho p\u0159edlo\u017een\u00ed,\u201c \u0159\u00edk\u00e1 p\u0159edseda \u0158\u00eddic\u00edho v\u00fdboru ITI a prim\u00e1tor m\u011bsta Pardubic Martin Charv\u00e1t. Statut\u00e1rn\u00ed m\u011bsto Pardubice p\u0159itom z\u00edskalo podporu pro realizaci cyklostezky vedouc\u00ed ze Sv\u00edtkova do Srnojed za v\u00edce ne\u017e \u0161est milion\u016f korun, jej\u00ed\u017e v\u00fdstavba za\u010dala v t\u011bchto dnech.<\/p>\n<p>Mezi nejv\u00fdznamn\u011bj\u0161\u00ed projekty, jejich\u017e realizaci \u0158\u00eddic\u00ed v\u00fdbor ITI podpo\u0159il, pat\u0159\u00ed prvn\u00ed \u010d\u00e1st cyklostezky Mechu a Pern\u00edku z Hradce Kr\u00e1lov\u00e9 do Pardubic. Komunikace mezi Hradcem Kr\u00e1lov\u00e9 a Vysokou nad Labem bude zhruba p\u011bt kilometr\u016f dlouh\u00e1 a Unie na ni p\u0159isp\u011bje 34 miliony korun. \u201eFyzick\u00e1 realizace t\u00e9to \u010d\u00e1sti Labsk\u00e9 cyklostezky by m\u011bla b\u00fdt zah\u00e1jena v \u00fanoru \u010di b\u0159eznu 2018, a to v z\u00e1vislosti na klimatick\u00fdch podm\u00ednk\u00e1ch. O dal\u0161\u00edch \u00fasec\u00edch jsou vedena intenzivn\u00ed jedn\u00e1n\u00ed. V \u00faseku mezi Vysokou nad Labem a Opatovicemi nad Labem bylo zah\u00e1jeno projektov\u00e1n\u00ed, p\u0159i\u010dem\u017e realizaci lze v p\u0159\u00edpad\u011b pot\u0159ebn\u00fdch finan\u010dn\u00edch prost\u0159edk\u016f o\u010dek\u00e1vat b\u011bhem roku 2019. Ve stejn\u00e9m stavu p\u0159ipravenosti je tak\u00e9 \u010d\u00e1st vedouc\u00ed z D\u0159\u00edt\u010de do N\u011bm\u010dic. Nejhor\u0161\u00ed situace je v p\u0159\u00edpad\u011b \u00faseku Opatovice nad Labem \u2013 D\u0159\u00edte\u010d, kter\u00fd se za\u010dne projektovat nejd\u0159\u00edve v roce 2018,\u201c vysv\u011btluje n\u00e1m\u011bstek prim\u00e1tora m\u011bsta Hradec Kr\u00e1lov\u00e9 Jind\u0159ich Vedlich.<\/p>\n<p>M\u011bsto Hradec Kr\u00e1lov\u00e9 z\u00edskalo tak\u00e9 dotaci ve v\u00fd\u0161i 76,5 milion\u016f korun pro sv\u016fj projekt revitalizace budovy Muzea v\u00fdchodn\u00edch \u010cech. \u201eV r\u00e1mci projektu bude \u0159e\u0161en nevyhovuj\u00edc\u00ed stavebn\u011b-technick\u00fd stav n\u011bkter\u00fdch konstrukc\u00ed a nevhodn\u00e9 z\u00e1sahy, kter\u00e9 byly na objektu provedeny v minul\u00fdch letech. Sou\u010d\u00e1st\u00ed revitalizace bude tak\u00e9 zp\u0159\u00edstupn\u011bn\u00ed terasy v nejvy\u0161\u0161\u00edm podla\u017e\u00ed objektu s kr\u00e1snou vyhl\u00eddkou na star\u00e9 m\u011bsto,\u201c popisuje vedouc\u00ed odboru strategick\u00e9ho pl\u00e1nov\u00e1n\u00ed a projektov\u00e9ho \u0159\u00edzen\u00ed Karel V\u00edt.<\/p>\n<p>Podporu z\u00edskaly tak\u00e9 prvn\u00ed projekty v r\u00e1mci v\u00fdzev pro drobn\u00e9 a st\u0159edn\u00ed podnikatele. Usp\u011bly nap\u0159\u00edklad dva z\u00e1m\u011bry pardubick\u00e9 firmy TOSEDA, kter\u00e1 se zam\u011b\u0159uje na kosmick\u00fd v\u00fdzkum. Jejich c\u00edlem je v\u00fdstavba a vybaven\u00ed laborato\u0159\u00ed pro v\u00fdvoj a testov\u00e1n\u00ed pokro\u010dil\u00fdch materi\u00e1l\u016f pro kosmick\u00e9 aplikace a pr\u016fmyslov\u00fd v\u00fdzkum a experiment\u00e1ln\u00ed v\u00fdvoj pokro\u010dil\u00fdch materi\u00e1l\u016f pro kosmick\u00e9 aplikace prim\u00e1rn\u011b na b\u00e1zi sofistikovan\u00fdch polymer\u016f a nanostrukur v celkov\u00e9 dotaci 34 milion\u016f korun. \u0158\u00edd\u00edc\u00ed v\u00fdbor ITI schv\u00e1lil tak\u00e9 projekt Univerzity Pardubice v hodnot\u011b 60 milion\u016f korun dota\u010dn\u00edch zam\u011b\u0159en\u00fd na spolupr\u00e1ci univerzity a aplika\u010dn\u00ed sf\u00e9ry v aplika\u010dn\u011b orientovan\u00e9m v\u00fdzkumu loka\u010dn\u00edch, detek\u010dn\u00edch a simula\u010dn\u00edch syst\u00e9m\u016f pro dopravn\u00ed a p\u0159epravn\u00ed procesy. Spolupracovat na projektu bude \u0159ada v\u00fdznamn\u00fdch lok\u00e1ln\u00edch firem, nap\u0159\u00edklad ERA nebo RETIA.<\/p>\n<p>Prvn\u00ed v\u00fdzvy vypsala Hradecko-pardubick\u00e1 aglomerace na podzim lo\u0148sk\u00e9ho roku. \u201eDo dne\u0161n\u00edho dne bylo schv\u00e1leno \u010dty\u0159icet t\u0159i projektov\u00fdch z\u00e1m\u011br\u016f za v\u00edce ne\u017e 1,2 mld. Do konce roku 2017 pl\u00e1nujeme vypsat dal\u0161\u00edch p\u011bt v\u00fdzev nositele, a to za v\u00edce ne\u017e 300 milion\u016f korun. Jednat by se m\u011blo o projekty z oblasti dopravy, pam\u00e1tek a podnikatelsk\u00e9ho sektoru. V roce 2018 bude vyps\u00e1no dal\u0161\u00edch dvacet t\u0159i v\u00fdzev za t\u00e9m\u011b\u0159 1,3 miliardy korun,\u201c dod\u00e1v\u00e1 mana\u017eer ITI Miroslav Janovsk\u00fd.<\/p>\n<p>V\u00edce informac\u00ed naleznete na str\u00e1nk\u00e1ch http:\/\/iti.hradec.pardubice.eu\/.<\/p>\n<p><strong>P\u0159ehled projektov\u00fdch z\u00e1m\u011br\u016f schv\u00e1len\u00fdch \u0158V ITI dne 12. 10. 2017:<\/strong><\/p>\n<ul>\n<li>Cyklostezka Hradec Kr\u00e1lov\u00e9 \u2013 Pardubice (Hradec Kr\u00e1lov\u00e9 \u2013 Vysok\u00e1 nad Labem)<\/li>\n<li>Cyklostezka Sv\u00edtkov \u2013 Srnojedy<\/li>\n<li>Modernizace po\u010d\u00edta\u010dov\u00fdch u\u010deben Z\u0160 U Stadionu a rekonstrukce a vybaven\u00ed chemick\u00e9 laborato\u0159e Z\u0160 Dr. J. Mal\u00edka v\u010detn\u011b zaji\u0161t\u011bn\u00ed bezbari\u00e9rovosti, M\u011bsto Chrudim<\/li>\n<li>Pokro\u010dil\u00e9 materi\u00e1ly pro aplikace v kosmick\u00e9m pr\u016fmyslu I<\/li>\n<li>Pokro\u010dil\u00e9 materi\u00e1ly pro aplikace v kosmick\u00e9m pr\u016fmyslu II<\/li>\n<li>Revitalizace budovy Muzea v\u00fdchodn\u00edch \u010cech, statut\u00e1rn\u00ed m\u011bsto Hradec Kr\u00e1lov\u00e9<\/li>\n<li>Spolupr\u00e1ce Univerzity Pardubice a aplika\u010dn\u00ed sf\u00e9ry v aplika\u010dn\u011b orientovan\u00e9m v\u00fdzkumu loka\u010dn\u00edch, detek\u010dn\u00edch a simula\u010dn\u00edch syst\u00e9m\u016f pro dopravn\u00ed a p\u0159epravn\u00ed procesy \u2013 POSITRANS<\/li>\n<li>V\u00edce\u00fa\u010delov\u00e9 polytechnick\u00e9 d\u00edlny a u\u010debna IT, Obec P\u0159edm\u011b\u0159ice nad Labem<\/li>\n<li>Vybudov\u00e1n\u00ed odborn\u00fdch u\u010deben a zaji\u0161t\u011bn\u00ed vnit\u0159n\u00ed konektivity v budov\u00e1ch Z\u0160 Holice<\/li>\n<li>Z\u0160 Chlumec nad Cidlinou \u2013 polytechnick\u00e9 vzd\u011bl\u00e1v\u00e1n\u00ed a bezbari\u00e9rov\u00fd p\u0159\u00edstup<\/li>\n<li>Z\u0160 V\u0161estary \u2013 n\u00e1stavba a p\u0159\u00edstavba budovy 2. stupn\u011b \u010dp. 57<\/li>\n<\/ul>\n<p>&nbsp;<\/p>\n","protected":false},"excerpt":{"rendered":"<p>Hradecko-pardubick\u00e1 aglomerace poskytne dal\u0161\u00ed dotace z Evropsk\u00e9 unie na v\u00fdznamn\u00e9 v\u00fdchodo\u010desk\u00e9 projekty. Podporu na v\u010derej\u0161\u00edm jedn\u00e1n\u00ed \u0158\u00edd\u00edc\u00edho v\u00fdboru ITI z\u00edskaly projekty z\u00e1kladn\u00edch \u0161kol, nov\u00fdch cyklostezek, revitalizace pam\u00e1tek nebo tak\u00e9 v\u00fdzkumn\u00e9 aktivity Univerzity Pardubice a prvn\u00ed projekty z podnikatelsk\u00e9ho sektoru. S podporou evropsk\u00fdch pen\u011bz nap\u0159\u00edklad za\u010dne stavba cyklostezky z Hradce Kr\u00e1lov\u00e9 do Pardubic, \u010di rekonstrukce kr\u00e1lov\u00e9hradeck\u00e9ho [&hellip;]<\/p>\n","protected":false},"author":1,"featured_media":3661,"comment_status":"closed","ping_status":"closed","sticky":false,"template":"","format":"standard","meta":{"_monsterinsights_skip_tracking":false,"_monsterinsights_sitenote_active":false,"_monsterinsights_sitenote_note":"","_monsterinsights_sitenote_category":0,"_uf_show_specific_survey":0,"_uf_disable_surveys":false,"footnotes":""},"categories":[6],"tags":[],"class_list":["post-4109","post","type-post","status-publish","format-standard","has-post-thumbnail","hentry","category-zpravy-z-magistratu"],"aioseo_notices":[],"_links":{"self":[{"href":"https:\/\/vedlich.info\/index.php?rest_route=\/wp\/v2\/posts\/4109","targetHints":{"allow":["GET"]}}],"collection":[{"href":"https:\/\/vedlich.info\/index.php?rest_route=\/wp\/v2\/posts"}],"about":[{"href":"https:\/\/vedlich.info\/index.php?rest_route=\/wp\/v2\/types\/post"}],"author":[{"embeddable":true,"href":"https:\/\/vedlich.info\/index.php?rest_route=\/wp\/v2\/users\/1"}],"replies":[{"embeddable":true,"href":"https:\/\/vedlich.info\/index.php?rest_route=%2Fwp%2Fv2%2Fcomments&post=4109"}],"version-history":[{"count":4,"href":"https:\/\/vedlich.info\/index.php?rest_route=\/wp\/v2\/posts\/4109\/revisions"}],"predecessor-version":[{"id":4113,"href":"https:\/\/vedlich.info\/index.php?rest_route=\/wp\/v2\/posts\/4109\/revisions\/4113"}],"wp:featuredmedia":[{"embeddable":true,"href":"https:\/\/vedlich.info\/index.php?rest_route=\/wp\/v2\/media\/3661"}],"wp:attachment":[{"href":"https:\/\/vedlich.info\/index.php?rest_route=%2Fwp%2Fv2%2Fmedia&parent=4109"}],"wp:term":[{"taxonomy":"category","embeddable":true,"href":"https:\/\/vedlich.info\/index.php?rest_route=%2Fwp%2Fv2%2Fcategories&post=4109"},{"taxonomy":"post_tag","embeddable":true,"href":"https:\/\/vedlich.info\/index.php?rest_route=%2Fwp%2Fv2%2Ftags&post=4109"}],"curies":[{"name":"wp","href":"https:\/\/api.w.org\/{rel}","templated":true}]}}