{"id":4099,"date":"2017-10-06T07:40:18","date_gmt":"2017-10-06T06:40:18","guid":{"rendered":"http:\/\/vedlich.info\/?p=4099"},"modified":"2017-10-06T07:40:18","modified_gmt":"2017-10-06T06:40:18","slug":"mesto-investuje-sto-milionu-do-modernich-uceben-hradeckych-skol","status":"publish","type":"post","link":"https:\/\/vedlich.info\/?p=4099","title":{"rendered":"M\u011bsto investuje sto milion\u016f do modern\u00edch u\u010deben hradeck\u00fdch \u0161kol"},"content":{"rendered":"<p>Nov\u00e9 po\u010d\u00edta\u010dov\u00e9 s\u00edt\u011b, modern\u00ed u\u010debny odborn\u00fdch p\u0159edm\u011bt\u016f a kompletn\u00ed bezbari\u00e9rov\u00fd p\u0159\u00edstup pro v\u0161echny \u017e\u00e1ky ve \u0161kole. Takto stru\u010dn\u011b by se dala popsat prvn\u00ed \u010d\u00e1st investic ve v\u00fd\u0161i zhruba sta milion\u016f korun, kter\u00e9 do sv\u00fdch z\u00e1kladn\u00edch \u0161kol p\u0159ipravuje m\u011bsto Hradec Kr\u00e1lov\u00e9 pro p\u0159\u00ed\u0161t\u00ed rok. Dal\u0161\u00ed des\u00edtky milion\u016f korun na p\u0159\u00edstavby a modernizaci v\u00fdukov\u00fdch prostor ve \u0161kol\u00e1ch poputuj\u00ed ve druh\u00e9 vln\u011b v roce 2019.<!--more--><\/p>\n<p>V r\u00e1mci projektu Modernizace infrastruktury z\u00e1kladn\u00edch \u0161kol, kter\u00fd m\u00e1 m\u011bsto Hradec Kr\u00e1lov\u00e9 za\u0159azen\u00fd do Strategie ITI Hradecko-pardubick\u00e9 aglomerace a m\u016f\u017ee na n\u011bj z\u00edskat dotaci a\u017e 85 % ze zp\u016fsobil\u00fdch v\u00fddaj\u016f z evropsk\u00fdch zdroj\u016f a 5 % ze st\u00e1tn\u00edho rozpo\u010dtu, se chyst\u00e1 dosud nejv\u011bt\u0161\u00ed investice do v\u00fdukov\u00fdch prostor a z\u00e1zem\u00ed z\u00e1kladn\u00edch \u0161kol m\u011bsta. \u201ePrvn\u00ed \u010d\u00e1st projektu za v\u00edce ne\u017e sto milionu korun tvo\u0159\u00ed men\u0161\u00ed a relativn\u011b jednodu\u0161\u0161\u00ed projekty ve dvan\u00e1cti \u0161kol\u00e1ch. U nich u\u017e jsou dokumentace hotov\u00e9 a za\u010d\u00edn\u00e1me p\u0159ipravovat v\u00fdb\u011brov\u00e1 \u0159\u00edzen\u00ed na dodavatele stavebn\u00edch prac\u00ed a vybaven\u00ed,\u201c \u0159ekl Jind\u0159ich Vedlich, n\u00e1m\u011bstek prim\u00e1tora odpov\u011bdn\u00fd za rozvoj m\u011bsta.<\/p>\n<p>Nap\u0159\u00edklad \u0161kola v Habrmanov\u011b ulici bude m\u00edt novou po\u010d\u00edta\u010dovou s\u00ed\u0165 a po\u010d\u00edta\u010dov\u00e9 u\u010debny, Z\u0160 Josefa Go\u010d\u00e1ra z\u00edsk\u00e1 nov\u00fd komplex odborn\u00fdch u\u010deben pro experimenty z p\u0159\u00edrodn\u00edch v\u011bd, nov\u00e9 vybaven\u00ed u\u010deben chemie, fyziky a p\u0159\u00edrodopisu budou m\u00edt na \u0161kol\u00e1ch v Kuklen\u00e1ch, na Nov\u00e9m Hradci Kr\u00e1lov\u00e9 nebo v Ploti\u0161t\u00edch. \u201eV\u0161e se intenzivn\u011b p\u0159ipravovalo s jednotliv\u00fdmi \u0161kolami. Pokud se poda\u0159\u00ed vybrat dodavatele v ide\u00e1ln\u00edch term\u00ednech a usp\u011bt s \u017e\u00e1dost\u00ed o dotaci, v\u011bt\u0161ina prac\u00ed se ud\u011bl\u00e1 ji\u017e b\u011bhem p\u0159\u00ed\u0161t\u00edch letn\u00edch pr\u00e1zdnin a \u017e\u00e1ci by mohly modern\u00ed u\u010debny vyu\u017e\u00edvat od \u0161koln\u00edho roku 2018\/2019,\u201c \u0159ekl Milan Jaro\u0161, n\u00e1m\u011bstek prim\u00e1tora odpov\u011bdn\u00fd za oblast \u0161kolstv\u00ed. Sou\u010d\u00e1st\u00ed projektu jsou i \u00fapravy prostor ve \u0161kol\u00e1ch zaji\u0161\u0165uj\u00edc\u00ed bezbari\u00e9rov\u00fd p\u0159\u00edstup, v\u010detn\u011b soci\u00e1ln\u00edch za\u0159\u00edzen\u00ed. Kompletn\u00ed bezbari\u00e9rovost pomoci v\u00fdtah\u016f budou m\u00edt v z\u00e1kladn\u00edch \u0161kol\u00e1ch Josefa Go\u010d\u00e1ra, na Nov\u00e9m Hradci Kr\u00e1lov\u00e9 a na Jir\u00e1skov\u011b n\u00e1m\u011bst\u00ed. V ostatn\u00edch \u0161kol\u00e1ch se zbuduj\u00ed rampy a po\u0159\u00edd\u00ed mobiln\u00ed schodolezy.<\/p>\n<p>Ve druh\u00e9 etap\u011b modernizace u\u010deben m\u011bstsk\u00fdch z\u00e1kladn\u00edch \u0161kol, kter\u00e1 se p\u0159ipravuje na rok 2019, jsou hotov\u00e9 z\u00e1m\u011bry a studie v hodnot\u011b dal\u0161\u00edch sta milionu korun. \u201eV tomto p\u0159\u00edpad\u011b jde o komplikovan\u011bj\u0161\u00ed projekty, jedn\u00e1 se o n\u00e1stavby a p\u0159\u00edstavby \u0161kolsk\u00fdch budov. Realizace jednotliv\u00fdch projekt\u016f bude z\u00e1viset na \u00fasp\u011b\u0161nosti \u017e\u00e1dost\u00ed o dotace a mo\u017enostech m\u011bstsk\u00e9ho rozpo\u010dtu, v\u0161e v koordinaci s odborem \u0161kolstv\u00ed,\u201c up\u0159esnil Vedlich. \u00daprav v\u00fdukov\u00fdch prostor a nov\u00e9ho vybaven\u00ed by se mohli do\u010dkat \u017e\u00e1ci Z\u0160 Mandysova, projektov\u00e1 dokumentace se bude p\u0159ipravovat na dvoupodla\u017en\u00ed p\u0159\u00edstavbu \u0161koly v Mal\u0161ov\u011b Lhot\u011b, kde budou polytechnick\u00e9 u\u010debny pro p\u0159\u00edrodopis, d\u00edlny nebo multim\u00e9dia. P\u0159\u00edstavba by mohla vyr\u016fst tak\u00e9 ve Svobodn\u00fdch Dvorech s u\u010debnami p\u0159\u00edrodopisu, chemie a fyziky nebo s po\u010d\u00edta\u010dovou u\u010debnou 21. stolet\u00ed.<\/p>\n<p>Z\u00e1m\u011br v pokra\u010dov\u00e1n\u00ed projektu modernizace v\u00fdukov\u00fdch prostor m\u011bstsk\u00fdch z\u00e1kladn\u00edch \u0161kol dnes odsouhlasili radn\u00ed, s finan\u010dn\u00edm kryt\u00edm pl\u00e1novan\u00fdch investic je\u0161t\u011b bude muset schv\u00e1lit zastupitelstvo na sv\u00e9m zased\u00e1n\u00ed 31. \u0159\u00edjna 2017.<\/p>\n","protected":false},"excerpt":{"rendered":"<p>Nov\u00e9 po\u010d\u00edta\u010dov\u00e9 s\u00edt\u011b, modern\u00ed u\u010debny odborn\u00fdch p\u0159edm\u011bt\u016f a kompletn\u00ed bezbari\u00e9rov\u00fd p\u0159\u00edstup pro v\u0161echny \u017e\u00e1ky ve \u0161kole. Takto stru\u010dn\u011b by se dala popsat prvn\u00ed \u010d\u00e1st investic ve v\u00fd\u0161i zhruba sta milion\u016f korun, kter\u00e9 do sv\u00fdch z\u00e1kladn\u00edch \u0161kol p\u0159ipravuje m\u011bsto Hradec Kr\u00e1lov\u00e9 pro p\u0159\u00ed\u0161t\u00ed rok. Dal\u0161\u00ed des\u00edtky milion\u016f korun na p\u0159\u00edstavby a modernizaci v\u00fdukov\u00fdch prostor ve \u0161kol\u00e1ch [&hellip;]<\/p>\n","protected":false},"author":1,"featured_media":4100,"comment_status":"closed","ping_status":"closed","sticky":false,"template":"","format":"standard","meta":{"_monsterinsights_skip_tracking":false,"_monsterinsights_sitenote_active":false,"_monsterinsights_sitenote_note":"","_monsterinsights_sitenote_category":0,"_uf_show_specific_survey":0,"_uf_disable_surveys":false,"footnotes":""},"categories":[6],"tags":[],"class_list":["post-4099","post","type-post","status-publish","format-standard","has-post-thumbnail","hentry","category-zpravy-z-magistratu"],"aioseo_notices":[],"_links":{"self":[{"href":"https:\/\/vedlich.info\/index.php?rest_route=\/wp\/v2\/posts\/4099","targetHints":{"allow":["GET"]}}],"collection":[{"href":"https:\/\/vedlich.info\/index.php?rest_route=\/wp\/v2\/posts"}],"about":[{"href":"https:\/\/vedlich.info\/index.php?rest_route=\/wp\/v2\/types\/post"}],"author":[{"embeddable":true,"href":"https:\/\/vedlich.info\/index.php?rest_route=\/wp\/v2\/users\/1"}],"replies":[{"embeddable":true,"href":"https:\/\/vedlich.info\/index.php?rest_route=%2Fwp%2Fv2%2Fcomments&post=4099"}],"version-history":[{"count":1,"href":"https:\/\/vedlich.info\/index.php?rest_route=\/wp\/v2\/posts\/4099\/revisions"}],"predecessor-version":[{"id":4101,"href":"https:\/\/vedlich.info\/index.php?rest_route=\/wp\/v2\/posts\/4099\/revisions\/4101"}],"wp:featuredmedia":[{"embeddable":true,"href":"https:\/\/vedlich.info\/index.php?rest_route=\/wp\/v2\/media\/4100"}],"wp:attachment":[{"href":"https:\/\/vedlich.info\/index.php?rest_route=%2Fwp%2Fv2%2Fmedia&parent=4099"}],"wp:term":[{"taxonomy":"category","embeddable":true,"href":"https:\/\/vedlich.info\/index.php?rest_route=%2Fwp%2Fv2%2Fcategories&post=4099"},{"taxonomy":"post_tag","embeddable":true,"href":"https:\/\/vedlich.info\/index.php?rest_route=%2Fwp%2Fv2%2Ftags&post=4099"}],"curies":[{"name":"wp","href":"https:\/\/api.w.org\/{rel}","templated":true}]}}