{"id":4092,"date":"2017-10-04T05:00:42","date_gmt":"2017-10-04T04:00:42","guid":{"rendered":"http:\/\/vedlich.info\/?p=4092"},"modified":"2017-10-03T07:22:54","modified_gmt":"2017-10-03T06:22:54","slug":"hradecke-obchodni-zony-propoji-nova-silnice","status":"publish","type":"post","link":"https:\/\/vedlich.info\/?p=4092","title":{"rendered":"Hradeck\u00e9 obchodn\u00ed z\u00f3ny propoj\u00ed nov\u00e1 silnice"},"content":{"rendered":"<p style=\"text-align: justify;\"><em>Hradeck\u00fd den\u00edk | 3.10.2017 | Rubrika: Tituln\u00ed strana | Strana: 1 | Autor: PETR VA\u0147OUS | T\u00e9ma: Magistr\u00e1t m\u011bsta Hradec Kr\u00e1lov\u00e9<\/em><\/p>\n<p style=\"text-align: justify;\">Ji\u017e p\u0159\u00ed\u0161t\u00ed rok m\u00e1 vzniknout spojnice Tesca s Makrem. N\u00e1kupn\u00ed z\u00f3ny le\u017e\u00edc\u00ed vedle Hradubick\u00e9 autostr\u00e1dy maj\u00ed jednu vadu na kr\u00e1se. Zat\u00edm tu neexistuje \u017e\u00e1dn\u00e9 p\u0159\u00edm\u00e9 propojen\u00ed mezi obchody. Tato situace se v\u0161ak m\u00e1 do n\u011bkolika m\u011bs\u00edc\u016f zm\u011bnit. M\u011bsto na p\u0159\u00ed\u0161t\u00ed rok pl\u00e1nuje novou spojnici mezi obchodn\u00edm centrem Tesco d\u00e1le do z\u00f3ny, j\u00ed\u017e dominuje velkoobchod Makro. Stavba m\u011bla za\u010d\u00edt ji\u017e v leto\u0161n\u00edm roce, ale zkomplikovalo ji vyjedn\u00e1v\u00e1n\u00ed s posledn\u00edm vlastn\u00edkem pozemku \u2013 Tescem. \u201eS ostatn\u00edmi majiteli pozemk\u016f jsme se ji\u017e dohodli. Te\u010f dola\u010fujeme p\u0159evzet\u00ed posledn\u00edho pozemku od Tesca,\u201c uvedla n\u00e1m\u011bstkyn\u011b hradeck\u00e9ho prim\u00e1tora Romana Li\u0161kov\u00e1 s t\u00edm, \u017ee tento obchodn\u00ed \u0159et\u011bzec dal souhlas s vybudov\u00e1n\u00edm komunikace na sv\u00e9m pozemku, ale nesouhlas\u00ed s prodejem parcely: \u201eHled\u00e1me tak varianty, jak se k pozemku dostat. Jednou z nich je i mo\u017enost z\u0159\u00edzen\u00ed v\u011bcn\u00e9ho b\u0159emene za \u00fa\u010delem vybudov\u00e1n\u00ed komunikace. Ale v\u0161e uk\u00e1\u017e\u00ed a\u017e dal\u0161\u00ed jedn\u00e1n\u00ed.\u201c<\/p>\n<p style=\"text-align: justify;\">Motorist\u00e9 a \u0159idi\u010di m\u011bstsk\u00e9 hromadn\u00e9 dopravy se zat\u00edm mezi z\u00f3nami mus\u00ed \u201eprokousat\u201c p\u0159es ru\u0161nou Hradubickou silnici. \u201eUva\u017eovan\u00e9 propojen\u00ed mezi Tescem a Makrem by v budoucnu m\u011blo slou\u017eit nap\u0159\u00edklad i pro hradeck\u00fd Dopravn\u00ed podnik, kter\u00fd by sem m\u011bl poslat linku dvan\u00e1ct. Nav\u00edc je tato stavba jedn\u00edm z kl\u00ed\u010dov\u00fdch po\u017eadavk\u016f b\u0159ezhradsk\u00e9 komise m\u00edstn\u00ed samospr\u00e1vy,\u201c uvedl n\u00e1m\u011bstek prim\u00e1tora Jind\u0159ich Vedlich s t\u00edm, \u017ee na tomto propojen\u00ed se budou pod\u00edlet i st\u00e1vaj\u00edc\u00ed obchodn\u00ed domy, kter\u00e9 v obou z\u00f3n\u00e1ch s\u00eddl\u00ed.<\/p>\n<p style=\"text-align: justify;\"><strong>BEZ NAJ\u00cd\u017dD\u011aN\u00cd NA HRADUBICKOU<\/strong><\/p>\n<p style=\"text-align: justify;\">Pokud se v\u0161ak jedn\u00e1n\u00ed s Tescem zadrhnou, po\u010d\u00edt\u00e1 radnice s etapizac\u00ed stavby. Pro pot\u0159eby prodlou\u017een\u00ed st\u00e1vaj\u00edc\u00edho stavebn\u00edho povolen\u00ed minul\u00fd t\u00fdden zastupitelstvo m\u011bsta prodlou\u017eilo platnost pot\u0159ebn\u00fdch majetkov\u00fdch smluv. Uva\u017eovan\u00e1 spojnice v\u0161ak nen\u00ed jedinou viz\u00ed v t\u00e9to lokalit\u011b. Do budoucna toti\u017e m\u011bsto uva\u017euje o jej\u00edm prodlou\u017een\u00ed tak, aby hlavn\u011b autobusy nemusely naj\u00ed\u017ed\u011bt na Hradubickou a p\u0159\u00edmou cestou z Jungmannovy ulice naj\u00ed\u017ed\u011bly k Tescu a d\u00e1le do Makra. To je v\u0161ak podle Jind\u0159icha Vedlich hudba vzd\u00e1len\u011bj\u0161\u00ed budoucnosti a souvis\u00ed s v\u00fdstavbou takzvan\u00e9 Ji\u017en\u00ed spojky. Tedy silnice od Bl\u00e1hovky p\u0159es Teme\u0161v\u00e1r, okolo Borovinky a\u017e na Hradubickou, kde by vy\u00fastila u st\u00e1vaj\u00edc\u00ed benzinov\u00e9 pumpy. \u201ePr\u00e1v\u011b spojnice mezi Jungmannovou ulici a Tescem je z tohoto d\u016fvodu velmi pot\u0159ebn\u00e1. Pro bezpe\u010dnost provozu je toti\u017e daleko bezpe\u010dn\u011bj\u0161\u00ed a elegantn\u011bj\u0161\u00ed,\u201c dodal n\u00e1m\u011bstek. Pokud v\u0161e p\u016fjde podle pl\u00e1n\u016f, za\u010dne se na ji\u017en\u00ed spojce pracovat za deset let. Hotovo by pak mohlo b\u00fdt o dva roky pozd\u011bji. Den\u00edk o tom na za\u010d\u00e1tku roku informoval referent \u0158SD Michal Doubek. Pr\u00e1v\u011b \u0158SD je investorem t\u00e9to stavby, jej\u00ed\u017e cena p\u0159evy\u0161uje 1,6 miliardy korun. St\u00e1vaj\u00edc\u00ed \u00fazemn\u00ed pl\u00e1n Hradce Kr\u00e1lov\u00e9 s ji\u017en\u00ed spojkou po\u010d\u00edt\u00e1 jako se stavbou ve\u0159ejn\u011b prosp\u011b\u0161nou, a to proto, \u017ee jej\u00ed v\u00fdznam nespo\u010d\u00edv\u00e1 pouze v uleh\u010den\u00ed dopravy pro m\u011bsto, ale \u00falohu zde hraje i ekologick\u00e1 funkce.<\/p>\n","protected":false},"excerpt":{"rendered":"<p>Hradeck\u00fd den\u00edk | 3.10.2017 | Rubrika: Tituln\u00ed strana | Strana: 1 | Autor: PETR VA\u0147OUS | T\u00e9ma: Magistr\u00e1t m\u011bsta Hradec Kr\u00e1lov\u00e9 Ji\u017e p\u0159\u00ed\u0161t\u00ed rok m\u00e1 vzniknout spojnice Tesca s Makrem. N\u00e1kupn\u00ed z\u00f3ny le\u017e\u00edc\u00ed vedle Hradubick\u00e9 autostr\u00e1dy maj\u00ed jednu vadu na kr\u00e1se. Zat\u00edm tu neexistuje \u017e\u00e1dn\u00e9 p\u0159\u00edm\u00e9 propojen\u00ed mezi obchody. Tato situace se v\u0161ak m\u00e1 do [&hellip;]<\/p>\n","protected":false},"author":1,"featured_media":0,"comment_status":"closed","ping_status":"closed","sticky":false,"template":"","format":"standard","meta":{"_monsterinsights_skip_tracking":false,"_monsterinsights_sitenote_active":false,"_monsterinsights_sitenote_note":"","_monsterinsights_sitenote_category":0,"_uf_show_specific_survey":0,"_uf_disable_surveys":false,"footnotes":""},"categories":[8],"tags":[],"class_list":["post-4092","post","type-post","status-publish","format-standard","hentry","category-zpravy-z-ostatnich-medii"],"aioseo_notices":[],"_links":{"self":[{"href":"https:\/\/vedlich.info\/index.php?rest_route=\/wp\/v2\/posts\/4092","targetHints":{"allow":["GET"]}}],"collection":[{"href":"https:\/\/vedlich.info\/index.php?rest_route=\/wp\/v2\/posts"}],"about":[{"href":"https:\/\/vedlich.info\/index.php?rest_route=\/wp\/v2\/types\/post"}],"author":[{"embeddable":true,"href":"https:\/\/vedlich.info\/index.php?rest_route=\/wp\/v2\/users\/1"}],"replies":[{"embeddable":true,"href":"https:\/\/vedlich.info\/index.php?rest_route=%2Fwp%2Fv2%2Fcomments&post=4092"}],"version-history":[{"count":1,"href":"https:\/\/vedlich.info\/index.php?rest_route=\/wp\/v2\/posts\/4092\/revisions"}],"predecessor-version":[{"id":4093,"href":"https:\/\/vedlich.info\/index.php?rest_route=\/wp\/v2\/posts\/4092\/revisions\/4093"}],"wp:attachment":[{"href":"https:\/\/vedlich.info\/index.php?rest_route=%2Fwp%2Fv2%2Fmedia&parent=4092"}],"wp:term":[{"taxonomy":"category","embeddable":true,"href":"https:\/\/vedlich.info\/index.php?rest_route=%2Fwp%2Fv2%2Fcategories&post=4092"},{"taxonomy":"post_tag","embeddable":true,"href":"https:\/\/vedlich.info\/index.php?rest_route=%2Fwp%2Fv2%2Ftags&post=4092"}],"curies":[{"name":"wp","href":"https:\/\/api.w.org\/{rel}","templated":true}]}}