{"id":3943,"date":"2017-06-15T05:00:24","date_gmt":"2017-06-15T04:00:24","guid":{"rendered":"http:\/\/vedlich.info\/?p=3943"},"modified":"2017-06-15T07:11:16","modified_gmt":"2017-06-15T06:11:16","slug":"plachtu-propoji-nova-cyklostezka-a-chodnik-na-sidliste-bude-jezdit-i-mhd","status":"publish","type":"post","link":"https:\/\/vedlich.info\/?p=3943","title":{"rendered":"Plachtu propoj\u00ed nov\u00e1 cyklostezka a chodn\u00edk, na s\u00eddli\u0161t\u011b bude jezdit i MHD"},"content":{"rendered":"<p style=\"text-align: justify;\">Kvalitn\u011bj\u0161\u00ed dopravn\u00ed infrastrukturu p\u0159ipravuje m\u011bsto na s\u00eddli\u0161ti Plachta. Nov\u00fd chodn\u00edk a stezka pro cyklisty propoj\u00ed tuto \u010d\u00e1st m\u011bsta s ulic\u00ed Na Brn\u011b, v p\u0159\u00ed\u0161t\u00edm roce by m\u011bla na s\u00eddli\u0161t\u011b zaj\u00ed\u017ed\u011bt nov\u00e1 linka m\u011bstsk\u00e9 hromadn\u00e9 dopravy. M\u011bst\u0161t\u00ed radn\u00ed odsouhlasili pokra\u010dov\u00e1n\u00ed v p\u0159\u00edprav\u011b projektu, kter\u00fd je za\u0159azen\u00fd do souhrnu akc\u00ed hradecko-pardubick\u00e9 aglomerace. M\u00e1 tak velkou \u0161anci na dotaci z evropsk\u00fdch fond\u016f ve v\u00fd\u0161i a\u017e devades\u00e1t procent n\u00e1klad\u016f.<!--more--><\/p>\n<p style=\"text-align: justify;\">Pl\u00e1novan\u00e1 stezka pro chodce a cyklisty by m\u011bla za\u010d\u00edt u zast\u00e1vky MHD v ulici Na Brn\u011b, pokra\u010dovat bude pod\u00e9l are\u00e1lu spole\u010dnosti Petrof a d\u00e1le protne nov\u00e9 hradeck\u00e9 s\u00eddli\u0161t\u011b Plachta a\u017e do ulice U Parku.<\/p>\n<p style=\"text-align: justify;\">\u201eV sou\u010dasnosti se \u0159e\u0161\u00ed vypo\u0159\u00e1d\u00e1n\u00ed majetkov\u00fdch pom\u011br\u016f k pozemk\u016fm pod pl\u00e1novanou stezkou, kter\u00e9 m\u011bsto nevlastn\u00ed. Na tyto pozemky jsou zpracovan\u00e9 znaleck\u00e9 posudky, jedn\u00e1me s majiteli o v\u00fdkupech pot\u0159ebn\u00fdch pozemk\u016f,\u201c \u0159ekl n\u00e1m\u011bstek prim\u00e1tora Jind\u0159ich Vedlich, odpov\u011bdn\u00fd za oblast investic a rozvoje m\u011bsta. \u201eSe skute\u010dnou realizac\u00ed stavby se po\u010d\u00edt\u00e1 v druh\u00e9 polovin\u011b roku 2019, p\u0159edpokl\u00e1dan\u00e9 n\u00e1klady jsou zhruba 13 milion\u016f,\u201c doplnil Vedlich.<\/p>\n<p style=\"text-align: justify;\">Od p\u0159\u00ed\u0161t\u00edho roku by m\u011bly na s\u00eddli\u0161t\u011b zaj\u00ed\u017ed\u011bt nov\u00e9 trolejbusy s pomocn\u00fdm bateriov\u00fdm pohonem. Zast\u00e1vky budou zat\u00edm do\u010dasn\u00e9, jejich fin\u00e1ln\u00ed podoba vznikne a\u017e b\u011bhem stavby stezky pro p\u011b\u0161\u00ed i cyklisty.<\/p>\n<p style=\"text-align: justify;\">\n","protected":false},"excerpt":{"rendered":"<p>Kvalitn\u011bj\u0161\u00ed dopravn\u00ed infrastrukturu p\u0159ipravuje m\u011bsto na s\u00eddli\u0161ti Plachta. Nov\u00fd chodn\u00edk a stezka pro cyklisty propoj\u00ed tuto \u010d\u00e1st m\u011bsta s ulic\u00ed Na Brn\u011b, v p\u0159\u00ed\u0161t\u00edm roce by m\u011bla na s\u00eddli\u0161t\u011b zaj\u00ed\u017ed\u011bt nov\u00e1 linka m\u011bstsk\u00e9 hromadn\u00e9 dopravy. M\u011bst\u0161t\u00ed radn\u00ed odsouhlasili pokra\u010dov\u00e1n\u00ed v p\u0159\u00edprav\u011b projektu, kter\u00fd je za\u0159azen\u00fd do souhrnu akc\u00ed hradecko-pardubick\u00e9 aglomerace. M\u00e1 tak velkou \u0161anci na [&hellip;]<\/p>\n","protected":false},"author":1,"featured_media":3944,"comment_status":"closed","ping_status":"closed","sticky":false,"template":"","format":"standard","meta":{"_monsterinsights_skip_tracking":false,"_monsterinsights_sitenote_active":false,"_monsterinsights_sitenote_note":"","_monsterinsights_sitenote_category":0,"_uf_show_specific_survey":0,"_uf_disable_surveys":false,"footnotes":""},"categories":[6],"tags":[],"class_list":["post-3943","post","type-post","status-publish","format-standard","has-post-thumbnail","hentry","category-zpravy-z-magistratu"],"aioseo_notices":[],"_links":{"self":[{"href":"https:\/\/vedlich.info\/index.php?rest_route=\/wp\/v2\/posts\/3943","targetHints":{"allow":["GET"]}}],"collection":[{"href":"https:\/\/vedlich.info\/index.php?rest_route=\/wp\/v2\/posts"}],"about":[{"href":"https:\/\/vedlich.info\/index.php?rest_route=\/wp\/v2\/types\/post"}],"author":[{"embeddable":true,"href":"https:\/\/vedlich.info\/index.php?rest_route=\/wp\/v2\/users\/1"}],"replies":[{"embeddable":true,"href":"https:\/\/vedlich.info\/index.php?rest_route=%2Fwp%2Fv2%2Fcomments&post=3943"}],"version-history":[{"count":8,"href":"https:\/\/vedlich.info\/index.php?rest_route=\/wp\/v2\/posts\/3943\/revisions"}],"predecessor-version":[{"id":3953,"href":"https:\/\/vedlich.info\/index.php?rest_route=\/wp\/v2\/posts\/3943\/revisions\/3953"}],"wp:featuredmedia":[{"embeddable":true,"href":"https:\/\/vedlich.info\/index.php?rest_route=\/wp\/v2\/media\/3944"}],"wp:attachment":[{"href":"https:\/\/vedlich.info\/index.php?rest_route=%2Fwp%2Fv2%2Fmedia&parent=3943"}],"wp:term":[{"taxonomy":"category","embeddable":true,"href":"https:\/\/vedlich.info\/index.php?rest_route=%2Fwp%2Fv2%2Fcategories&post=3943"},{"taxonomy":"post_tag","embeddable":true,"href":"https:\/\/vedlich.info\/index.php?rest_route=%2Fwp%2Fv2%2Ftags&post=3943"}],"curies":[{"name":"wp","href":"https:\/\/api.w.org\/{rel}","templated":true}]}}