{"id":3921,"date":"2017-05-31T08:09:48","date_gmt":"2017-05-31T07:09:48","guid":{"rendered":"http:\/\/vedlich.info\/?p=3921"},"modified":"2017-05-31T08:51:25","modified_gmt":"2017-05-31T07:51:25","slug":"mesto-pripravuje-rekonstrukci-lodenice-na-orlici","status":"publish","type":"post","link":"https:\/\/vedlich.info\/?p=3921","title":{"rendered":"M\u011bsto p\u0159ipravuje rekonstrukci lod\u011bnice na Orlici"},"content":{"rendered":"<p style=\"text-align: justify;\">Hrade\u010dt\u00ed vod\u00e1ci, kte\u0159\u00ed tr\u00e9nuj\u00ed na Orlici u Mal\u0161ovick\u00e9ho mostu, by se mohli do\u010dkat nov\u00e9ho z\u00e1zem\u00ed. Sou\u010dasn\u00fd are\u00e1l, kter\u00fd nen\u00ed ani napojen\u00fd na vodovod a kanalizaci, je zcela nevyhovuj\u00edc\u00ed a i kapacitn\u011b nesta\u010d\u00ed. Zastupitel\u00e9 proto odsouhlasili zpracov\u00e1n\u00ed projektov\u00e9 dokumentace k demolici st\u00e1vaj\u00edc\u00edch a vybudov\u00e1n\u00ed nov\u00fdch objekt\u016f.<!--more--><\/p>\n<p style=\"text-align: justify;\">Lod\u011bnici, kter\u00e1 je na prav\u00e9m b\u0159ehu Orlice za sportovn\u00edm are\u00e1lem TJ Slavie a je majetkem m\u011bsta, vyu\u017e\u00edv\u00e1 vod\u00e1ck\u00fd odd\u00edl TJ Sokol Hradec Kr\u00e1lov\u00e9. \u201eVzhledem k tomu, \u017ee zde chyb\u00ed napojen\u00ed na vodovod a kanalizaci, nemaj\u00ed tady vod\u00e1ci standardn\u00ed soci\u00e1ln\u00ed za\u0159\u00edzen\u00ed, tedy WC a sprchy,\u201c \u0159ekla n\u00e1m\u011bstkyn\u011b prim\u00e1tora Romana Li\u0161kov\u00e1, odpov\u011bdn\u00e1 za majetek. \u201eBude pot\u0159eba vybudovat zhruba sedmdes\u00e1timetrov\u00e9 napojen\u00ed na vodovodn\u00ed a kanaliza\u010dn\u00ed \u0159\u00e1d, de\u0161\u0165ov\u00e9 vody se vy\u0159e\u0161\u00ed vsakov\u00e1n\u00edm na plo\u0161e are\u00e1lu,\u201c doplnila Li\u0161kov\u00e1.<\/p>\n<p style=\"text-align: justify;\">M\u011bsto p\u0159i vybudov\u00e1n\u00ed nov\u00e9ho z\u00e1zem\u00ed v are\u00e1lu zvolilo \u00fasporn\u011bj\u0161\u00ed variantu. Z\u00e1kladem stavby bude sestava 24 mobiln\u00edch bun\u011bk, kter\u00e9 budou spojen\u00e9 komunika\u010dn\u00edm modulem v doteku s halov\u00fdm montovan\u00fdm skladem lod\u00ed. Cel\u00e1 sestava pak bude oblo\u017een\u00e1 d\u0159evem a ve druh\u00e9m pat\u0159e bude terasa. \u201eCelkov\u00e9 n\u00e1klady se odhaduj\u00ed na necel\u00fdch dev\u011bt milion\u016f korun. Pokud v\u0161e p\u016fjde bez komplikac\u00ed a zastupitel\u00e9 odsouhlas\u00ed i finance na samotnou stavbu, mohla by nov\u00e1 lod\u011bnice st\u00e1t b\u011bhem p\u0159\u00ed\u0161t\u00edho roku,\u201c \u0159ekl n\u00e1m\u011bstek prim\u00e1tora Jind\u0159ich Vedlich, odpov\u011bdn\u00fd za investice.<\/p>\n","protected":false},"excerpt":{"rendered":"<p>Hrade\u010dt\u00ed vod\u00e1ci, kte\u0159\u00ed tr\u00e9nuj\u00ed na Orlici u Mal\u0161ovick\u00e9ho mostu, by se mohli do\u010dkat nov\u00e9ho z\u00e1zem\u00ed. Sou\u010dasn\u00fd are\u00e1l, kter\u00fd nen\u00ed ani napojen\u00fd na vodovod a kanalizaci, je zcela nevyhovuj\u00edc\u00ed a i kapacitn\u011b nesta\u010d\u00ed. Zastupitel\u00e9 proto odsouhlasili zpracov\u00e1n\u00ed projektov\u00e9 dokumentace k demolici st\u00e1vaj\u00edc\u00edch a vybudov\u00e1n\u00ed nov\u00fdch objekt\u016f.<\/p>\n","protected":false},"author":1,"featured_media":3922,"comment_status":"closed","ping_status":"closed","sticky":false,"template":"","format":"standard","meta":{"_monsterinsights_skip_tracking":false,"_monsterinsights_sitenote_active":false,"_monsterinsights_sitenote_note":"","_monsterinsights_sitenote_category":0,"_uf_show_specific_survey":0,"_uf_disable_surveys":false,"footnotes":""},"categories":[6],"tags":[],"class_list":["post-3921","post","type-post","status-publish","format-standard","has-post-thumbnail","hentry","category-zpravy-z-magistratu"],"aioseo_notices":[],"_links":{"self":[{"href":"https:\/\/vedlich.info\/index.php?rest_route=\/wp\/v2\/posts\/3921","targetHints":{"allow":["GET"]}}],"collection":[{"href":"https:\/\/vedlich.info\/index.php?rest_route=\/wp\/v2\/posts"}],"about":[{"href":"https:\/\/vedlich.info\/index.php?rest_route=\/wp\/v2\/types\/post"}],"author":[{"embeddable":true,"href":"https:\/\/vedlich.info\/index.php?rest_route=\/wp\/v2\/users\/1"}],"replies":[{"embeddable":true,"href":"https:\/\/vedlich.info\/index.php?rest_route=%2Fwp%2Fv2%2Fcomments&post=3921"}],"version-history":[{"count":2,"href":"https:\/\/vedlich.info\/index.php?rest_route=\/wp\/v2\/posts\/3921\/revisions"}],"predecessor-version":[{"id":3924,"href":"https:\/\/vedlich.info\/index.php?rest_route=\/wp\/v2\/posts\/3921\/revisions\/3924"}],"wp:featuredmedia":[{"embeddable":true,"href":"https:\/\/vedlich.info\/index.php?rest_route=\/wp\/v2\/media\/3922"}],"wp:attachment":[{"href":"https:\/\/vedlich.info\/index.php?rest_route=%2Fwp%2Fv2%2Fmedia&parent=3921"}],"wp:term":[{"taxonomy":"category","embeddable":true,"href":"https:\/\/vedlich.info\/index.php?rest_route=%2Fwp%2Fv2%2Fcategories&post=3921"},{"taxonomy":"post_tag","embeddable":true,"href":"https:\/\/vedlich.info\/index.php?rest_route=%2Fwp%2Fv2%2Ftags&post=3921"}],"curies":[{"name":"wp","href":"https:\/\/api.w.org\/{rel}","templated":true}]}}