{"id":3899,"date":"2017-05-01T11:22:20","date_gmt":"2017-05-01T10:22:20","guid":{"rendered":"http:\/\/vedlich.info\/?p=3899"},"modified":"2017-05-01T11:22:20","modified_gmt":"2017-05-01T10:22:20","slug":"zavreny-most-opozdi-opravy","status":"publish","type":"post","link":"https:\/\/vedlich.info\/?p=3899","title":{"rendered":"Zav\u0159en\u00fd most opozd\u00ed opravy"},"content":{"rendered":"<p style=\"text-align: justify;\"><em>5plus2 | 28.4.2017 | Rubrika: Tituln\u00ed strana | Strana: 1 | Autor: PETR Z\u00c1LESK\u00dd | T\u00e9ma: Magistr\u00e1t m\u011bsta Hradec Kr\u00e1lov\u00e9<\/em><\/p>\n<p style=\"text-align: justify;\">Pl\u00e1novan\u00e1 oprava silnice z Mal\u0161ovic ke St\u0159\u00edbr\u0148\u00e1ku za\u010dne pozd\u011bji. Bez mostu ve Svinarech by byla rizikem.<!--more--><\/p>\n<p style=\"text-align: justify;\">Kdy\u017e statik p\u0159ed \u010dtvrt rokem na\u0159\u00eddil uzav\u0159\u00edt ocelov\u00fd most p\u0159es \u0159eku Orlici ve Svinarech, m\u00edstn\u00ed lid\u00e9 v\u011b\u0159ili, \u017ee stavba zcela nov\u00e9ho za\u010dne na za\u010d\u00e1tku roku 2018. Te\u010f u\u017e v to v\u011b\u0159\u00ed jen nenapraviteln\u00ed optimist\u00e9.<\/p>\n<p style=\"text-align: justify;\">M\u00edsto oslav 110. narozenin mostu Plukovn\u00edka \u0160r\u00e1mka lid\u00e9 z okol\u00ed vyhl\u00ed\u017eej\u00ed demolici prorezl\u00e9 konstrukce, st\u011b\u017euj\u00ed si na minimum informac\u00ed a rad\u011bji se p\u0159ipravuj\u00ed na to, \u017ee sou\u010dasn\u00fd stav potrv\u00e1 je\u0161t\u011b \u0159adu m\u011bs\u00edc\u016f.<\/p>\n<p style=\"text-align: justify;\">\u201eD\u00edky uzav\u0159en\u00ed mostu pro auta se ze m\u011b na star\u00e1 kolena stal cyklista, tak\u017ee za to d\u011bkuju. V\u00e1\u017en\u011b: ned\u00e1 se na to zvyknout a mysl\u00edm, \u017ee v roce 2018 stavba nov\u00e9ho nem\u016f\u017ee za\u010d\u00edt, odhaduju to na dal\u0161\u00ed dva roky,\u201c \u0159\u00edk\u00e1 jeden z m\u00edstn\u00edch, ale rad\u011bji jen anonymn\u011b. \u201eR\u00e1da bych v\u011b\u0159ila optimistick\u00e9 variant\u011b, tedy stavb\u011b u\u017e na za\u010d\u00e1tku p\u0159\u00ed\u0161t\u00edho roku. Je tu v\u0161ak i katastrofick\u00fd v\u00fdhled, \u017ee to potrv\u00e1 t\u0159i \u010dty\u0159i roky. Z\u00e1le\u017e\u00ed na \u00fa\u0159edn\u00ed ma\u0161in\u00e9rii,\u201c uv\u00e1d\u00ed p\u0159edsedkyn\u011b komise m\u00edstn\u00ed samospr\u00e1vy Alena Hamplov\u00e1, av\u0161ak dod\u00e1v\u00e1, \u017ee tak\u00e9 ona postr\u00e1d\u00e1 zpr\u00e1vy o sou\u010dasn\u00e9m v\u00fdvoji.<\/p>\n<p style=\"text-align: justify;\">Pl\u00e1ny na bleskovou stavbu provizorn\u00edho vojensk\u00e9ho pontonov\u00e9ho mostu rychle vzaly za sv\u00e9, ale ve h\u0159e st\u00e1le z\u016fst\u00e1v\u00e1 jin\u00e9 prozat\u00edmn\u00ed \u0159e\u0161en\u00ed krizov\u00e9 situace na st\u00e1vaj\u00edc\u00ed konstrukci asi za 7,5 milionu korun.<\/p>\n<p style=\"text-align: justify;\">\u201ePo\u017e\u00e1dali jsme o \u00fazemn\u00ed rozhodnut\u00ed na trval\u00e9 \u0159e\u0161en\u00ed, tedy na stavbu zcela nov\u00e9ho mostu. M\u016f\u017ee se tam v\u0161ak cokoli zadrhnout, a proto\u017ee si nedok\u00e1\u017eu p\u0159edstavit, \u017ee bychom tu oblast zcela od\u0159\u00edzli, pracujeme i s provizorn\u00ed variantou. Pokud to bude pot\u0159eba, v polovin\u011b roku bychom na ni po\u017e\u00e1dali o stavebn\u00ed povolen\u00ed,\u201c \u0159\u00edk\u00e1 n\u00e1m\u011bstek hejtmana Martin \u010cerv\u00ed\u010dek.<\/p>\n<p style=\"text-align: justify;\">Nov\u00fd most by podle odhad\u016f m\u011bl st\u00e1t kolem 40 milion\u016f korun a jeho budov\u00e1n\u00ed by trvalo t\u00e9m\u011b\u0159 rok. P\u0159edsedkyni Hamplov\u00e9 se provizorium nel\u00edb\u00ed: \u201eNemysl\u00edm si, \u017ee vynalo\u017eit n\u011bkolik milion\u016f do provizoria je \u0161\u0165astn\u00e9 \u0159e\u0161en\u00ed. Byla bych pro maxim\u00e1ln\u00ed urychlen\u00ed v\u00fdstavby nov\u00e9ho mostu.\u201c<\/p>\n<p style=\"text-align: justify;\"><strong>Metry m\u00edsto kilometr\u016f<\/strong><\/p>\n<p style=\"text-align: justify;\">Lid\u00e9 ze Svinar, kte\u0159\u00ed se pot\u0159ebuj\u00ed dostat jen na druh\u00fd b\u0159eh Orlice, mus\u00ed volit n\u011bkolikakilometrov\u00e9 obj\u00ed\u017e\u010fky p\u0159es Kr\u0148ovice anebo hradeck\u00fd okruh. Jejich deziluzi nyn\u00ed je\u0161t\u011b prohloubila pl\u00e1novan\u00e1 obnova vodovodn\u00edho \u0159adu v Mal\u0161ov\u011b Lhot\u011b, kde se kv\u016fli kyvadlov\u00e9mu provozu \u010dasto tvo\u0159\u00ed kolony.<\/p>\n<p style=\"text-align: justify;\">Uzav\u0159en\u00fd most dokonce zpozd\u00ed druhou etapu rekonstrukce silnice od restaurace U \u010cech\u016f ke St\u0159\u00edbrn\u00e9mu rybn\u00edku. P\u016fvodn\u011b pl\u00e1novan\u00e9 opravy 2,5 kilometru dlouh\u00e9ho \u00faseku se nakonec scvrknou jen na n\u011bkolik stovek metr\u016f v \u00daprkov\u011b ulici. \u201eVznikly by velmi dlouh\u00e9 obj\u00edzdn\u00e9 trasy, a to i pro sanitky a hasi\u010de. Do\u0161lo by tak k ohro\u017een\u00ed lidsk\u00fdch \u017eivot\u016f,\u201c vysv\u011btluje n\u00e1m\u011bstek hradeck\u00e9ho prim\u00e1tora Jind\u0159ich Vedlich.<\/p>\n<p style=\"text-align: justify;\">\u201eRekonstrukce pr\u016ftahu Mal\u0161ovou Lhotou bude mo\u017en\u00e1, a\u017e bude k dispozici nov\u00fd most, p\u0159\u00edpadn\u011b provizorn\u00ed p\u0159emost\u011bn\u00ed,\u201c \u0159\u00edk\u00e1 mluv\u010d\u00ed hejtmanstv\u00ed Martina G\u00f6tzov\u00e1. Prvn\u00ed etapa oprav &#8211; tedy t\u00e9m\u011b\u0159 600 metr\u016f silnice &#8211; st\u00e1la 11 milion\u016f korun a uhradila ji dotace St\u00e1tn\u00edho fondu dopravn\u00ed infrastruktury. Zpo\u017ed\u011bn\u00ed druh\u00e9 etapy ztr\u00e1tu dotace \u00fadajn\u011b neznamen\u00e1. \u201eTo nehroz\u00ed, proto\u017ee finance budou \u010derpan\u00e9 na jin\u00e9 akce, nap\u0159\u00edklad na pokra\u010dov\u00e1n\u00ed rekonstrukce \u00daprkovy ulice od restaurace U \u010cech\u016f po konec z\u00e1stavby,\u201c potvrzuje G\u00f6tzov\u00e1.<\/p>\n<p style=\"text-align: justify;\">O mostu Plukovn\u00edka \u0160r\u00e1mka z roku 1907 se za\u010dalo mluvit p\u0159ed dv\u011bma lety, kdy se ministerstvo kultury zab\u00fdvalo podn\u011btem k jeho jmenov\u00e1n\u00ed kulturn\u00ed pam\u00e1tkou. V prosinci vyplula na povrch hrozba z\u00e1kazu vjezdu pro autobusy MHD, ale kdy\u017e v lednu zrezlou konstrukci spat\u0159il statik, na\u0159\u00eddil most bez prodlen\u00ed uzav\u0159\u00edt rovnou pro ve\u0161kerou automobilovou dopravu.<\/p>\n","protected":false},"excerpt":{"rendered":"<p>5plus2 | 28.4.2017 | Rubrika: Tituln\u00ed strana | Strana: 1 | Autor: PETR Z\u00c1LESK\u00dd | T\u00e9ma: Magistr\u00e1t m\u011bsta Hradec Kr\u00e1lov\u00e9 Pl\u00e1novan\u00e1 oprava silnice z Mal\u0161ovic ke St\u0159\u00edbr\u0148\u00e1ku za\u010dne pozd\u011bji. Bez mostu ve Svinarech by byla rizikem.<\/p>\n","protected":false},"author":1,"featured_media":0,"comment_status":"closed","ping_status":"closed","sticky":false,"template":"","format":"standard","meta":{"_monsterinsights_skip_tracking":false,"_monsterinsights_sitenote_active":false,"_monsterinsights_sitenote_note":"","_monsterinsights_sitenote_category":0,"_uf_show_specific_survey":0,"_uf_disable_surveys":false,"footnotes":""},"categories":[8],"tags":[],"class_list":["post-3899","post","type-post","status-publish","format-standard","hentry","category-zpravy-z-ostatnich-medii"],"aioseo_notices":[],"_links":{"self":[{"href":"https:\/\/vedlich.info\/index.php?rest_route=\/wp\/v2\/posts\/3899","targetHints":{"allow":["GET"]}}],"collection":[{"href":"https:\/\/vedlich.info\/index.php?rest_route=\/wp\/v2\/posts"}],"about":[{"href":"https:\/\/vedlich.info\/index.php?rest_route=\/wp\/v2\/types\/post"}],"author":[{"embeddable":true,"href":"https:\/\/vedlich.info\/index.php?rest_route=\/wp\/v2\/users\/1"}],"replies":[{"embeddable":true,"href":"https:\/\/vedlich.info\/index.php?rest_route=%2Fwp%2Fv2%2Fcomments&post=3899"}],"version-history":[{"count":1,"href":"https:\/\/vedlich.info\/index.php?rest_route=\/wp\/v2\/posts\/3899\/revisions"}],"predecessor-version":[{"id":3900,"href":"https:\/\/vedlich.info\/index.php?rest_route=\/wp\/v2\/posts\/3899\/revisions\/3900"}],"wp:attachment":[{"href":"https:\/\/vedlich.info\/index.php?rest_route=%2Fwp%2Fv2%2Fmedia&parent=3899"}],"wp:term":[{"taxonomy":"category","embeddable":true,"href":"https:\/\/vedlich.info\/index.php?rest_route=%2Fwp%2Fv2%2Fcategories&post=3899"},{"taxonomy":"post_tag","embeddable":true,"href":"https:\/\/vedlich.info\/index.php?rest_route=%2Fwp%2Fv2%2Ftags&post=3899"}],"curies":[{"name":"wp","href":"https:\/\/api.w.org\/{rel}","templated":true}]}}