{"id":3893,"date":"2017-04-27T09:16:22","date_gmt":"2017-04-27T08:16:22","guid":{"rendered":"http:\/\/vedlich.info\/?p=3893"},"modified":"2017-04-27T09:24:18","modified_gmt":"2017-04-27T08:24:18","slug":"zelena-pro-vstup-do-fc-hradec-kralove-ivo-ulichovi-a-partnerum","status":"publish","type":"post","link":"https:\/\/vedlich.info\/?p=3893","title":{"rendered":"Zelen\u00e1 pro vstup do FC Hradec Kr\u00e1lov\u00e9 Ivo Ulichovi a partner\u016fm"},"content":{"rendered":"<p style=\"text-align: justify;\">Z\u00e1jemci o vstup do vlastnick\u00e9 struktury FC Hradec Kr\u00e1lov\u00e9 dostali dnes p\u0159ed m\u011bstsk\u00fdmi zastupiteli \u0161anci p\u0159edstavit sv\u00e9 vize a z\u00e1m\u011bry. P\u0159ed t\u00fddnem radn\u00ed zastupitel\u016fm doporu\u010dili schv\u00e1lit prodej p\u011btiny akci\u00ed m\u011bstem vlastn\u011bn\u00e9ho fotbalov\u00e9ho klubu FC Hradec Kr\u00e1lov\u00e9 jednomu z nich, tedy Ivo Ulichovi a partner\u016fm. Dnes se po p\u0159edstaven\u00ed z\u00e1m\u011br\u016f s v\u00fdb\u011brem rady ztoto\u017enili i zastupitel\u00e9 a up\u0159ednostnili Ivo Ulicha s partnery. V kv\u011btnu by zastupitel\u00e9 m\u011bli rozhodnout u\u017e o koupi akci\u00ed a o smlouv\u011b spojen\u00e9 s v\u00fdkonem akcion\u00e1\u0159sk\u00fdch pr\u00e1v.<!--more--><\/p>\n<p style=\"text-align: justify;\">V\u0161ichni t\u0159i uchaze\u010di, tedy Ivo Ulich a partne\u0159i, Alessandro Barilli a sdru\u017een\u00ed spole\u010dnost\u00ed KONCEDO, s.r.o. a Hala Kn\u011b\u017emost, s.r.o., deklarovali sv\u016fj z\u00e1jem o kapit\u00e1lov\u00fd vstup do m\u011bstem vlastn\u011bn\u00e9ho fotbalov\u00e9ho celku FC Hradec Kr\u00e1lov\u00e9 a sv\u00e9 p\u0159edstavy a z\u00e1m\u011bry, p\u0159edstavili 11. dubna 2017 m\u011bstsk\u00fdm radn\u00edm.<\/p>\n<p style=\"text-align: justify;\">\u201eV\u0161ichni t\u0159i z\u00e1jemci projevili up\u0159\u00edmnou snahu vstoupit jak majetkov\u011b, tak zku\u0161enostmi do na\u0161\u00ed m\u011bstsk\u00e9 akciov\u00e9 spole\u010dnosti FC Hradec Kr\u00e1lov\u00e9. Prezentovali sv\u00e9 p\u0159edstavy na rad\u011b m\u011bsta, a ta pot\u00e9 doporu\u010dila skupinu kolem Ivo Ulicha. Rozhodnut\u00ed o prodeji akci\u00ed je v\u0161ak na zastupitelstvu m\u011bsta. M\u011bsto bude m\u00edt zaji\u0161t\u011bn zp\u011btn\u00fd odkup akci\u00ed v p\u0159\u00edpadn\u00e9 akcion\u00e1\u0159sk\u00e9 dohod\u011b, pokud by ze strany spole\u010dn\u00edka nebyly pln\u011bny podm\u00ednky smlouvy. J\u00e1 s\u00e1m bych up\u0159ednostnil skupinu kolem Alessandra Barilliho, ale byl jsem v rad\u011b jedin\u00fd,\u201c \u0159ekl po rad\u011b m\u011bsta 11. dubna Zden\u011bk Fink, prim\u00e1tor m\u011bsta. P\u0159ed dne\u0161n\u00edm hlasov\u00e1n\u00edm v zastupitelstvu uvedl, \u017ee m\u011bstem vlastn\u011bn\u00fd klub FC Hradec Kr\u00e1lov\u00e9 je anom\u00e1li\u00ed v na\u0161em vrcholov\u00e9m fotbalu. \u201eChceme zkusit n\u011bkoho, kdo n\u00e1m s t\u00edm pom\u016f\u017ee. Vstupujeme do situace, kterou t\u011b\u017eko z n\u00e1s n\u011bkdo posoud\u00ed. Jsou tu nab\u00eddky, poj\u010fte jednu z nich vyzkou\u0161et a teprve doba spolupr\u00e1ce uk\u00e1\u017ee, jak to bude vych\u00e1zet,\u201c uzav\u0159el Zden\u011bk Fink.<\/p>\n<p style=\"text-align: justify;\">P\u011btinu akci\u00ed by podle dne\u0161n\u00edho rozhodnut\u00ed zastupitelstva m\u011bl z\u00edskat Ivo Ulich a partne\u0159i. Prodejem se napln\u00ed dlouholet\u00e1 snaha m\u011bsta z\u00edskat pro klub strategick\u00e9ho partnera. Nov\u00fd partner by m\u011bl klubu p\u0159in\u00e9st lep\u0161\u00ed financov\u00e1n\u00ed a po sportovn\u00ed str\u00e1nce um\u00edst\u011bn\u00ed celku v prvn\u00ed polovin\u011b prvoligov\u00e9 tabulky.<\/p>\n<p style=\"text-align: justify;\">\u201eOd nov\u00e9ho strategick\u00e9ho partnera si slibujeme o\u017eiven\u00ed, lep\u0161\u00ed financov\u00e1n\u00ed klubu a z hlediska sportovn\u00edho t\u00e9\u017e figurov\u00e1n\u00ed celku v prvn\u00ed polovin\u011b prvoligov\u00e9 tabulky,\u201c uvedl n\u00e1m\u011bstek prim\u00e1tora Jind\u0159ich Vedlich, kter\u00fd je rovn\u011b\u017e \u010dlenem p\u0159edstavenstva FC Hradec Kr\u00e1lov\u00e9.<\/p>\n<p style=\"text-align: justify;\">Zastupitel\u00e9 sv\u00fdm usnesen\u00edm dnes ulo\u017eili n\u00e1m\u011bstkovi Jind\u0159ichu Vedlichovi s vybran\u00fdm z\u00e1jemcem Ivo Ulichem a partnery jednat a na p\u0159\u00ed\u0161t\u00edm zastupitelstvu, kter\u00e9 se uskute\u010dn\u00ed 30. kv\u011btna 2017, p\u0159edlo\u017eit ke schv\u00e1len\u00ed n\u00e1vrh smlouvy o koupi akci\u00ed spolu s n\u00e1vrhem smlouvy o v\u00fdkonu akcion\u00e1\u0159sk\u00fdch pr\u00e1v, kter\u00e1 bude \u0159e\u0161it detaily vstupu nov\u00e9ho subjektu.<\/p>\n","protected":false},"excerpt":{"rendered":"<p>Z\u00e1jemci o vstup do vlastnick\u00e9 struktury FC Hradec Kr\u00e1lov\u00e9 dostali dnes p\u0159ed m\u011bstsk\u00fdmi zastupiteli \u0161anci p\u0159edstavit sv\u00e9 vize a z\u00e1m\u011bry. P\u0159ed t\u00fddnem radn\u00ed zastupitel\u016fm doporu\u010dili schv\u00e1lit prodej p\u011btiny akci\u00ed m\u011bstem vlastn\u011bn\u00e9ho fotbalov\u00e9ho klubu FC Hradec Kr\u00e1lov\u00e9 jednomu z nich, tedy Ivo Ulichovi a partner\u016fm. Dnes se po p\u0159edstaven\u00ed z\u00e1m\u011br\u016f s v\u00fdb\u011brem rady ztoto\u017enili i zastupitel\u00e9 [&hellip;]<\/p>\n","protected":false},"author":1,"featured_media":3897,"comment_status":"closed","ping_status":"closed","sticky":false,"template":"","format":"standard","meta":{"_monsterinsights_skip_tracking":false,"_monsterinsights_sitenote_active":false,"_monsterinsights_sitenote_note":"","_monsterinsights_sitenote_category":0,"_uf_show_specific_survey":0,"_uf_disable_surveys":false,"footnotes":""},"categories":[6],"tags":[],"class_list":["post-3893","post","type-post","status-publish","format-standard","has-post-thumbnail","hentry","category-zpravy-z-magistratu"],"aioseo_notices":[],"_links":{"self":[{"href":"https:\/\/vedlich.info\/index.php?rest_route=\/wp\/v2\/posts\/3893","targetHints":{"allow":["GET"]}}],"collection":[{"href":"https:\/\/vedlich.info\/index.php?rest_route=\/wp\/v2\/posts"}],"about":[{"href":"https:\/\/vedlich.info\/index.php?rest_route=\/wp\/v2\/types\/post"}],"author":[{"embeddable":true,"href":"https:\/\/vedlich.info\/index.php?rest_route=\/wp\/v2\/users\/1"}],"replies":[{"embeddable":true,"href":"https:\/\/vedlich.info\/index.php?rest_route=%2Fwp%2Fv2%2Fcomments&post=3893"}],"version-history":[{"count":1,"href":"https:\/\/vedlich.info\/index.php?rest_route=\/wp\/v2\/posts\/3893\/revisions"}],"predecessor-version":[{"id":3895,"href":"https:\/\/vedlich.info\/index.php?rest_route=\/wp\/v2\/posts\/3893\/revisions\/3895"}],"wp:featuredmedia":[{"embeddable":true,"href":"https:\/\/vedlich.info\/index.php?rest_route=\/wp\/v2\/media\/3897"}],"wp:attachment":[{"href":"https:\/\/vedlich.info\/index.php?rest_route=%2Fwp%2Fv2%2Fmedia&parent=3893"}],"wp:term":[{"taxonomy":"category","embeddable":true,"href":"https:\/\/vedlich.info\/index.php?rest_route=%2Fwp%2Fv2%2Fcategories&post=3893"},{"taxonomy":"post_tag","embeddable":true,"href":"https:\/\/vedlich.info\/index.php?rest_route=%2Fwp%2Fv2%2Ftags&post=3893"}],"curies":[{"name":"wp","href":"https:\/\/api.w.org\/{rel}","templated":true}]}}