{"id":3883,"date":"2017-04-06T09:47:42","date_gmt":"2017-04-06T08:47:42","guid":{"rendered":"http:\/\/vedlich.info\/?p=3883"},"modified":"2017-04-06T09:47:42","modified_gmt":"2017-04-06T08:47:42","slug":"schodiste-bono-publico-letos-ceka-prvni-etapa-opravy","status":"publish","type":"post","link":"https:\/\/vedlich.info\/?p=3883","title":{"rendered":"Schodi\u0161t\u011b Bono publico letos \u010dek\u00e1 prvn\u00ed etapa opravy"},"content":{"rendered":"<p style=\"text-align: justify;\">Technick\u00e9 slu\u017eby na leto\u0161n\u00ed rok pl\u00e1nuj\u00ed prvn\u00ed etapu opravy kryt\u00e9ho historick\u00e9ho schodi\u0161t\u011b Bono publico. To je zapsan\u00e9 v seznamu kulturn\u00edch pam\u00e1tek.<!--more--><\/p>\n<p style=\"text-align: justify;\">\u201eV sou\u010dasnosti se zpracov\u00e1v\u00e1 projektov\u00e1 dokumentace a budeme vypisovat v\u00fdb\u011brov\u00e9 \u0159\u00edzen\u00ed na zhotovitele prvn\u00ed etapy. Te\u010f je\u0161t\u011b prob\u00edh\u00e1 vynucen\u00fd archeologick\u00fd pr\u016fzkum v zahrad\u00e1ch biskupstv\u00ed,\u201d uvedl Vlastimil Ondr\u00e1\u010dek z Technick\u00fdch slu\u017eeb Hradec Kr\u00e1lov\u00e9. Dodal, \u017ee leto\u0161n\u00ed pr\u00e1ce zahrnou otlu\u010den\u00ed star\u00fdch vlhk\u00fdch om\u00edtek, vnit\u0159n\u00edch i vn\u011bj\u0161\u00edch, a zhotoven\u00ed odsolovac\u00edch sana\u010dn\u00edch om\u00edtek. Ty by m\u011bly zajistit vysu\u0161en\u00ed vlhk\u00e9ho zdiva a jeho zbaven\u00ed sol\u00ed, kter\u00e9 na sebe vlh &#8211; kost v\u00e1\u017eou.<\/p>\n<p style=\"text-align: justify;\">Pr\u00e1v\u011b vlhkost zdiva je toti\u017e Achilovou patou historick\u00e9ho schodi\u0161t\u011b spojuj\u00edc\u00edho prostor k\u0159i\u017eovatky ulic Komensk\u00e9ho a Ign\u00e1ta Herrmanna s Velk\u00fdm n\u00e1m\u011bst\u00edm. Specializovan\u00e1 firma zde n\u00e1sledn\u011b nav\u00edc provede takzvanou elektroosm\u00f3zu, je\u017e m\u00e1 v budoucnu br\u00e1nit vzl\u00edn\u00e1n\u00ed vody opraven\u00fdm zdivem. N\u00e1klady prvn\u00ed \u010d\u00e1sti oprav schodi\u0161t\u011b vzejdou z v\u00fdb\u011brov\u00e9ho \u0159\u00edzen\u00ed. \u201eNa\u0161\u00ed snahou bude zajistit, aby pr\u00e1ce prob\u011bhly co nejrychleji a omezen\u00ed pro chodce tak trvala co nejkrat\u0161\u00ed dobu. Jsme si toti\u017e v\u011bdomi toho, \u017ee schodi\u0161t\u011b Bono publico je velmi frekventovan\u00e9,\u201c slibuje Vlastimil Ondr\u00e1\u010dek. Doplnil, \u017ee m\u011bsto se sna\u017e\u00ed z\u00edskat na opravu pam\u00e1tky dotaci, aby se o n\u00e1klady pod\u011blilo.<\/p>\n<p style=\"text-align: justify;\">Ve druh\u00e9 etap\u011b opravy schodi\u0161t\u011b, kter\u00e1 p\u0159ijde na \u0159adu v dal\u0161\u00edm obdob\u00ed, se po\u010d\u00edt\u00e1 se zhotoven\u00edm nov\u00fdch om\u00edtek, v\u00fdm\u011bnou dubov\u00fdch schodnic, opravou podest z dubov\u00fdch kostek, m\u011bd\u011bn\u00e9ho oplechov\u00e1n\u00ed i elektroinstalace, obnovu zasklen\u00ed oken i v\u00fdm\u011bnou rozvod\u016f kabel\u00e1\u017ee a osv\u011btlen\u00ed.<\/p>\n<p style=\"text-align: justify;\"><img loading=\"lazy\" decoding=\"async\" class=\"aligncenter size-full wp-image-3884\" src=\"http:\/\/vedlich.info\/wp-content\/uploads\/2017\/04\/DSC_5741.jpg\" alt=\"DSC_5741\" width=\"1200\" height=\"675\" srcset=\"https:\/\/vedlich.info\/wp-content\/uploads\/2017\/04\/DSC_5741.jpg 1200w, https:\/\/vedlich.info\/wp-content\/uploads\/2017\/04\/DSC_5741-300x168.jpg 300w, https:\/\/vedlich.info\/wp-content\/uploads\/2017\/04\/DSC_5741-1024x576.jpg 1024w\" sizes=\"auto, (max-width: 1200px) 100vw, 1200px\" \/><\/p>\n","protected":false},"excerpt":{"rendered":"<p>Technick\u00e9 slu\u017eby na leto\u0161n\u00ed rok pl\u00e1nuj\u00ed prvn\u00ed etapu opravy kryt\u00e9ho historick\u00e9ho schodi\u0161t\u011b Bono publico. To je zapsan\u00e9 v seznamu kulturn\u00edch pam\u00e1tek.<\/p>\n","protected":false},"author":1,"featured_media":3884,"comment_status":"closed","ping_status":"closed","sticky":false,"template":"","format":"standard","meta":{"_monsterinsights_skip_tracking":false,"_monsterinsights_sitenote_active":false,"_monsterinsights_sitenote_note":"","_monsterinsights_sitenote_category":0,"_uf_show_specific_survey":0,"_uf_disable_surveys":false,"footnotes":""},"categories":[8],"tags":[],"class_list":["post-3883","post","type-post","status-publish","format-standard","has-post-thumbnail","hentry","category-zpravy-z-ostatnich-medii"],"aioseo_notices":[],"_links":{"self":[{"href":"https:\/\/vedlich.info\/index.php?rest_route=\/wp\/v2\/posts\/3883","targetHints":{"allow":["GET"]}}],"collection":[{"href":"https:\/\/vedlich.info\/index.php?rest_route=\/wp\/v2\/posts"}],"about":[{"href":"https:\/\/vedlich.info\/index.php?rest_route=\/wp\/v2\/types\/post"}],"author":[{"embeddable":true,"href":"https:\/\/vedlich.info\/index.php?rest_route=\/wp\/v2\/users\/1"}],"replies":[{"embeddable":true,"href":"https:\/\/vedlich.info\/index.php?rest_route=%2Fwp%2Fv2%2Fcomments&post=3883"}],"version-history":[{"count":1,"href":"https:\/\/vedlich.info\/index.php?rest_route=\/wp\/v2\/posts\/3883\/revisions"}],"predecessor-version":[{"id":3885,"href":"https:\/\/vedlich.info\/index.php?rest_route=\/wp\/v2\/posts\/3883\/revisions\/3885"}],"wp:featuredmedia":[{"embeddable":true,"href":"https:\/\/vedlich.info\/index.php?rest_route=\/wp\/v2\/media\/3884"}],"wp:attachment":[{"href":"https:\/\/vedlich.info\/index.php?rest_route=%2Fwp%2Fv2%2Fmedia&parent=3883"}],"wp:term":[{"taxonomy":"category","embeddable":true,"href":"https:\/\/vedlich.info\/index.php?rest_route=%2Fwp%2Fv2%2Fcategories&post=3883"},{"taxonomy":"post_tag","embeddable":true,"href":"https:\/\/vedlich.info\/index.php?rest_route=%2Fwp%2Fv2%2Ftags&post=3883"}],"curies":[{"name":"wp","href":"https:\/\/api.w.org\/{rel}","templated":true}]}}