{"id":3879,"date":"2017-04-05T07:21:18","date_gmt":"2017-04-05T06:21:18","guid":{"rendered":"http:\/\/vedlich.info\/?p=3879"},"modified":"2017-04-05T07:23:06","modified_gmt":"2017-04-05T06:23:06","slug":"do-piletic-a-ruseku-po-nove-stezce","status":"publish","type":"post","link":"https:\/\/vedlich.info\/?p=3879","title":{"rendered":"Do Piletic a Ruseku po nov\u00e9 stezce"},"content":{"rendered":"<p style=\"text-align: justify;\">O dal\u0161\u00ed krok se p\u0159ibl\u00ed\u017eila v\u00fdstavba nov\u00e9 stezky pro p\u011b\u0161\u00ed a cyklisty mezi Hradcem Kr\u00e1lov\u00e9 a m\u011bstsk\u00fdmi \u010d\u00e1stmi Piletice a Rusek. Rada m\u011bsta na sv\u00e9m b\u0159eznov\u00e9m zased\u00e1n\u00ed schv\u00e1lila zpracovatele projektov\u00e9 dokumentace pro stavebn\u00ed \u0159\u00edzen\u00ed i n\u00e1sledn\u00e9 proveden\u00ed stavby, jej\u00ed\u017e prvn\u00ed etapa by mohla za\u010d\u00edt ji\u017e v p\u0159\u00ed\u0161t\u00edm roce.<!--more--><\/p>\n<p style=\"text-align: justify;\">M\u011bstsk\u00e9 \u010d\u00e1sti Piletice a Rusek dosud nejsou s vlastn\u00edm m\u011bstem Hradec Kr\u00e1lov\u00e9 propojeny infrastrukturou pro p\u011b\u0161\u00ed ani cyklisty. Jedin\u00e9 dopravn\u00ed spojen\u00ed existuje po silnici III. t\u0159\u00eddy, kde je v\u0161ak pohyb chodc\u016f a cyklist\u016f z pohledu bezpe\u010dnosti rizikov\u00fd. Situace by se mohla zlep\u0161it ji\u017e v p\u0159\u00ed\u0161t\u00edm roce. \u201eIntenzivn\u011b pracujeme na p\u0159\u00edprav\u011b stezky, kter\u00e1 bude odd\u011blen\u00e1 od hlavn\u00edho dopravn\u00edho prostoru. C\u00edlem je zajistit obyvatel\u016fm Piletic a Ruseku komfortn\u00ed a hlavn\u011b bezpe\u010dn\u00e9 napojen\u00ed na m\u011bsto. Ka\u017edodenn\u011b se zde pohybuje mnoho osob doj\u00ed\u017ed\u011bj\u00edc\u00edch do pr\u00e1ce \u010di za studiem a sou\u010dasn\u00fd stav nen\u00ed z tohoto pohledu ide\u00e1ln\u00ed,\u201c up\u0159es\u0148uje z\u00e1m\u011br Jind\u0159ich Vedlich, n\u00e1m\u011bstek prim\u00e1tora pro rozvoj m\u011bsta.<\/p>\n<p style=\"text-align: justify;\">Stavba bude rozd\u011blena na dva samostatn\u00e9 \u00faseky. Jako prvn\u00ed je k realizaci ur\u010dena \u010d\u00e1st mezi Pouchovem a Pileticemi. Sou\u010d\u00e1st\u00ed stavebn\u00edch prac\u00ed bude i \u00faprava st\u00e1vaj\u00edc\u00ed troj\u00faheln\u00edkov\u00e9 k\u0159i\u017eovatky v\u010detn\u011b vybudov\u00e1n\u00ed nov\u00e9ho p\u0159echodu a ve\u0159ejn\u00e9ho osv\u011btlen\u00ed. Tato \u010d\u00e1st stezky m\u00e1 ji\u017e vy\u0159e\u0161en\u00e9 v\u00fdkupy pozemk\u016f, co\u017e se uk\u00e1zalo jako nejn\u00e1ro\u010dn\u011bj\u0161\u00ed sou\u010d\u00e1st p\u0159\u00edpravy investi\u010dn\u00edho z\u00e1m\u011bru. Druh\u00e1 \u010d\u00e1st bude navazovat na prvn\u00ed etapu a povede od zm\u00edn\u011bn\u00e9 k\u0159i\u017eovatky sm\u011brem na Rusek. Pro tento \u00fasek zb\u00fdv\u00e1 do\u0159e\u0161it v\u00fdkup n\u011bkolika posledn\u00edch pozemk\u016f. \u201eKa\u017ed\u00fd z \u00fasek\u016f stezky bude st\u00e1t zhruba \u0161est milion\u016f korun. Sou\u010d\u00e1st\u00ed stavby budou i \u00fapravy zast\u00e1vky MHD Na Dubech, p\u0159echody pro chodce a roz\u0161\u00ed\u0159en\u00ed ve\u0159ejn\u00e9ho osv\u011btlen\u00ed. Se stavbou prvn\u00ed etapy bychom cht\u011bli za\u010d\u00edt ji\u017e v p\u0159\u00ed\u0161t\u00edm roce,\u201c dod\u00e1v\u00e1 Jind\u0159ich Vedlich.<\/p>\n<p style=\"text-align: justify;\"><img loading=\"lazy\" decoding=\"async\" class=\"aligncenter size-full wp-image-3880\" src=\"http:\/\/vedlich.info\/wp-content\/uploads\/2017\/04\/Bez-n\u00e1zvu.png\" alt=\"Bez n\u00e1zvu\" width=\"1386\" height=\"774\" srcset=\"https:\/\/vedlich.info\/wp-content\/uploads\/2017\/04\/Bez-n\u00e1zvu.png 1386w, https:\/\/vedlich.info\/wp-content\/uploads\/2017\/04\/Bez-n\u00e1zvu-300x167.png 300w, https:\/\/vedlich.info\/wp-content\/uploads\/2017\/04\/Bez-n\u00e1zvu-1024x571.png 1024w\" sizes=\"auto, (max-width: 1386px) 100vw, 1386px\" \/><\/p>\n","protected":false},"excerpt":{"rendered":"<p>O dal\u0161\u00ed krok se p\u0159ibl\u00ed\u017eila v\u00fdstavba nov\u00e9 stezky pro p\u011b\u0161\u00ed a cyklisty mezi Hradcem Kr\u00e1lov\u00e9 a m\u011bstsk\u00fdmi \u010d\u00e1stmi Piletice a Rusek. Rada m\u011bsta na sv\u00e9m b\u0159eznov\u00e9m zased\u00e1n\u00ed schv\u00e1lila zpracovatele projektov\u00e9 dokumentace pro stavebn\u00ed \u0159\u00edzen\u00ed i n\u00e1sledn\u00e9 proveden\u00ed stavby, jej\u00ed\u017e prvn\u00ed etapa by mohla za\u010d\u00edt ji\u017e v p\u0159\u00ed\u0161t\u00edm roce.<\/p>\n","protected":false},"author":1,"featured_media":3880,"comment_status":"closed","ping_status":"closed","sticky":false,"template":"","format":"standard","meta":{"_monsterinsights_skip_tracking":false,"_monsterinsights_sitenote_active":false,"_monsterinsights_sitenote_note":"","_monsterinsights_sitenote_category":0,"_uf_show_specific_survey":0,"_uf_disable_surveys":false,"footnotes":""},"categories":[6],"tags":[],"class_list":["post-3879","post","type-post","status-publish","format-standard","has-post-thumbnail","hentry","category-zpravy-z-magistratu"],"aioseo_notices":[],"_links":{"self":[{"href":"https:\/\/vedlich.info\/index.php?rest_route=\/wp\/v2\/posts\/3879","targetHints":{"allow":["GET"]}}],"collection":[{"href":"https:\/\/vedlich.info\/index.php?rest_route=\/wp\/v2\/posts"}],"about":[{"href":"https:\/\/vedlich.info\/index.php?rest_route=\/wp\/v2\/types\/post"}],"author":[{"embeddable":true,"href":"https:\/\/vedlich.info\/index.php?rest_route=\/wp\/v2\/users\/1"}],"replies":[{"embeddable":true,"href":"https:\/\/vedlich.info\/index.php?rest_route=%2Fwp%2Fv2%2Fcomments&post=3879"}],"version-history":[{"count":2,"href":"https:\/\/vedlich.info\/index.php?rest_route=\/wp\/v2\/posts\/3879\/revisions"}],"predecessor-version":[{"id":3882,"href":"https:\/\/vedlich.info\/index.php?rest_route=\/wp\/v2\/posts\/3879\/revisions\/3882"}],"wp:featuredmedia":[{"embeddable":true,"href":"https:\/\/vedlich.info\/index.php?rest_route=\/wp\/v2\/media\/3880"}],"wp:attachment":[{"href":"https:\/\/vedlich.info\/index.php?rest_route=%2Fwp%2Fv2%2Fmedia&parent=3879"}],"wp:term":[{"taxonomy":"category","embeddable":true,"href":"https:\/\/vedlich.info\/index.php?rest_route=%2Fwp%2Fv2%2Fcategories&post=3879"},{"taxonomy":"post_tag","embeddable":true,"href":"https:\/\/vedlich.info\/index.php?rest_route=%2Fwp%2Fv2%2Ftags&post=3879"}],"curies":[{"name":"wp","href":"https:\/\/api.w.org\/{rel}","templated":true}]}}