{"id":3734,"date":"2017-01-25T08:05:36","date_gmt":"2017-01-25T07:05:36","guid":{"rendered":"http:\/\/vedlich.info\/?p=3734"},"modified":"2017-01-25T08:28:00","modified_gmt":"2017-01-25T07:28:00","slug":"zs-sever-ma-od-lonska-nova-okna-letos-prokoukne-i-spojovaci-chodba","status":"publish","type":"post","link":"https:\/\/vedlich.info\/?p=3734","title":{"rendered":"Z\u0160 Sever m\u00e1 od lo\u0148ska nov\u00e1 okna, letos prokoukne i spojovac\u00ed chodba"},"content":{"rendered":"<p style=\"text-align: justify;\">Zhruba dvan\u00e1ct milion\u016f korun s dan\u00ed investovalo vloni m\u011bsto do v\u00fdm\u011bny \u010dty\u0159icet let star\u00fdch oken v Z\u00e1kladn\u00ed \u0161kole Sever v Lu\u017eick\u00e9 ulici na Slezsk\u00e9m P\u0159edm\u011bst\u00ed. Kv\u016fli star\u00fdm okn\u016fm doch\u00e1zelo k velk\u00fdm tepeln\u00fdm ztr\u00e1t\u00e1m. Neopravenou spojovac\u00ed prosklenou chodbu mezi pavilonem druh\u00e9ho stupn\u011b a j\u00eddelnou si vezme na starosti stavebn\u00ed firma letos. S vyps\u00e1n\u00edm tendru na zak\u00e1zku, kter\u00e1 by se m\u011bla uskute\u010dnit letos v l\u00e9t\u011b, souhlasili dnes i m\u011bst\u0161t\u00ed radn\u00ed.<!--more--><\/p>\n<p style=\"text-align: justify;\">Lo\u0148sk\u00e1 v\u00fdm\u011bna oken i venkovn\u00edch dve\u0159\u00ed zamezila ve velk\u00e9 m\u00ed\u0159e tepeln\u00fdm ztr\u00e1t\u00e1m, ke kter\u00fdm doch\u00e1zelo \u0159adu let. Celkov\u00e1 rekonstrukce byla od prvopo\u010d\u00e1tku rozd\u011blen\u00e1 na dv\u011b stavebn\u00ed \u010d\u00e1sti, p\u0159i\u010dem\u017e tu prvn\u00ed m\u011bsto provedlo v lo\u0148sk\u00e9m roce. Letos p\u0159ich\u00e1z\u00ed na \u0159adu druh\u00e1 \u010d\u00e1st, kter\u00e1 spo\u010d\u00edv\u00e1 v zateplen\u00ed a v\u00fdm\u011bn\u011b oken a oprav\u011b a stavebn\u00edch \u00faprav\u00e1ch chodby mezi pavilonem druh\u00e9ho stupn\u011b a j\u00eddelnou.<\/p>\n<p style=\"text-align: justify;\">\u201eStavebn\u00ed pr\u00e1ce by m\u011bly b\u00fdt provedeny op\u011bt o pr\u00e1zdnin\u00e1ch, aby nedo\u0161lo k naru\u0161en\u00ed v\u00fduky. Prost\u0159ed\u00ed pro d\u011bti a kantory bude do budoucna komfortn\u011bj\u0161\u00ed a d\u016fstojn\u00e9,\u201c komentuje z\u00e1m\u011br m\u011bsta a rozhodnut\u00ed radn\u00edch Jind\u0159ich Vedlich, n\u00e1m\u011bstek prim\u00e1tora.<\/p>\n<p style=\"text-align: justify;\">\u201eOprava \u0161koln\u00edch budov, mysl\u00edm t\u00edm p\u0159edev\u0161\u00edm rekonstrukce elektrick\u00fdch, vodovodn\u00edch a kanaliza\u010dn\u00edch rozvod\u016f, zateplov\u00e1n\u00ed a zv\u00fd\u0161en\u00ed komfortu pro pobyt \u017e\u00e1k\u016f je aktu\u00e1ln\u00ed t\u00e9ma. V lo\u0148sk\u00e9m roce jsme vytvo\u0159ili syst\u00e9m postupn\u00e9 rekonstrukce \u0161kolsk\u00fdch za\u0159\u00edzen\u00ed tak, aby ve lh\u016ft\u011b deseti let byly tyto pln\u011b opraveny a v\u0161echny rozvody vym\u011bn\u011bny,\u201c dod\u00e1v\u00e1 Romana Li\u0161kov\u00e1, n\u00e1m\u011bstkyn\u011b prim\u00e1tora zodpov\u011bdn\u00e1 za majetek m\u011bsta, v n\u011bm\u017e jsou pr\u00e1v\u011b \u0161kolsk\u00e9 budovy zastoupeny nejv\u011bt\u0161\u00edm d\u00edlem.<\/p>\n<p style=\"text-align: justify;\">Informace o lo\u0148sk\u00e9 investici <span style=\"color: #3366ff;\"><a href=\"http:\/\/www.hradeckralove.org\/noviny-a-novinky\/zakladni-skola-sever-v-luzicke-ulici-dostane-nova-okna\" target=\"_blank\"><span style=\"color: #3366ff;\">zde<\/span><\/a><\/span>.<\/p>\n","protected":false},"excerpt":{"rendered":"<p>Zhruba dvan\u00e1ct milion\u016f korun s dan\u00ed investovalo vloni m\u011bsto do v\u00fdm\u011bny \u010dty\u0159icet let star\u00fdch oken v Z\u00e1kladn\u00ed \u0161kole Sever v Lu\u017eick\u00e9 ulici na Slezsk\u00e9m P\u0159edm\u011bst\u00ed. Kv\u016fli star\u00fdm okn\u016fm doch\u00e1zelo k velk\u00fdm tepeln\u00fdm ztr\u00e1t\u00e1m. Neopravenou spojovac\u00ed prosklenou chodbu mezi pavilonem druh\u00e9ho stupn\u011b a j\u00eddelnou si vezme na starosti stavebn\u00ed firma letos. S vyps\u00e1n\u00edm tendru na zak\u00e1zku, [&hellip;]<\/p>\n","protected":false},"author":1,"featured_media":3736,"comment_status":"closed","ping_status":"closed","sticky":false,"template":"","format":"standard","meta":{"_monsterinsights_skip_tracking":false,"_monsterinsights_sitenote_active":false,"_monsterinsights_sitenote_note":"","_monsterinsights_sitenote_category":0,"_uf_show_specific_survey":0,"_uf_disable_surveys":false,"footnotes":""},"categories":[6],"tags":[],"class_list":["post-3734","post","type-post","status-publish","format-standard","has-post-thumbnail","hentry","category-zpravy-z-magistratu"],"aioseo_notices":[],"_links":{"self":[{"href":"https:\/\/vedlich.info\/index.php?rest_route=\/wp\/v2\/posts\/3734","targetHints":{"allow":["GET"]}}],"collection":[{"href":"https:\/\/vedlich.info\/index.php?rest_route=\/wp\/v2\/posts"}],"about":[{"href":"https:\/\/vedlich.info\/index.php?rest_route=\/wp\/v2\/types\/post"}],"author":[{"embeddable":true,"href":"https:\/\/vedlich.info\/index.php?rest_route=\/wp\/v2\/users\/1"}],"replies":[{"embeddable":true,"href":"https:\/\/vedlich.info\/index.php?rest_route=%2Fwp%2Fv2%2Fcomments&post=3734"}],"version-history":[{"count":1,"href":"https:\/\/vedlich.info\/index.php?rest_route=\/wp\/v2\/posts\/3734\/revisions"}],"predecessor-version":[{"id":3735,"href":"https:\/\/vedlich.info\/index.php?rest_route=\/wp\/v2\/posts\/3734\/revisions\/3735"}],"wp:featuredmedia":[{"embeddable":true,"href":"https:\/\/vedlich.info\/index.php?rest_route=\/wp\/v2\/media\/3736"}],"wp:attachment":[{"href":"https:\/\/vedlich.info\/index.php?rest_route=%2Fwp%2Fv2%2Fmedia&parent=3734"}],"wp:term":[{"taxonomy":"category","embeddable":true,"href":"https:\/\/vedlich.info\/index.php?rest_route=%2Fwp%2Fv2%2Fcategories&post=3734"},{"taxonomy":"post_tag","embeddable":true,"href":"https:\/\/vedlich.info\/index.php?rest_route=%2Fwp%2Fv2%2Ftags&post=3734"}],"curies":[{"name":"wp","href":"https:\/\/api.w.org\/{rel}","templated":true}]}}