{"id":3660,"date":"2016-10-31T09:55:24","date_gmt":"2016-10-31T08:55:24","guid":{"rendered":"http:\/\/vedlich.info\/?p=3660"},"modified":"2016-10-31T09:55:24","modified_gmt":"2016-10-31T08:55:24","slug":"start-stavby-prvniho-useku-cyklostezky-do-pardubic-se-blizi","status":"publish","type":"post","link":"https:\/\/vedlich.info\/?p=3660","title":{"rendered":"Start stavby prvn\u00edho \u00faseku cyklostezky do Pardubic se bl\u00ed\u017e\u00ed"},"content":{"rendered":"<p style=\"text-align: justify;\">Stavba cyklostezky mechu a pern\u00edku, jak se \u0159\u00edk\u00e1 komunikaci pro cyklisty, p\u011b\u0161\u00ed i brusla\u0159e, kter\u00e1 v budoucnu spoj\u00ed Hradec Kr\u00e1lov\u00e9 s Pardubicemi, by mohla za\u010d\u00edt u\u017e v p\u0159\u00ed\u0161t\u00edm roce. Jako prvn\u00ed p\u0159ijde na \u0159adu \u00fasek mezi Hradcem a Vysokou nad Labem, kde p\u0159\u00edprava na p\u0159\u00edpadn\u00fd p\u0159\u00edjezd stavebn\u00edch stroj\u016f a d\u011bln\u00edk\u016f pokro\u010dila nejd\u00e1l.\u00a0<!--more--><\/p>\n<p style=\"text-align: justify;\">\u201eNa\u0161\u00edm c\u00edlem je, aby bylo mo\u017en\u00e9 zah\u00e1jit stavebn\u00ed pr\u00e1ce na cyklostezce ji\u017e v p\u0159\u00ed\u0161t\u00edm roce,\u201c uvedl Jind\u0159ich Vedlich, n\u00e1m\u011bstek prim\u00e1tora a z\u00e1stupce krajsk\u00e9ho m\u011bsta ve svazku obc\u00ed Hradubick\u00e1 labsk\u00e1, kter\u00fd projekt zast\u0159e\u0161uje. Dodal, \u017ee m\u011bsto Hradec Kr\u00e1lov\u00e9 je p\u0159ipraveno pod\u00edlet se i na jeho spolufinancov\u00e1n\u00ed. V cel\u00e9 d\u00e9lce trasy z T\u0159eb\u0161e do Vysok\u00e9, kter\u00e1 m\u00e1 v\u00e9st po lev\u00e9m b\u0159ehu \u0159eky Labe, jsou pot\u0159ebn\u00e9 pozemky bu\u010f vykoupeny, nebo smluvn\u011b zaji\u0161t\u011bny. Jedin\u00e9, co m\u016f\u017ee stavbu v p\u0159\u00ed\u0161t\u00edm roce ohrozit, je spole\u010dn\u00e1 domluva m\u011bsta a kraje na financov\u00e1n\u00ed v\u00fdstavby, proto\u017ee oba partne\u0159i maj\u00ed na p\u0159edm\u011btn\u00e9m \u00faseku skoro polovi\u010dn\u00ed pod\u00edl.<\/p>\n<p style=\"text-align: justify;\">Aktu\u00e1ln\u011b se pracuje na administrativn\u00ed p\u0159\u00edprav\u011b stavby. Pr\u00e1ce v\u0161ak pokra\u010duj\u00ed i na p\u0159\u00edprav\u011b dal\u0161\u00edch \u00fasek\u016f, nap\u0159\u00edklad z Vysok\u00e9 do Opatovic, kde jsou ji\u017e schv\u00e1leny v\u00fdkupy pot\u0159ebn\u00fdch pozemk\u016f od jejich vlastn\u00edk\u016f, a za\u010dne se p\u0159ipravovat projektov\u00e1 dokumentace. \u201eOd Opatovic do obce D\u0159\u00edte\u010d nyn\u00ed vykupujeme pozemky. Z celkov\u00e9ho po\u010dtu sedmi ji\u017e m\u00e1me schv\u00e1len v\u00fdkup \u010dty\u0159 parcel a v jedn\u00e1n\u00ed jsou dal\u0161\u00ed dv\u011b, jeden vlastn\u00edk pozemku zat\u00edm nekomunikuje. D\u00e1le se st\u00e1le zab\u00fdv\u00e1me \u0159e\u0161en\u00edm p\u0159echodu \u0159eky v r\u00e1mci mostu opatovick\u00e9 elektr\u00e1rny,\u201c p\u0159ibl\u00ed\u017eil aktu\u00e1ln\u00ed situaci \u0159editel Svazku obc\u00ed Hradubick\u00e1 labsk\u00e1 Ji\u0159\u00ed Hor\u00e1k.<\/p>\n<p style=\"text-align: justify;\">V dal\u0161\u00edm \u00faseku mezi obcemi D\u0159\u00edte\u010d a N\u011bm\u010dice jsou pozemky u\u017e vykoupeny, ov\u0161em st\u00e1le se jedn\u00e1 o \u0161\u00ed\u0159ce stezky v tomto prostoru. Pozemkov\u011b je zaji\u0161t\u011bna i \u010d\u00e1st mezi N\u011bm\u010dicemi a hradem Kun\u011btick\u00e1 hora, kde prob\u00edh\u00e1 p\u0159\u00edprava dokumentace pro \u00fazemn\u00ed rozhodnut\u00ed a v p\u0159\u00ed\u0161t\u00edm roce by mohly za\u010d\u00edt pr\u00e1ce na dokumentaci pro stavebn\u00ed povolen\u00ed. Stezka by m\u011bla po dokon\u010den\u00ed slou\u017eit nejen cyklist\u016fm, ale tak\u00e9 p\u011b\u0161\u00edm, inline brusla\u0159\u016fm a v zim\u011b t\u0159eba i b\u011b\u017eka\u0159\u016fm.<\/p>\n","protected":false},"excerpt":{"rendered":"<p>Stavba cyklostezky mechu a pern\u00edku, jak se \u0159\u00edk\u00e1 komunikaci pro cyklisty, p\u011b\u0161\u00ed i brusla\u0159e, kter\u00e1 v budoucnu spoj\u00ed Hradec Kr\u00e1lov\u00e9 s Pardubicemi, by mohla za\u010d\u00edt u\u017e v p\u0159\u00ed\u0161t\u00edm roce. Jako prvn\u00ed p\u0159ijde na \u0159adu \u00fasek mezi Hradcem a Vysokou nad Labem, kde p\u0159\u00edprava na p\u0159\u00edpadn\u00fd p\u0159\u00edjezd stavebn\u00edch stroj\u016f a d\u011bln\u00edk\u016f pokro\u010dila nejd\u00e1l.\u00a0<\/p>\n","protected":false},"author":1,"featured_media":3661,"comment_status":"closed","ping_status":"closed","sticky":false,"template":"","format":"standard","meta":{"_monsterinsights_skip_tracking":false,"_monsterinsights_sitenote_active":false,"_monsterinsights_sitenote_note":"","_monsterinsights_sitenote_category":0,"_uf_show_specific_survey":0,"_uf_disable_surveys":false,"footnotes":""},"categories":[6],"tags":[],"class_list":["post-3660","post","type-post","status-publish","format-standard","has-post-thumbnail","hentry","category-zpravy-z-magistratu"],"aioseo_notices":[],"_links":{"self":[{"href":"https:\/\/vedlich.info\/index.php?rest_route=\/wp\/v2\/posts\/3660","targetHints":{"allow":["GET"]}}],"collection":[{"href":"https:\/\/vedlich.info\/index.php?rest_route=\/wp\/v2\/posts"}],"about":[{"href":"https:\/\/vedlich.info\/index.php?rest_route=\/wp\/v2\/types\/post"}],"author":[{"embeddable":true,"href":"https:\/\/vedlich.info\/index.php?rest_route=\/wp\/v2\/users\/1"}],"replies":[{"embeddable":true,"href":"https:\/\/vedlich.info\/index.php?rest_route=%2Fwp%2Fv2%2Fcomments&post=3660"}],"version-history":[{"count":1,"href":"https:\/\/vedlich.info\/index.php?rest_route=\/wp\/v2\/posts\/3660\/revisions"}],"predecessor-version":[{"id":3662,"href":"https:\/\/vedlich.info\/index.php?rest_route=\/wp\/v2\/posts\/3660\/revisions\/3662"}],"wp:featuredmedia":[{"embeddable":true,"href":"https:\/\/vedlich.info\/index.php?rest_route=\/wp\/v2\/media\/3661"}],"wp:attachment":[{"href":"https:\/\/vedlich.info\/index.php?rest_route=%2Fwp%2Fv2%2Fmedia&parent=3660"}],"wp:term":[{"taxonomy":"category","embeddable":true,"href":"https:\/\/vedlich.info\/index.php?rest_route=%2Fwp%2Fv2%2Fcategories&post=3660"},{"taxonomy":"post_tag","embeddable":true,"href":"https:\/\/vedlich.info\/index.php?rest_route=%2Fwp%2Fv2%2Ftags&post=3660"}],"curies":[{"name":"wp","href":"https:\/\/api.w.org\/{rel}","templated":true}]}}