{"id":3465,"date":"2016-08-09T10:01:22","date_gmt":"2016-08-09T09:01:22","guid":{"rendered":"http:\/\/vedlich.info\/?p=3465"},"modified":"2016-08-21T10:06:36","modified_gmt":"2016-08-21T09:06:36","slug":"namesti-je-vred-hradce-rekl-primator-podle-ministerstva-je-podjaty","status":"publish","type":"post","link":"https:\/\/vedlich.info\/?p=3465","title":{"rendered":"N\u00e1m\u011bst\u00ed je v\u0159ed Hradce, \u0159ekl prim\u00e1tor. Podle ministerstva je podjat\u00fd"},"content":{"rendered":"<p style=\"text-align: justify;\"><em>hradec.iDNES.cz | 8.8.2016 | Rubrika: Hradec \/ Hradec &#8211; zpr\u00e1vy | Strana: 0 | Autor: MF DNES, Michaela Rambouskov\u00e1 | T\u00e9ma: Magistr\u00e1t m\u011bsta Hradec Kr\u00e1lov\u00e9<\/em><\/p>\n<p style=\"text-align: justify;\">Ministerstvo pro m\u00edstn\u00ed rozvoj ur\u010dilo, \u017ee rekonstrukci Velk\u00e9ho n\u00e1m\u011bst\u00ed v Hradci Kr\u00e1lov\u00e9 rozhodne stavebn\u00ed \u00fa\u0159ad n\u011bkter\u00e9ho z okoln\u00edch m\u011bst. Potvrdilo toti\u017e n\u00e1mitku aktivist\u016f ohledn\u011b podjatosti prim\u00e1tora i \u00fa\u0159edn\u00edk\u016f. Prim\u00e1tor je podle ministerstva podjat\u00fd t\u0159eba i proto, \u017ee v m\u00e9di\u00edch tvrdil, \u017ee vzhled Velk\u00e9ho n\u00e1m\u011bst\u00ed je v\u0159edem Hradce.<!--more--><\/p>\n<p style=\"text-align: justify;\">N\u00e1mitku p\u016fvodn\u011b zam\u00edtl Kr\u00e1lov\u00e9hradeck\u00fd kraj, Spolek pro kvalitu \u017eivota, kter\u00fd bojuje proti tomu, jak by m\u011bla vypadat p\u0159estavba historick\u00e9ho centra, je\u017e je u\u017e roky ostudou m\u011bsta, se v\u0161ak proti rozhodnut\u00ed kraje odvolal a Ministerstvo pro m\u00edstn\u00ed rozvoj mu dalo za pravdu. Pro hradeckou radnici to znamen\u00e1, \u017ee o rekonstrukci hradeck\u00e9ho n\u00e1m\u011bst\u00ed bude rozhodovat stavebn\u00ed \u00fa\u0159ad z jin\u00e9ho m\u011bsta.<\/p>\n<p style=\"text-align: justify;\">\u201ePodle spr\u00e1vn\u00edho \u0159\u00e1du mus\u00ed j\u00edt o obec, kter\u00e1 s n\u00e1mi sv\u00fdm obvodem soused\u00ed,\u201c vysv\u011btlila mluv\u010d\u00ed magistr\u00e1tu Magdal\u00e9na Vl\u010dkov\u00e1.<\/p>\n<p style=\"text-align: justify;\">Zhruba dvousetmilionovou rekonstrukci zanedban\u00e9ho historick\u00e9ho rynku budou posuzovat \u00fa\u0159edn\u00edci v Dobru\u0161ce, Nov\u00e9m Byd\u017eov\u011b nebo Jarom\u011b\u0159i. Rozhodnut\u00ed bude op\u011bt na Kr\u00e1lov\u00e9hradeck\u00e9m kraji.<\/p>\n<p style=\"text-align: justify;\">Hradec Kr\u00e1lov\u00e9 chce historick\u00e9 n\u00e1m\u011bst\u00ed opravovat u\u017e od roku 2008. Realizaci projektu v\u0161ak st\u00e1le n\u011bco odsouvalo, proto\u017ee m\u011bsto nejd\u0159\u00edve m\u011blo probl\u00e9m z\u00edskat pot\u0159ebn\u00e1 povolen\u00ed v\u0161ech vlastn\u00edk\u016f dot\u010den\u00fdch objekt\u016f a pozemk\u016f, a kdy\u017e u\u017e je skoro m\u011blo, proti rekonstrukci v zam\u00fd\u0161len\u00e9 verzi se postavil pr\u00e1v\u011b Spolek pro kvalitu \u017eivota. Vytvo\u0159il petici a pustil se do boje s n\u00e1mitkou podjatosti, kterou mu pomohla vytvo\u0159it b\u00fdval\u00e1 zam\u011bstnankyn\u011b pr\u00e1vn\u00edho odd\u011blen\u00ed magistr\u00e1tu.<\/p>\n<p style=\"text-align: justify;\">Podle n\u00e1m\u011bstka prim\u00e1tora Jind\u0159icha Vedlicha (TOP 09), kter\u00fd m\u00e1 rekonstrukci n\u00e1m\u011bst\u00ed na starost, by v\u0161ak rozhodnut\u00ed ministerstva nem\u011blo pl\u00e1novanou rekonstrukci znovu odd\u00e1lit. Hradec chce j\u00edt k \u00dastavn\u00edmu soudu<\/p>\n<p style=\"text-align: justify;\">\u201eRozd\u00edl bude pouze v tom, kter\u00fd stavebn\u00ed \u00fa\u0159ad bude projekt \u0159e\u0161it, rekonstrukci to v\u0161ak nijak nezdr\u017e\u00ed,\u201c \u0159\u00edk\u00e1 Vedlich, kter\u00fd chce s kolegy ve veden\u00ed m\u011bsta probrat mo\u017enost, \u017ee by se hradeck\u00e1 radnice obr\u00e1tila na \u00dastavn\u00ed soud.<\/p>\n<p style=\"text-align: justify;\">\u201eZv\u00e1\u017e\u00edme \u017ealobu u \u00dastavn\u00edho soudu, proto\u017ee rozhodnut\u00ed ministerstva je naprosto absurdn\u00ed a do budoucna by nemuselo m\u00edt vliv jen na rekonstrukci Velk\u00e9ho n\u00e1m\u011bst\u00ed, ale i na dal\u0161\u00ed stavby, kter\u00e9 realizuj\u00ed m\u011bsta v cel\u00e9 republice,\u201c \u0159\u00edk\u00e1 Vedlich.<\/p>\n<p style=\"text-align: justify;\">Za nejv\u011bt\u0161\u00ed absurditu pova\u017euje Vedlich \u010d\u00e1st ministersk\u00e9ho od\u016fvodn\u011bn\u00ed, kter\u00e9 posuzuje mo\u017enou podjatost prim\u00e1tora podle jeho medi\u00e1ln\u00edch vyj\u00e1d\u0159en\u00ed. &#8222;Prim\u00e1tor m\u011bsta ov\u0161em uv\u00e1d\u011bl i informace, kter\u00e9 u\u017e nelze ozna\u010dit jako b\u011b\u017en\u00e9 informov\u00e1n\u00ed ve\u0159ejnosti,\u201c uv\u00e1d\u00ed od\u016fvodn\u011bn\u00ed od ministerstva. Nad r\u00e1mec b\u011b\u017en\u00e9ho informov\u00e1n\u00ed ve\u0159ejnosti pr\u00fd bylo t\u0159eba jeho vyj\u00e1d\u0159en\u00ed pro MF DNES z rozhovoru v prosinci 2012, kdy vzhledem k Velk\u00e9mu n\u00e1m\u011bst\u00ed \u0159ekl, podle ministerstva expresivn\u011b, \u017ee \u201ejin\u00fd velk\u00fd v\u0159ed ve m\u011bst\u011b nevid\u00ed\u201c.<\/p>\n<p style=\"text-align: justify;\">P\u016fvodn\u00ed hodnocen\u00ed krajsk\u00e9ho \u00fa\u0159adu, \u017ee jde o b\u011b\u017en\u00e1 vystoupen\u00ed p\u0159edstavitele samospr\u00e1vy, pr\u00fd nen\u00ed zrovna p\u0159il\u00e9hav\u00e9. Kraj ve sv\u00e9m zd\u016fvodn\u011bn\u00ed zam\u00edtnut\u00ed n\u00e1mitky hradeck\u00e9ho spolku pr\u00fd tak\u00e9 \u0161patn\u011b zareagoval na petici, kterou spolek zorganizoval. Na ar\u0161\u00edch a internetu ji podepsalo kolem \u0161esti stovek lid\u00ed. Podle kraje toti\u017e petice nebyla p\u0159edm\u011btem \u0159\u00edzen\u00ed.<\/p>\n<p style=\"text-align: justify;\"><strong>Petice m\u00edstn\u00edch? Podpisy jsou z Ostravy i Rakovn\u00edka<\/strong><\/p>\n<p style=\"text-align: justify;\">\u201eTakto nelze reagovat na petici, kter\u00e1 je podle podatel\u016f n\u00e1mitky skute\u010dnost\u00ed sv\u011bd\u010d\u00edc\u00ed o tom, \u017ee na \u00fazem\u00ed m\u011bsta nen\u00ed z\u00e1m\u011br p\u0159ij\u00edm\u00e1n,\u201c argumentuje kostrbat\u011b ministerstvo v rozhodnut\u00ed. Jak je z\u00e1m\u011br na \u00fazem\u00ed m\u011bsta p\u0159ij\u00edm\u00e1n, by se dalo polemizovat p\u0159i pohledu na internetovou verzi petice, pod n\u00ed\u017e jsou podpisy lid\u00ed nap\u0159\u00edklad z P\u00edsku, Prahy, Brna, Ostravy, Rakovn\u00edka, Boskovic a dal\u0161\u00edch m\u011bst po cel\u00e9 republice.<\/p>\n<p>Spor mezi m\u011bstem a Spolkem pro kvalitu \u017eivota vznikl kv\u016fli projektu na rekonstrukci n\u00e1m\u011bst\u00ed, kter\u00fd po\u010d\u00edt\u00e1 se zru\u0161en\u00edm co nejv\u00edce parkovac\u00edch m\u00edst. Spolek p\u0159i\u0161el p\u0159ed rokem s petic\u00ed, kter\u00e1 odm\u00edt\u00e1 zru\u0161en\u00ed 170 parkovac\u00edch m\u00edst ze sou\u010dasn\u00fdch 290. Podle autor\u016f petice \u201eauta znamenaj\u00ed lidi\u201c a jejich vyhn\u00e1n\u00ed z historick\u00e9ho centra z n\u011bj tak vy\u017eene i je.<\/p>\n<p>M\u00e1me zpracovanou studii, kter\u00e1 vych\u00e1z\u00ed ze s\u010d\u00edt\u00e1n\u00ed aut na n\u00e1m\u011bst\u00ed, a podle n\u00ed je navrhovan\u00fd po\u010det m\u00edst dostate\u010dn\u00fd na zaji\u0161t\u011bn\u00ed ve\u0161ker\u00fdch pot\u0159eb \u00fazem\u00ed,\u201c zd\u016fvod\u0148uje sn\u00ed\u017een\u00ed parkovac\u00edch m\u00edst autor projektu architekt Ji\u0159\u00ed Krej\u010d\u00edk. Auta cht\u011bj\u00ed auto\u0159i projektu vyhnat bu\u010f do ulic soused\u00edc\u00edch s n\u00e1m\u011bst\u00edm, \u010di do okoln\u00edch parkovac\u00edch dom\u016f.<\/p>\n<p style=\"text-align: justify;\">\n","protected":false},"excerpt":{"rendered":"<p>hradec.iDNES.cz | 8.8.2016 | Rubrika: Hradec \/ Hradec &#8211; zpr\u00e1vy | Strana: 0 | Autor: MF DNES, Michaela Rambouskov\u00e1 | T\u00e9ma: Magistr\u00e1t m\u011bsta Hradec Kr\u00e1lov\u00e9 Ministerstvo pro m\u00edstn\u00ed rozvoj ur\u010dilo, \u017ee rekonstrukci Velk\u00e9ho n\u00e1m\u011bst\u00ed v Hradci Kr\u00e1lov\u00e9 rozhodne stavebn\u00ed \u00fa\u0159ad n\u011bkter\u00e9ho z okoln\u00edch m\u011bst. Potvrdilo toti\u017e n\u00e1mitku aktivist\u016f ohledn\u011b podjatosti prim\u00e1tora i \u00fa\u0159edn\u00edk\u016f. Prim\u00e1tor je [&hellip;]<\/p>\n","protected":false},"author":1,"featured_media":0,"comment_status":"closed","ping_status":"closed","sticky":false,"template":"","format":"standard","meta":{"_monsterinsights_skip_tracking":false,"_monsterinsights_sitenote_active":false,"_monsterinsights_sitenote_note":"","_monsterinsights_sitenote_category":0,"_uf_show_specific_survey":0,"_uf_disable_surveys":false,"footnotes":""},"categories":[8],"tags":[],"class_list":["post-3465","post","type-post","status-publish","format-standard","hentry","category-zpravy-z-ostatnich-medii"],"aioseo_notices":[],"_links":{"self":[{"href":"https:\/\/vedlich.info\/index.php?rest_route=\/wp\/v2\/posts\/3465","targetHints":{"allow":["GET"]}}],"collection":[{"href":"https:\/\/vedlich.info\/index.php?rest_route=\/wp\/v2\/posts"}],"about":[{"href":"https:\/\/vedlich.info\/index.php?rest_route=\/wp\/v2\/types\/post"}],"author":[{"embeddable":true,"href":"https:\/\/vedlich.info\/index.php?rest_route=\/wp\/v2\/users\/1"}],"replies":[{"embeddable":true,"href":"https:\/\/vedlich.info\/index.php?rest_route=%2Fwp%2Fv2%2Fcomments&post=3465"}],"version-history":[{"count":1,"href":"https:\/\/vedlich.info\/index.php?rest_route=\/wp\/v2\/posts\/3465\/revisions"}],"predecessor-version":[{"id":3466,"href":"https:\/\/vedlich.info\/index.php?rest_route=\/wp\/v2\/posts\/3465\/revisions\/3466"}],"wp:attachment":[{"href":"https:\/\/vedlich.info\/index.php?rest_route=%2Fwp%2Fv2%2Fmedia&parent=3465"}],"wp:term":[{"taxonomy":"category","embeddable":true,"href":"https:\/\/vedlich.info\/index.php?rest_route=%2Fwp%2Fv2%2Fcategories&post=3465"},{"taxonomy":"post_tag","embeddable":true,"href":"https:\/\/vedlich.info\/index.php?rest_route=%2Fwp%2Fv2%2Ftags&post=3465"}],"curies":[{"name":"wp","href":"https:\/\/api.w.org\/{rel}","templated":true}]}}