{"id":3398,"date":"2016-07-25T08:58:11","date_gmt":"2016-07-25T07:58:11","guid":{"rendered":"http:\/\/vedlich.info\/?p=3398"},"modified":"2016-07-25T09:41:56","modified_gmt":"2016-07-25T08:41:56","slug":"velke-namesti-v-hradci-kralove-vs-namesti-napric-republikou","status":"publish","type":"post","link":"https:\/\/vedlich.info\/?p=3398","title":{"rendered":"Velk\u00e9 n\u00e1m\u011bst\u00ed v Hradci Kr\u00e1lov\u00e9 vs. n\u00e1m\u011bst\u00ed nap\u0159\u00ed\u010d republikou"},"content":{"rendered":"<p><em>S laskav\u00fdm svolen\u00edm Ing. arch. V\u00e1clava H\u00e1jka, autora text\u016f, si dovoluji zve\u0159ejnit zaj\u00edmav\u00e9 srovn\u00e1n\u00ed aktu\u00e1ln\u00edho stavu Velk\u00e9ho n\u00e1m\u011bst\u00ed v\u00a0Hradci Kr\u00e1lov\u00e9 s\u00a0ostatn\u00edmi n\u00e1m\u011bst\u00edmi ve vybran\u00fdch m\u011bstech \u010cesk\u00e9 republiky. <\/em><\/p>\n<p><!--more--><\/p>\n<p style=\"text-align: justify;\">Revitalizace Velk\u00e9ho n\u00e1m\u011bst\u00ed v Hradci Kr\u00e1lov\u00e9 a zejm\u00e9na parkov\u00e1n\u00ed v tomto m\u00edst\u011b jsou st\u00e1le velk\u00fdm t\u00e9matem. N\u011bkte\u0159\u00ed tvrd\u00ed, \u017ee v\u00fdraznou redukc\u00ed po\u010dtu parkovac\u00edch m\u00edst dojde k umrtven\u00ed n\u00e1m\u011bst\u00ed. \u010cl\u00e1nek p\u0159in\u00e1\u0161\u00ed mal\u00e9 srovn\u00e1n\u00ed, jak\u00fdm zp\u016fsobem jsou \u0159e\u0161ena hlavn\u00ed n\u00e1m\u011bst\u00ed v dal\u0161\u00edch velk\u00fdch m\u011bstech \u010cesk\u00e9 republiky, jak je \u0159e\u0161eno parkov\u00e1n\u00ed a jak\u00fd to m\u011blo vliv na \u017eivot ve m\u011bst\u011b.<\/p>\n<p style=\"text-align: justify;\"><div class=\"fusion-sep-clear\"><\/div><div class=\"fusion-separator sep-none\" style=\"border-color:#d6d6d6;margin-top:0px;margin-bottom:20px;\"><\/div>\n<h3>Pardubice<\/h3>\n<style type=\"text\/css\">.imageframe-1 img{border:0px solid #f6f6f6;}<\/style><span style class=\"fusion-imageframe imageframe imageframe-none imageframe-1\"><a href=\"http:\/\/vedlich.info\/wp-content\/uploads\/2016\/07\/pce-1024x601.jpg\" class=\"lightbox-shortcode\" rel=\"prettyPhoto\"><img decoding=\"async\" src=\"http:\/\/vedlich.info\/wp-content\/uploads\/2016\/07\/pce-1024x601.jpg\" alt=\"\" class=\"img-responsive\" \/><\/a><\/span><div class=\"fusion-sep-clear\"><\/div><div class=\"fusion-separator sep-none\" style=\"border-color:#d6d6d6;margin-top:0px;margin-bottom:10px;\"><\/div>\nPardubice jsou mnoh\u00fdmi Hrade\u010d\u00e1ky tak trochu opovrhovan\u00e9. Faktem ale je, \u017ee hlavn\u00ed n\u00e1m\u011bst\u00ed je zde v mnohem lep\u0161\u00edm stavu, ne\u017e v Hradci. Parkov\u00e1n\u00ed je omezen\u00e9 pouze na v\u00fdchodn\u00ed \u010dtvrtinu plochy. Zbylou \u010d\u00e1st tvo\u0159\u00ed voln\u00e1 dl\u00e1\u017ed\u011bn\u00e1 plocha s dominantou mari\u00e1nsk\u00e9ho sloupu obklopen\u00e9ho \u010dtve\u0159ic\u00ed strom\u016f.<\/p>\n<div class=\"fusion-sep-clear\"><\/div><div class=\"fusion-separator sep-none\" style=\"border-color:#d6d6d6;margin-top:0px;margin-bottom:20px;\"><\/div>\n<h3>Liberec<\/h3>\n<style type=\"text\/css\">.imageframe-2 img{border:0px solid #f6f6f6;}<\/style><span style class=\"fusion-imageframe imageframe imageframe-none imageframe-2\"><a href=\"http:\/\/vedlich.info\/wp-content\/uploads\/2016\/07\/lib-1024x601.jpg\" class=\"lightbox-shortcode\" rel=\"prettyPhoto\"><img decoding=\"async\" src=\"http:\/\/vedlich.info\/wp-content\/uploads\/2016\/07\/lib-1024x601.jpg\" alt=\"\" class=\"img-responsive\" \/><\/a><\/span><div class=\"fusion-sep-clear\"><\/div><div class=\"fusion-separator sep-none\" style=\"border-color:#d6d6d6;margin-top:0px;margin-bottom:10px;\"><\/div>\n<p>N\u00e1m\u011bst\u00ed ji\u017e pro\u0161lo renovac\u00ed. Navazuje na p\u0159ilehl\u00e9 p\u011b\u0161\u00ed z\u00f3ny a parkov\u00e1n\u00ed zde nen\u00ed povoleno. P\u0159ed ned\u00e1vnem byla na n\u00e1m\u011bst\u00ed obnovena Neptunova ka\u0161na.<\/p>\n<div class=\"fusion-sep-clear\"><\/div><div class=\"fusion-separator sep-none\" style=\"border-color:#d6d6d6;margin-top:0px;margin-bottom:20px;\"><\/div>\n<h3>Olomouc \u2013 Horn\u00ed n\u00e1m\u011bst\u00ed<\/h3>\n<style type=\"text\/css\">.imageframe-3 img{border:0px solid #f6f6f6;}<\/style><span style class=\"fusion-imageframe imageframe imageframe-none imageframe-3\"><a href=\"http:\/\/vedlich.info\/wp-content\/uploads\/2016\/07\/olom-1024x601.jpg\" class=\"lightbox-shortcode\" rel=\"prettyPhoto\"><img decoding=\"async\" src=\"http:\/\/vedlich.info\/wp-content\/uploads\/2016\/07\/olom-1024x601.jpg\" alt=\"\" class=\"img-responsive\" \/><\/a><\/span><div class=\"fusion-sep-clear\"><\/div><div class=\"fusion-separator sep-none\" style=\"border-color:#d6d6d6;margin-top:0px;margin-bottom:10px;\"><\/div>\nN\u00e1m\u011bst\u00ed bylo v roce 2001 upraveno podle n\u00e1vrhu ateli\u00e9ru H\u0160H architekti. Je zde pouze 21 p\u0159\u00edle\u017eitostn\u00fdch parkovac\u00edch st\u00e1n\u00ed za radnic\u00ed. Parkov\u00e1n\u00ed je v omezen\u00e9 m\u00ed\u0159e mo\u017en\u00e9 na sousedn\u00edm Doln\u00edm n\u00e1m\u011bst\u00ed, kter\u00e9 pro\u0161lo tak\u00e9 revitalizac\u00ed, a po\u010det parkovac\u00edch st\u00e1n\u00ed zde byl op\u011bt sn\u00ed\u017een. Prostor p\u0159ekvapiv\u011b o\u017eil.<\/p>\n<div class=\"fusion-sep-clear\"><\/div><div class=\"fusion-separator sep-none\" style=\"border-color:#d6d6d6;margin-top:0px;margin-bottom:20px;\"><\/div>\n<h3>Plze\u0148 \u2013 n\u00e1m\u011bst\u00ed Republiky<\/h3>\n<style type=\"text\/css\">.imageframe-4 img{border:0px solid #f6f6f6;}<\/style><span style class=\"fusion-imageframe imageframe imageframe-none imageframe-4\"><a href=\"http:\/\/vedlich.info\/wp-content\/uploads\/2016\/07\/plz-1024x601.jpg\" class=\"lightbox-shortcode\" rel=\"prettyPhoto\"><img decoding=\"async\" src=\"http:\/\/vedlich.info\/wp-content\/uploads\/2016\/07\/plz-1024x601.jpg\" alt=\"\" class=\"img-responsive\" \/><\/a><\/span><div class=\"fusion-sep-clear\"><\/div><div class=\"fusion-separator sep-none\" style=\"border-color:#d6d6d6;margin-top:0px;margin-bottom:10px;\"><\/div>\nAsfaltov\u00e9 n\u00e1m\u011bst\u00ed bylo v roce 2007 nov\u011b p\u0159edl\u00e1\u017ed\u011bno. Tvo\u0159\u00ed jej voln\u00fd prostor dopln\u011bn\u00fd v roce 2010 o trojici ka\u0161en podle n\u00e1vrhu architekta Ond\u0159eje C\u00edslera. Parkov\u00e1n\u00ed je zde mo\u017en\u00e9 pouze po obvodu n\u00e1m\u011bst\u00ed.<\/p>\n<div class=\"fusion-sep-clear\"><\/div><div class=\"fusion-separator sep-none\" style=\"border-color:#d6d6d6;margin-top:0px;margin-bottom:20px;\"><\/div>\n<h3>\u010cesk\u00e9 Bud\u011bjovice \u2013 n\u00e1m\u011bst\u00ed P\u0159emysla Otakara II.<\/h3>\n<style type=\"text\/css\">.imageframe-5 img{border:0px solid #f6f6f6;}<\/style><span style class=\"fusion-imageframe imageframe imageframe-none imageframe-5\"><a href=\"http:\/\/vedlich.info\/wp-content\/uploads\/2016\/07\/cb-1024x601.jpg\" class=\"lightbox-shortcode\" rel=\"prettyPhoto\"><img decoding=\"async\" src=\"http:\/\/vedlich.info\/wp-content\/uploads\/2016\/07\/cb-1024x601.jpg\" alt=\"\" class=\"img-responsive\" \/><\/a><\/span><div class=\"fusion-sep-clear\"><\/div><div class=\"fusion-separator sep-none\" style=\"border-color:#d6d6d6;margin-top:0px;margin-bottom:10px;\"><\/div>\nParkovac\u00ed st\u00e1n\u00ed jsou rozm\u00edst\u011bna pouze po obvodu n\u00e1m\u011bst\u00ed. Vnit\u0159n\u00ed plocha je voln\u00e1 s dominantou ka\u0161ny.<\/p>\n<div class=\"fusion-sep-clear\"><\/div><div class=\"fusion-separator sep-none\" style=\"border-color:#d6d6d6;margin-top:0px;margin-bottom:20px;\"><\/div>\n<h3>Jihlava \u2013 Masarykovo n\u00e1m\u011bst\u00ed<\/h3>\n<style type=\"text\/css\">.imageframe-6 img{border:0px solid #f6f6f6;}<\/style><span style class=\"fusion-imageframe imageframe imageframe-none imageframe-6\"><a href=\"http:\/\/vedlich.info\/wp-content\/uploads\/2016\/07\/jih-1024x601.jpg\" class=\"lightbox-shortcode\" rel=\"prettyPhoto\"><img decoding=\"async\" src=\"http:\/\/vedlich.info\/wp-content\/uploads\/2016\/07\/jih-1024x601.jpg\" alt=\"\" class=\"img-responsive\" \/><\/a><\/span><div class=\"fusion-sep-clear\"><\/div><div class=\"fusion-separator sep-none\" style=\"border-color:#d6d6d6;margin-top:0px;margin-bottom:10px;\"><\/div>\nParkov\u00e1n\u00ed je zde mo\u017en\u00e9 pod\u00e9l severn\u00ed a z\u00e1padn\u00ed strany n\u00e1m\u011bst\u00ed a d\u00e1le v doln\u00ed \u010dtvrtin\u011b n\u00e1m\u011bst\u00ed. Zbyl\u00e1 plocha je voln\u00e1 s dvojic\u00ed ka\u0161en a zelen\u00ed okolo Morov\u00e9ho sloupu.<\/p>\n<div class=\"fusion-sep-clear\"><\/div><div class=\"fusion-separator sep-none\" style=\"border-color:#d6d6d6;margin-top:0px;margin-bottom:20px;\"><\/div>\n<h3>Ostrava \u2013 Masarykovo n\u00e1m\u011bst\u00ed<\/h3>\n<style type=\"text\/css\">.imageframe-7 img{border:0px solid #f6f6f6;}<\/style><span style class=\"fusion-imageframe imageframe imageframe-none imageframe-7\"><a href=\"http:\/\/vedlich.info\/wp-content\/uploads\/2016\/07\/ostr-1024x601.jpg\" class=\"lightbox-shortcode\" rel=\"prettyPhoto\"><img decoding=\"async\" src=\"http:\/\/vedlich.info\/wp-content\/uploads\/2016\/07\/ostr-1024x601.jpg\" alt=\"\" class=\"img-responsive\" \/><\/a><\/span><div class=\"fusion-sep-clear\"><\/div><div class=\"fusion-separator sep-none\" style=\"border-color:#d6d6d6;margin-top:0px;margin-bottom:10px;\"><\/div>\nAutorem revitalizace n\u00e1m\u011bst\u00ed je atelier RAW. Projekt byl realizov\u00e1n v roce 2007. Parkovac\u00ed st\u00e1n\u00ed zde nejsou. Za pov\u0161imnut\u00ed stoj\u00ed mimo jin\u00e9 p\u0159edzahr\u00e1dky kav\u00e1ren a restaurac\u00ed, kter\u00e9 se obejdou bez zbyte\u010dn\u00e9ho ohrazen\u00ed a d\u0159ev\u011bn\u00fdch podest.<\/p>\n<div class=\"fusion-sep-clear\"><\/div><div class=\"fusion-separator sep-none\" style=\"border-color:#d6d6d6;margin-top:0px;margin-bottom:20px;\"><\/div>\n<h3>\u00dast\u00ed nad Labem \u2013 M\u00edrov\u00e9 n\u00e1m\u011bst\u00ed<\/h3>\n<style type=\"text\/css\">.imageframe-8 img{border:0px solid #f6f6f6;}<\/style><span style class=\"fusion-imageframe imageframe imageframe-none imageframe-8\"><a href=\"http:\/\/vedlich.info\/wp-content\/uploads\/2016\/07\/unl-1024x601.jpg\" class=\"lightbox-shortcode\" rel=\"prettyPhoto\"><img decoding=\"async\" src=\"http:\/\/vedlich.info\/wp-content\/uploads\/2016\/07\/unl-1024x601.jpg\" alt=\"\" class=\"img-responsive\" \/><\/a><\/span><div class=\"fusion-sep-clear\"><\/div><div class=\"fusion-separator sep-none\" style=\"border-color:#d6d6d6;margin-top:0px;margin-bottom:10px;\"><\/div>\nHlavn\u00ed n\u00e1m\u011bst\u00ed v \u00dast\u00ed nad Labem nen\u00ed p\u0159\u00edli\u0161 v\u00fdrazn\u00e9. Charakter m\u00edsta dotv\u00e1\u0159ej\u00ed men\u0161\u00ed font\u00e1ny pod\u00e9l severn\u00ed strany. N\u00e1m\u011bst\u00ed navazuje na p\u011b\u0161\u00ed z\u00f3nu a ani zde nejsou \u017e\u00e1dn\u00e1 parkovac\u00ed st\u00e1n\u00ed.<\/p>\n<div class=\"fusion-sep-clear\"><\/div><div class=\"fusion-separator sep-none\" style=\"border-color:#d6d6d6;margin-top:0px;margin-bottom:20px;\"><\/div>\n<h3>Zl\u00edn \u2013 n\u00e1m\u011bst\u00ed M\u00edru<\/h3>\n<style type=\"text\/css\">.imageframe-9 img{border:0px solid #f6f6f6;}<\/style><span style class=\"fusion-imageframe imageframe imageframe-none imageframe-9\"><a href=\"http:\/\/vedlich.info\/wp-content\/uploads\/2016\/07\/zoln-1024x601.jpg\" class=\"lightbox-shortcode\" rel=\"prettyPhoto\"><img decoding=\"async\" src=\"http:\/\/vedlich.info\/wp-content\/uploads\/2016\/07\/zoln-1024x601.jpg\" alt=\"\" class=\"img-responsive\" \/><\/a><\/span><div class=\"fusion-sep-clear\"><\/div><div class=\"fusion-separator sep-none\" style=\"border-color:#d6d6d6;margin-top:0px;margin-bottom:10px;\"><\/div>\nTak\u00e9 hlavn\u00ed n\u00e1m\u011bst\u00ed ve Zl\u00edn\u011b se obe\u0161lo bez rozs\u00e1hlej\u0161\u00edch ploch pro parkov\u00e1n\u00ed. Je zde pouze n\u011bkolik vyhrazen\u00fdch st\u00e1n\u00ed p\u0159ed budovou magistr\u00e1tu. Ji\u017en\u00ed polovina n\u00e1m\u011bst\u00ed je parkov\u011b upravena.<\/p>\n<div class=\"fusion-sep-clear\"><\/div><div class=\"fusion-separator sep-none\" style=\"border-color:#d6d6d6;margin-top:0px;margin-bottom:20px;\"><\/div>\n<h3>Karlovy Vary<\/h3>\n<style type=\"text\/css\">.imageframe-10 img{border:0px solid #f6f6f6;}<\/style><span style class=\"fusion-imageframe imageframe imageframe-none imageframe-10\"><a href=\"http:\/\/vedlich.info\/wp-content\/uploads\/2016\/07\/kv-1024x601.jpg\" class=\"lightbox-shortcode\" rel=\"prettyPhoto\"><img decoding=\"async\" src=\"http:\/\/vedlich.info\/wp-content\/uploads\/2016\/07\/kv-1024x601.jpg\" alt=\"\" class=\"img-responsive\" \/><\/a><\/span><div class=\"fusion-sep-clear\"><\/div><div class=\"fusion-separator sep-none\" style=\"border-color:#d6d6d6;margin-top:0px;margin-bottom:10px;\"><\/div>\nV Karlov\u00fdch Varech nen\u00ed typick\u00e9 hlavn\u00ed n\u00e1m\u011bst\u00ed. Funkci n\u00e1m\u011bst\u00ed zde supluje \u0161irok\u00e1 p\u011b\u0161\u00ed z\u00f3na v ulici T. G. Masaryka. Parkovac\u00ed st\u00e1n\u00ed zde proto nejsou.<\/p>\n<div class=\"fusion-sep-clear\"><\/div><div class=\"fusion-separator sep-none\" style=\"border-color:#d6d6d6;margin-top:0px;margin-bottom:20px;\"><\/div>\n<h3>Brno \u2013 n\u00e1m\u011bst\u00ed Svobody<\/h3>\n<style type=\"text\/css\">.imageframe-11 img{border:0px solid #f6f6f6;}<\/style><span style class=\"fusion-imageframe imageframe imageframe-none imageframe-11\"><a href=\"http:\/\/vedlich.info\/wp-content\/uploads\/2016\/07\/brno-1024x601.jpg\" class=\"lightbox-shortcode\" rel=\"prettyPhoto\"><img decoding=\"async\" src=\"http:\/\/vedlich.info\/wp-content\/uploads\/2016\/07\/brno-1024x601.jpg\" alt=\"\" class=\"img-responsive\" \/><\/a><\/span><div class=\"fusion-sep-clear\"><\/div><div class=\"fusion-separator sep-none\" style=\"border-color:#d6d6d6;margin-top:0px;margin-bottom:10px;\"><\/div>\nRevitalizace n\u00e1m\u011bst\u00ed byla dokon\u010dena v roce 2006. V\u00fdsledek je i p\u0159es jist\u00e9 komplikace vcelku zda\u0159il\u00fd. N\u00e1m\u011bst\u00ed tvo\u0159\u00ed voln\u00e1 dl\u00e1\u017ed\u011bn\u00e1 plocha, kter\u00e1 je po obvodu lemov\u00e1na stromy. Parkovac\u00ed st\u00e1n\u00ed zde nejsou.<\/p>\n<div class=\"fusion-sep-clear\"><\/div><div class=\"fusion-separator sep-none\" style=\"border-color:#d6d6d6;margin-top:0px;margin-bottom:20px;\"><\/div>\n<h3>Praha \u2013 Starom\u011bstsk\u00e9 n\u00e1m\u011bst\u00ed<\/h3>\n<style type=\"text\/css\">.imageframe-12 img{border:0px solid #f6f6f6;}<\/style><span style class=\"fusion-imageframe imageframe imageframe-none imageframe-12\"><a href=\"http:\/\/vedlich.info\/wp-content\/uploads\/2016\/07\/praha-sm-1024x601.jpg\" class=\"lightbox-shortcode\" rel=\"prettyPhoto\"><img decoding=\"async\" src=\"http:\/\/vedlich.info\/wp-content\/uploads\/2016\/07\/praha-sm-1024x601.jpg\" alt=\"\" class=\"img-responsive\" \/><\/a><\/span><div class=\"fusion-sep-clear\"><\/div><div class=\"fusion-separator sep-none\" style=\"border-color:#d6d6d6;margin-top:0px;margin-bottom:10px;\"><\/div>\nStarom\u011bstsk\u00e9 n\u00e1m\u011bst\u00ed zn\u00e1 asi ka\u017ed\u00fd. Ne ka\u017ed\u00fd u\u017e ale v\u00ed, \u017ee se na tomto n\u00e1m\u011bst\u00ed je\u0161t\u011b v 80. letech ve velk\u00e9 m\u00ed\u0159e parkovalo. Dnes by si to dok\u00e1zal p\u0159edstavit asi jen m\u00e1lo kdo.<\/p>\n<div class=\"fusion-sep-clear\"><\/div><div class=\"fusion-separator sep-none\" style=\"border-color:#d6d6d6;margin-top:0px;margin-bottom:20px;\"><\/div>\n<h3>Praha \u2013 Malostransk\u00e9 n\u00e1m\u011bst\u00ed<\/h3>\n<style type=\"text\/css\">.imageframe-13 img{border:0px solid #f6f6f6;}<\/style><span style class=\"fusion-imageframe imageframe imageframe-none imageframe-13\"><a href=\"http:\/\/vedlich.info\/wp-content\/uploads\/2016\/07\/praha-mn-1024x601.jpg\" class=\"lightbox-shortcode\" rel=\"prettyPhoto\"><img decoding=\"async\" src=\"http:\/\/vedlich.info\/wp-content\/uploads\/2016\/07\/praha-mn-1024x601.jpg\" alt=\"\" class=\"img-responsive\" \/><\/a><\/span><div class=\"fusion-sep-clear\"><\/div><div class=\"fusion-separator sep-none\" style=\"border-color:#d6d6d6;margin-top:0px;margin-bottom:10px;\"><\/div>\nP\u0159ed n\u011bkolika m\u00e1lo dny se je\u0161t\u011b na Malostransk\u00e9m n\u00e1m\u011bst\u00ed parkovalo. Ob\u0159\u00ed parkovi\u0161t\u011b v doln\u00ed \u010d\u00e1sti n\u00e1m\u011bst\u00ed v\u0161ak bylo zru\u0161eno a byla ponech\u00e1na pouze parkovac\u00ed st\u00e1n\u00ed pro rezidenty v jeho horn\u00ed \u010d\u00e1sti. Budouc\u00ed podoba n\u00e1m\u011bst\u00ed je p\u0159edm\u011btem p\u0159ipravovan\u00e9 revitalizace.<\/p>\n<div class=\"fusion-sep-clear\"><\/div><div class=\"fusion-separator sep-none\" style=\"border-color:#d6d6d6;margin-top:0px;margin-bottom:20px;\"><\/div>\n<h3>Opava \u2013 Doln\u00ed n\u00e1m\u011bst\u00ed<\/h3>\n<style type=\"text\/css\">.imageframe-14 img{border:0px solid #f6f6f6;}<\/style><span style class=\"fusion-imageframe imageframe imageframe-none imageframe-14\"><a href=\"http:\/\/vedlich.info\/wp-content\/uploads\/2016\/07\/opava-1024x601.jpg\" class=\"lightbox-shortcode\" rel=\"prettyPhoto\"><img decoding=\"async\" src=\"http:\/\/vedlich.info\/wp-content\/uploads\/2016\/07\/opava-1024x601.jpg\" alt=\"\" class=\"img-responsive\" \/><\/a><\/span><div class=\"fusion-sep-clear\"><\/div><div class=\"fusion-separator sep-none\" style=\"border-color:#d6d6d6;margin-top:0px;margin-bottom:10px;\"><\/div>\nN\u00e1m\u011bst\u00ed bylo revitalizov\u00e1no v roce 2005 a navazuje na parkov\u011b upraven\u00e9 n\u00e1m\u011bst\u00ed Osvoboditel\u016f. I zde se n\u00e1m\u011bst\u00ed obe\u0161lo bez parkovac\u00edch st\u00e1n\u00ed, kter\u00e1 by sni\u017eovala jeho vyu\u017eitelnost.<\/p>\n<div class=\"fusion-sep-clear\"><\/div><div class=\"fusion-separator sep-none\" style=\"border-color:#d6d6d6;margin-top:0px;margin-bottom:20px;\"><\/div>\n<h3>Fr\u00fddek-M\u00edstek \u2013 n\u00e1m\u011bst\u00ed Svobody<\/h3>\n<style type=\"text\/css\">.imageframe-15 img{border:0px solid #f6f6f6;}<\/style><span style class=\"fusion-imageframe imageframe imageframe-none imageframe-15\"><a href=\"http:\/\/vedlich.info\/wp-content\/uploads\/2016\/07\/fm-1024x601.jpg\" class=\"lightbox-shortcode\" rel=\"prettyPhoto\"><img decoding=\"async\" src=\"http:\/\/vedlich.info\/wp-content\/uploads\/2016\/07\/fm-1024x601.jpg\" alt=\"\" class=\"img-responsive\" \/><\/a><\/span><div class=\"fusion-sep-clear\"><\/div><div class=\"fusion-separator sep-none\" style=\"border-color:#d6d6d6;margin-top:0px;margin-bottom:10px;\"><\/div>\nN\u00e1m\u011bst\u00ed pro\u0161lo celkovou revitalizac\u00ed. Parkovac\u00ed st\u00e1n\u00ed zde nejsou. Druh\u00e9 hlavn\u00ed n\u00e1m\u011bst\u00ed ve Fr\u00fddku bylo rovn\u011b\u017e revitalizov\u00e1no. Zde jsou parkovac\u00ed st\u00e1n\u00ed pouze po obvodu n\u00e1m\u011bst\u00ed.<\/p>\n<div class=\"fusion-sep-clear\"><\/div><div class=\"fusion-separator sep-none\" style=\"border-color:#d6d6d6;margin-top:0px;margin-bottom:20px;\"><\/div>\n<h3>Jablonec nad Nisou \u2013 Doln\u00ed n\u00e1m\u011bst\u00ed<\/h3>\n<style type=\"text\/css\">.imageframe-16 img{border:0px solid #f6f6f6;}<\/style><span style class=\"fusion-imageframe imageframe imageframe-none imageframe-16\"><a href=\"http:\/\/vedlich.info\/wp-content\/uploads\/2016\/07\/jab-1024x601.jpg\" class=\"lightbox-shortcode\" rel=\"prettyPhoto\"><img decoding=\"async\" src=\"http:\/\/vedlich.info\/wp-content\/uploads\/2016\/07\/jab-1024x601.jpg\" alt=\"\" class=\"img-responsive\" \/><\/a><\/span><div class=\"fusion-sep-clear\"><\/div><div class=\"fusion-separator sep-none\" style=\"border-color:#d6d6d6;margin-top:0px;margin-bottom:10px;\"><\/div>\nV roce 2006 bylo n\u00e1m\u011bst\u00ed revitalizov\u00e1no podle n\u00e1vrhu Studia A91. Parkov\u00e1n\u00ed je mo\u017en\u00e9 pouze pod\u00e9l v\u00fdchodn\u00ed strany n\u00e1m\u011bst\u00ed tak, aby centr\u00e1ln\u00ed plocha z\u016fstala voln\u00e1 pro p\u011b\u0161\u00ed.<\/p>\n<div class=\"fusion-sep-clear\"><\/div><div class=\"fusion-separator sep-none\" style=\"border-color:#d6d6d6;margin-top:0px;margin-bottom:20px;\"><\/div>\n<h3>Mlad\u00e1 Boleslav \u2013 Starom\u011bstsk\u00e9 n\u00e1m\u011bst\u00ed<\/h3>\n<style type=\"text\/css\">.imageframe-17 img{border:0px solid #f6f6f6;}<\/style><span style class=\"fusion-imageframe imageframe imageframe-none imageframe-17\"><a href=\"http:\/\/vedlich.info\/wp-content\/uploads\/2016\/07\/mb-1024x601.jpg\" class=\"lightbox-shortcode\" rel=\"prettyPhoto\"><img decoding=\"async\" src=\"http:\/\/vedlich.info\/wp-content\/uploads\/2016\/07\/mb-1024x601.jpg\" alt=\"\" class=\"img-responsive\" \/><\/a><\/span><div class=\"fusion-sep-clear\"><\/div><div class=\"fusion-separator sep-none\" style=\"border-color:#d6d6d6;margin-top:0px;margin-bottom:10px;\"><\/div>\nRozlehl\u00e1 asfaltov\u00e1 plocha s parkovi\u0161t\u011bm byla v roce 2011 p\u0159em\u011bn\u011bna na plnohodnotn\u00e9 n\u00e1m\u011bst\u00ed podle projektu architekta Michala Hlav\u00e1\u010dka. Parkov\u00e1n\u00ed ve m\u011bst\u011b automobilismu bylo um\u00edst\u011bno pouze pod\u00e9l z\u00e1padn\u00ed strany n\u00e1m\u011bst\u00ed.<\/p>\n<div class=\"fusion-sep-clear\"><\/div><div class=\"fusion-separator sep-none\" style=\"border-color:#d6d6d6;margin-top:0px;margin-bottom:20px;\"><\/div>\n<h3>Prost\u011bjov \u2013 n\u00e1m\u011bst\u00ed T. G. Masaryka<\/h3>\n<style type=\"text\/css\">.imageframe-18 img{border:0px solid #f6f6f6;}<\/style><span style class=\"fusion-imageframe imageframe imageframe-none imageframe-18\"><a href=\"http:\/\/vedlich.info\/wp-content\/uploads\/2016\/07\/pros-1024x601.jpg\" class=\"lightbox-shortcode\" rel=\"prettyPhoto\"><img decoding=\"async\" src=\"http:\/\/vedlich.info\/wp-content\/uploads\/2016\/07\/pros-1024x601.jpg\" alt=\"\" class=\"img-responsive\" \/><\/a><\/span><div class=\"fusion-sep-clear\"><\/div><div class=\"fusion-separator sep-none\" style=\"border-color:#d6d6d6;margin-top:0px;margin-bottom:10px;\"><\/div>\n<p>N\u00e1m\u011bst\u00ed bylo upraveno v roce 2015. Prostranstv\u00ed p\u0159ed obchodn\u00edm domem je tvo\u0159eno dl\u00e1\u017ed\u011bnou plochou. Ve st\u0159edu n\u00e1m\u011bst\u00ed jsou situovan\u00e9 travnat\u00e9 plochy. Parkov\u00e1n\u00ed je v omezen\u00e9 m\u00ed\u0159e mo\u017en\u00e9 pouze pod\u00e9l krat\u0161\u00ed z\u00e1padn\u00ed strany p\u0159ed radnic\u00ed.<\/p>\n<div class=\"fusion-sep-clear\"><\/div><div class=\"fusion-separator sep-none\" style=\"border-color:#d6d6d6;margin-top:0px;margin-bottom:20px;\"><\/div>\n<h3>Znojmo \u2013 Masarykovo n\u00e1m\u011bst\u00ed<\/h3>\n<style type=\"text\/css\">.imageframe-19 img{border:0px solid #f6f6f6;}<\/style><span style class=\"fusion-imageframe imageframe imageframe-none imageframe-19\"><a href=\"http:\/\/vedlich.info\/wp-content\/uploads\/2016\/07\/znoj-1024x601.jpg\" class=\"lightbox-shortcode\" rel=\"prettyPhoto\"><img decoding=\"async\" src=\"http:\/\/vedlich.info\/wp-content\/uploads\/2016\/07\/znoj-1024x601.jpg\" alt=\"\" class=\"img-responsive\" \/><\/a><\/span><div class=\"fusion-sep-clear\"><\/div><div class=\"fusion-separator sep-none\" style=\"border-color:#d6d6d6;margin-top:0px;margin-bottom:10px;\"><\/div>\nN\u00e1m\u011bst\u00ed tvo\u0159\u00ed velk\u00e1 dl\u00e1\u017ed\u011bn\u00e1 plocha. Parkov\u00e1n\u00ed je mo\u017en\u00e9 pouze pod\u00e9l ji\u017en\u00ed a z\u00e1padn\u00ed strany. Centr\u00e1ln\u00ed plocha z\u016fstala voln\u00e1, aby se zde mohly konat pravideln\u00e9 trhy. Zda\u0159ilou rekonstrukc\u00ed pro\u0161lo v ned\u00e1vn\u00fdch letech tak\u00e9 nedalek\u00e9 Horn\u00ed n\u00e1m\u011bst\u00ed, V\u00e1clavsk\u00e9 n\u00e1m\u011bst\u00ed a n\u00e1m\u011bst\u00ed Komensk\u00e9ho. I v t\u011bchto prostorech se nach\u00e1zej\u00ed pouze dopl\u0148kov\u00e1 parkovac\u00ed st\u00e1n\u00ed.<\/p>\n<div class=\"fusion-sep-clear\"><\/div><div class=\"fusion-separator sep-none\" style=\"border-color:#d6d6d6;margin-top:0px;margin-bottom:20px;\"><\/div>\n<h3>Cheb \u2013 n\u00e1m\u011bst\u00ed Kr\u00e1le Ji\u0159\u00edho z Pod\u011bbrad<\/h3>\n<style type=\"text\/css\">.imageframe-20 img{border:0px solid #f6f6f6;}<\/style><span style class=\"fusion-imageframe imageframe imageframe-none imageframe-20\"><a href=\"http:\/\/vedlich.info\/wp-content\/uploads\/2016\/07\/cheb-1024x601.jpg\" class=\"lightbox-shortcode\" rel=\"prettyPhoto\"><img decoding=\"async\" src=\"http:\/\/vedlich.info\/wp-content\/uploads\/2016\/07\/cheb-1024x601.jpg\" alt=\"\" class=\"img-responsive\" \/><\/a><\/span><div class=\"fusion-sep-clear\"><\/div><div class=\"fusion-separator sep-none\" style=\"border-color:#d6d6d6;margin-top:0px;margin-bottom:10px;\"><\/div>\nCel\u00e1 plocha n\u00e1m\u011bst\u00ed je vydl\u00e1\u017ed\u011bna. Parkov\u00e1n\u00ed je rozm\u00edst\u011bno pouze po obvodu n\u00e1m\u011bst\u00ed. N\u00e1m\u011bst\u00ed p\u0159edstavuje d\u016fstojnou kulisu pro tradi\u010dn\u00ed Vald\u0161tejnsk\u00e9 slavnosti.<\/p>\n<div class=\"fusion-sep-clear\"><\/div><div class=\"fusion-separator sep-none\" style=\"border-color:#d6d6d6;margin-top:0px;margin-bottom:20px;\"><\/div>\n<h3>Fr\u00fddlant \u2013 n\u00e1m\u011bst\u00ed T. G. Masaryka<\/h3>\n<style type=\"text\/css\">.imageframe-21 img{border:0px solid #f6f6f6;}<\/style><span style class=\"fusion-imageframe imageframe imageframe-none imageframe-21\"><a href=\"http:\/\/vedlich.info\/wp-content\/uploads\/2016\/07\/fr\u00fdd-1024x601.jpg\" class=\"lightbox-shortcode\" rel=\"prettyPhoto\"><img decoding=\"async\" src=\"http:\/\/vedlich.info\/wp-content\/uploads\/2016\/07\/fr\u00fdd-1024x601.jpg\" alt=\"\" class=\"img-responsive\" \/><\/a><\/span><div class=\"fusion-sep-clear\"><\/div><div class=\"fusion-separator sep-none\" style=\"border-color:#d6d6d6;margin-top:0px;margin-bottom:10px;\"><\/div>\nN\u00e1m\u011bst\u00ed bylo v roce 2011 revitalizov\u00e1no podle projektu od ateli\u00e9ru Vladim\u00edra Baldy. Hlavn\u00ed ideou n\u00e1vrhu bylo vytvo\u0159it volnou plochu a v\u00fdrazn\u011b ne\u010dlen\u011bn\u00fd ve\u0159ejn\u00fd prostor, kter\u00fd umo\u017en\u00ed obyvatel\u016fm a n\u00e1v\u0161t\u011bvn\u00edk\u016fm m\u011bsta konat zde v\u0161emo\u017en\u00e9 aktivity. Parkov\u00e1n\u00ed je zde mo\u017en\u00e9 pouze v omezen\u00e9 a nezbytn\u00e9 m\u00ed\u0159e a to pod\u00e9l ji\u017en\u00ed a severn\u00ed strany n\u00e1m\u011bst\u00ed.<\/p>\n<div class=\"fusion-sep-clear\"><\/div><div class=\"fusion-separator sep-none\" style=\"border-color:#d6d6d6;margin-top:0px;margin-bottom:20px;\"><\/div>\n<h3>Kol\u00edn \u2013 Karlovo n\u00e1m\u011bst\u00ed<\/h3>\n<style type=\"text\/css\">.imageframe-22 img{border:0px solid #f6f6f6;}<\/style><span style class=\"fusion-imageframe imageframe imageframe-none imageframe-22\"><a href=\"http:\/\/vedlich.info\/wp-content\/uploads\/2016\/07\/kol-1024x601.jpg\" class=\"lightbox-shortcode\" rel=\"prettyPhoto\"><img decoding=\"async\" src=\"http:\/\/vedlich.info\/wp-content\/uploads\/2016\/07\/kol-1024x601.jpg\" alt=\"\" class=\"img-responsive\" \/><\/a><\/span><div class=\"fusion-sep-clear\"><\/div><div class=\"fusion-separator sep-none\" style=\"border-color:#d6d6d6;margin-top:0px;margin-bottom:10px;\"><\/div>\nN\u00e1m\u011bst\u00ed bylo revitalizov\u00e1no v roce 2007. Parkovac\u00ed st\u00e1n\u00ed jsou rozm\u00edst\u011bna pod\u00e9l severn\u00ed, v\u00fdchodn\u00ed a ji\u017en\u00ed strany n\u00e1m\u011bst\u00ed. Ur\u010dit\u00fdm probl\u00e9mem tohoto \u0159e\u0161en\u00ed je s ohledem na \u0161\u00ed\u0159ku chodn\u00edku nemo\u017enost z\u0159\u00edzen\u00ed p\u0159edzahr\u00e1dek restaurac\u00ed a kav\u00e1ren, proto\u017ee vlastn\u00ed plocha n\u00e1m\u011bst\u00ed se nach\u00e1z\u00ed p\u0159es silnici.<\/p>\n<div class=\"fusion-sep-clear\"><\/div><div class=\"fusion-separator sep-none\" style=\"border-color:#d6d6d6;margin-top:0px;margin-bottom:20px;\"><\/div>\n<h3>Kutn\u00e1 Hora \u2013 Palack\u00e9ho n\u00e1m\u011bst\u00ed<\/h3>\n<style type=\"text\/css\">.imageframe-23 img{border:0px solid #f6f6f6;}<\/style><span style class=\"fusion-imageframe imageframe imageframe-none imageframe-23\"><a href=\"http:\/\/vedlich.info\/wp-content\/uploads\/2016\/07\/kh-1024x601.jpg\" class=\"lightbox-shortcode\" rel=\"prettyPhoto\"><img decoding=\"async\" src=\"http:\/\/vedlich.info\/wp-content\/uploads\/2016\/07\/kh-1024x601.jpg\" alt=\"\" class=\"img-responsive\" \/><\/a><\/span><div class=\"fusion-sep-clear\"><\/div><div class=\"fusion-separator sep-none\" style=\"border-color:#d6d6d6;margin-top:0px;margin-bottom:10px;\"><\/div>\nN\u00e1m\u011bst\u00ed proch\u00e1z\u00ed hlavn\u00ed komunikace, kter\u00e1 prot\u00edn\u00e1 historick\u00e9 j\u00e1dro m\u011bsta. Pod\u00e9l komunikace a tak\u00e9 v severn\u00ed \u010d\u00e1sti n\u00e1m\u011bst\u00ed jsou um\u00edst\u011bny stromy. Parkov\u00e1n\u00ed zde nen\u00ed umo\u017en\u011bno.<\/p>\n<div class=\"fusion-sep-clear\"><\/div><div class=\"fusion-separator sep-none\" style=\"border-color:#d6d6d6;margin-top:0px;margin-bottom:20px;\"><\/div>\n<h3>Havl\u00ed\u010dk\u016fv Brod \u2013 Havl\u00ed\u010dkovo n\u00e1m\u011bst\u00ed<\/h3>\n<style type=\"text\/css\">.imageframe-24 img{border:0px solid #f6f6f6;}<\/style><span style class=\"fusion-imageframe imageframe imageframe-none imageframe-24\"><a href=\"http:\/\/vedlich.info\/wp-content\/uploads\/2016\/07\/hb-1024x601.jpg\" class=\"lightbox-shortcode\" rel=\"prettyPhoto\"><img decoding=\"async\" src=\"http:\/\/vedlich.info\/wp-content\/uploads\/2016\/07\/hb-1024x601.jpg\" alt=\"\" class=\"img-responsive\" \/><\/a><\/span><div class=\"fusion-sep-clear\"><\/div><div class=\"fusion-separator sep-none\" style=\"border-color:#d6d6d6;margin-top:0px;margin-bottom:10px;\"><\/div>\nN\u00e1m\u011bst\u00ed bylo revitalizov\u00e1no v roce 2011. Prostorem \u00fahlop\u0159\u00ed\u010dn\u011b proch\u00e1z\u00ed p\u00e1te\u0159n\u00ed komunikace. Parkov\u00e1n\u00ed je mo\u017en\u00e9 po obvodu n\u00e1m\u011bst\u00ed.<\/p>\n<div class=\"fusion-sep-clear\"><\/div><div class=\"fusion-separator sep-none\" style=\"border-color:#d6d6d6;margin-top:0px;margin-bottom:20px;\"><\/div>\n<h3>Chrudim \u2013 Resselovo n\u00e1m\u011bst\u00ed<\/h3>\n<style type=\"text\/css\">.imageframe-25 img{border:0px solid #f6f6f6;}<\/style><span style class=\"fusion-imageframe imageframe imageframe-none imageframe-25\"><a href=\"http:\/\/vedlich.info\/wp-content\/uploads\/2016\/07\/chr-1024x601.jpg\" class=\"lightbox-shortcode\" rel=\"prettyPhoto\"><img decoding=\"async\" src=\"http:\/\/vedlich.info\/wp-content\/uploads\/2016\/07\/chr-1024x601.jpg\" alt=\"\" class=\"img-responsive\" \/><\/a><\/span><div class=\"fusion-sep-clear\"><\/div><div class=\"fusion-separator sep-none\" style=\"border-color:#d6d6d6;margin-top:0px;margin-bottom:10px;\"><\/div>\nN\u00e1m\u011bst\u00ed je tvo\u0159eno volnou dl\u00e1\u017ed\u011bnou plochou. Parkovac\u00ed st\u00e1n\u00ed jsou um\u00edst\u011bna pod\u00e9l z\u00e1padn\u00ed a severn\u00ed strany, ale mimo hlavn\u00ed prostor n\u00e1m\u011bst\u00ed.<\/p>\n<div class=\"fusion-sep-clear\"><\/div><div class=\"fusion-separator sep-none\" style=\"border-color:#d6d6d6;margin-top:0px;margin-bottom:20px;\"><\/div>\n<h3>Trutnov \u2013 Krakono\u0161ovo n\u00e1m\u011bst\u00ed<\/h3>\n<style type=\"text\/css\">.imageframe-26 img{border:0px solid #f6f6f6;}<\/style><span style class=\"fusion-imageframe imageframe imageframe-none imageframe-26\"><a href=\"http:\/\/vedlich.info\/wp-content\/uploads\/2016\/07\/trut-1024x601.jpg\" class=\"lightbox-shortcode\" rel=\"prettyPhoto\"><img decoding=\"async\" src=\"http:\/\/vedlich.info\/wp-content\/uploads\/2016\/07\/trut-1024x601.jpg\" alt=\"\" class=\"img-responsive\" \/><\/a><\/span><div class=\"fusion-sep-clear\"><\/div><div class=\"fusion-separator sep-none\" style=\"border-color:#d6d6d6;margin-top:0px;margin-bottom:10px;\"><\/div>\nV roce 2015 byla dokon\u010dena postupn\u00e1 revitalizace n\u00e1m\u011bst\u00ed, kter\u00e1 mu vr\u00e1tila historick\u00fd vzhled. Parkov\u00e1n\u00ed je zde mo\u017en\u00e9 pouze pod\u00e9l v\u00fdchodn\u00ed a z\u00e1padn\u00ed strany.<\/p>\n<div class=\"fusion-sep-clear\"><\/div><div class=\"fusion-separator sep-none\" style=\"border-color:#d6d6d6;margin-top:0px;margin-bottom:20px;\"><\/div>\n<h3>Dv\u016fr Kr\u00e1lov\u00e9 nad Labem \u2013 n\u00e1m\u011bst\u00ed T. G. Masaryka<\/h3>\n<style type=\"text\/css\">.imageframe-27 img{border:0px solid #f6f6f6;}<\/style><span style class=\"fusion-imageframe imageframe imageframe-none imageframe-27\"><a href=\"http:\/\/vedlich.info\/wp-content\/uploads\/2016\/07\/dv\u016fr-1024x601.jpg\" class=\"lightbox-shortcode\" rel=\"prettyPhoto\"><img decoding=\"async\" src=\"http:\/\/vedlich.info\/wp-content\/uploads\/2016\/07\/dv\u016fr-1024x601.jpg\" alt=\"\" class=\"img-responsive\" \/><\/a><\/span><div class=\"fusion-sep-clear\"><\/div><div class=\"fusion-separator sep-none\" style=\"border-color:#d6d6d6;margin-top:0px;margin-bottom:10px;\"><\/div>\nN\u00e1m\u011bst\u00ed bylo revitalizov\u00e1no v roce 2011. P\u0159esto\u017ee na projekt nebyla vyps\u00e1na architektonick\u00e1 sout\u011b\u017e, tak v\u00fdsledek dopadl pom\u011brn\u011b dob\u0159e. N\u00e1m\u011bst\u00ed je zadl\u00e1\u017ed\u011bno v jedn\u00e9 \u00farovni s chodn\u00edky. Parkov\u00e1n\u00ed je rozm\u00edst\u011bno pod\u00e9l severn\u00ed a v\u00fdchodn\u00ed strany n\u00e1m\u011bst\u00ed. Komunikace pod\u00e9l zbyl\u00fdch stran slou\u017e\u00ed pouze p\u011b\u0161\u00edm a z\u00e1sobov\u00e1n\u00ed.<\/p>\n<div class=\"fusion-sep-clear\"><\/div><div class=\"fusion-separator sep-none\" style=\"border-color:#d6d6d6;margin-top:0px;margin-bottom:20px;\"><\/div>\n<h3>Hradec Kr\u00e1lov\u00e9 \u2013 Velk\u00e9 n\u00e1m\u011bst\u00ed<\/h3>\n<style type=\"text\/css\">.imageframe-28 img{border:0px solid #f6f6f6;}<\/style><span style class=\"fusion-imageframe imageframe imageframe-none imageframe-28\"><a href=\"http:\/\/vedlich.info\/wp-content\/uploads\/2016\/07\/hk-1024x601.jpg\" class=\"lightbox-shortcode\" rel=\"prettyPhoto\"><img decoding=\"async\" src=\"http:\/\/vedlich.info\/wp-content\/uploads\/2016\/07\/hk-1024x601.jpg\" alt=\"\" class=\"img-responsive\" \/><\/a><\/span><div class=\"fusion-sep-clear\"><\/div><div class=\"fusion-separator sep-none\" style=\"border-color:#d6d6d6;margin-top:0px;margin-bottom:10px;\"><\/div>\nSrovn\u00e1n\u00ed s ostatn\u00edmi m\u011bsty nevych\u00e1z\u00ed pro Hradec Kr\u00e1lov\u00e9 p\u0159\u00edli\u0161 lichotiv\u011b. Je patrn\u00e9, \u017ee je jedin\u00fdm krajsk\u00fdm m\u011bstem, kde je\u0161t\u011b nedo\u0161lo k revitalizaci hlavn\u00edho n\u00e1m\u011bst\u00ed a tak\u00e9 jedin\u00fdm z t\u011bchto m\u011bst, kde n\u00e1m\u011bst\u00ed v historick\u00e9m j\u00e1dru slou\u017e\u00ed p\u0159ev\u00e1\u017en\u011b k parkov\u00e1n\u00ed.<\/p>\n<p>Je tedy Hradec Kr\u00e1lov\u00e9 opravdu tak specifick\u00e9 m\u011bsto, \u017ee je nezbytn\u00e9, aby nejv\u00fdznamn\u011bj\u0161\u00ed m\u011bstsk\u00fd prostor hyzdilo ob\u0159\u00ed parkovi\u0161t\u011b, kter\u00e9 nav\u00edc znemo\u017e\u0148uje jin\u00e9 smyslupln\u00e9 vyu\u017eit\u00ed t\u00e9to plochy? Ned\u00e1vn\u00e9 vzpom\u00ednkov\u00e9 akce u p\u0159\u00edle\u017eitosti 150. v\u00fdro\u010d\u00ed bitvy u Hradce Kr\u00e1lov\u00e9, kter\u00e9 se z \u010d\u00e1sti konaly na Velk\u00e9m n\u00e1m\u011bst\u00ed, jen potvrdily pot\u0159ebu representativn\u00edho m\u011bstsk\u00e9ho prostoru. P\u0159\u00edklady jin\u00fdch \u010desk\u00fdch m\u011bst dokazuj\u00ed, \u017ee redukc\u00ed parkovac\u00edch st\u00e1n\u00ed nedo\u0161lo k umrtven\u00ed prostoru, ale pr\u00e1v\u011b naopak. Mohou se zde konat nejr\u016fzn\u011bj\u0161\u00ed akce, pro kter\u00e9 nebylo p\u0159ed revitalizac\u00ed dostatek m\u00edsta. N\u00e1m\u011bst\u00ed mohou vyu\u017e\u00edvat p\u0159\u00edmo obyvatel\u00e9 m\u011bsta stejn\u011b tak jako n\u00e1v\u0161t\u011bvn\u00edci a mohou zde vznikat nejr\u016fzn\u011bj\u0161\u00ed spont\u00e1nn\u00ed aktivity.<\/p>\n<p>Nemohl by j\u00edt Hradec Kr\u00e1lov\u00e9 stejnou cestou jako nap\u0159\u00edklad Praha a parkov\u00e1n\u00ed na Velk\u00e9m n\u00e1m\u011bst\u00ed v\u00fdrazn\u011b omezit je\u0161t\u011b p\u0159ed pl\u00e1novanou revitalizac\u00ed? Mo\u017en\u00e1 by se uk\u00e1zalo, \u017ee obavy z umrtven\u00ed nejsou na m\u00edst\u011b.<\/p>\n<div class=\"fusion-sep-clear\"><\/div><div class=\"fusion-separator sep-none\" style=\"border-color:#d6d6d6;margin-top:0px;margin-bottom:20px;\"><\/div>\n<p style=\"text-align: right;\"><em>Autor text\u016f: <span style=\"color: #3366CC;\"><a href=\"http:\/\/www.vaclavhajek.cz\/\" target=\"_blank\"><span style=\"color: #3366CC;\">Ing. arch. V\u00e1clav H\u00e1jek<\/span><\/a><\/span><\/em><\/p>\n<p style=\"text-align: right;\"><em>Zdroje obr\u00e1zk\u016f: <span style=\"color: #2365ff;\"><a href=\"http:\/\/maps.google.com\" target=\"_blank\"><span style=\"color: #3366CC;\">maps.google.com <\/span><\/a><\/span>a <span style=\"color: #3366CC;\"><a href=\"http:\/\/mapy.cz\" target=\"_blank\"><span style=\"color: #3366CC;\">mapy.cz<\/span><\/a><\/span><br \/>\n<\/em><\/p>\n<p style=\"text-align: right;\"><em>Odkaz na p\u016fvodn\u00ed um\u00edst\u011bn\u00ed \u010dl\u00e1nku: <span style=\"color: #3366CC;\"><a href=\"https:\/\/www.facebook.com\/media\/set\/?set=oa.10153728743001778&amp;type=1\" target=\"_blank\"><span style=\"color: #3366CC;\">zde<\/span><\/a><\/span><\/em><\/p>\n","protected":false},"excerpt":{"rendered":"<p>S laskav\u00fdm svolen\u00edm Ing. arch. V\u00e1clava H\u00e1jka, autora text\u016f, si dovoluji zve\u0159ejnit zaj\u00edmav\u00e9 srovn\u00e1n\u00ed aktu\u00e1ln\u00edho stavu Velk\u00e9ho n\u00e1m\u011bst\u00ed v\u00a0Hradci Kr\u00e1lov\u00e9 s\u00a0ostatn\u00edmi n\u00e1m\u011bst\u00edmi ve vybran\u00fdch m\u011bstech \u010cesk\u00e9 republiky.<\/p>\n","protected":false},"author":1,"featured_media":3439,"comment_status":"closed","ping_status":"closed","sticky":false,"template":"","format":"standard","meta":{"_monsterinsights_skip_tracking":false,"_monsterinsights_sitenote_active":false,"_monsterinsights_sitenote_note":"","_monsterinsights_sitenote_category":0,"_uf_show_specific_survey":0,"_uf_disable_surveys":false,"footnotes":""},"categories":[5],"tags":[],"class_list":["post-3398","post","type-post","status-publish","format-standard","has-post-thumbnail","hentry","category-vyjadreni"],"aioseo_notices":[],"_links":{"self":[{"href":"https:\/\/vedlich.info\/index.php?rest_route=\/wp\/v2\/posts\/3398","targetHints":{"allow":["GET"]}}],"collection":[{"href":"https:\/\/vedlich.info\/index.php?rest_route=\/wp\/v2\/posts"}],"about":[{"href":"https:\/\/vedlich.info\/index.php?rest_route=\/wp\/v2\/types\/post"}],"author":[{"embeddable":true,"href":"https:\/\/vedlich.info\/index.php?rest_route=\/wp\/v2\/users\/1"}],"replies":[{"embeddable":true,"href":"https:\/\/vedlich.info\/index.php?rest_route=%2Fwp%2Fv2%2Fcomments&post=3398"}],"version-history":[{"count":14,"href":"https:\/\/vedlich.info\/index.php?rest_route=\/wp\/v2\/posts\/3398\/revisions"}],"predecessor-version":[{"id":3441,"href":"https:\/\/vedlich.info\/index.php?rest_route=\/wp\/v2\/posts\/3398\/revisions\/3441"}],"wp:featuredmedia":[{"embeddable":true,"href":"https:\/\/vedlich.info\/index.php?rest_route=\/wp\/v2\/media\/3439"}],"wp:attachment":[{"href":"https:\/\/vedlich.info\/index.php?rest_route=%2Fwp%2Fv2%2Fmedia&parent=3398"}],"wp:term":[{"taxonomy":"category","embeddable":true,"href":"https:\/\/vedlich.info\/index.php?rest_route=%2Fwp%2Fv2%2Fcategories&post=3398"},{"taxonomy":"post_tag","embeddable":true,"href":"https:\/\/vedlich.info\/index.php?rest_route=%2Fwp%2Fv2%2Ftags&post=3398"}],"curies":[{"name":"wp","href":"https:\/\/api.w.org\/{rel}","templated":true}]}}