{"id":2618,"date":"2014-09-25T11:13:15","date_gmt":"2014-09-25T10:13:15","guid":{"rendered":"http:\/\/vedlich.info\/?p=2618"},"modified":"2014-09-25T11:16:11","modified_gmt":"2014-09-25T10:16:11","slug":"2618","status":"publish","type":"post","link":"https:\/\/vedlich.info\/?p=2618","title":{"rendered":"Sen jm\u00e9nem Park Mal\u0161ovice skon\u010dil, vycouval i Crestyl"},"content":{"rendered":"<p style=\"text-align: justify;\"><span class=\"zdroj\"><em>Mlad\u00e1 fronta DNES | 25.9.2014 | Rubrika: Kraj Hradeck\u00fd | Strana: 1 | Autor:<\/em> (ram) | T\u00e9ma: Magistr\u00e1t m\u011bsta Hradec Kr\u00e1lov\u00e9<\/span><\/p>\n<p style=\"text-align: justify;\">Projekt fotbalov\u00e9 ar\u00e9ny s obchodn\u00edm centrem se v\u010dera definitivn\u011b p\u0159esunul pouze do \u0159\u00ed\u0161e sn\u016f. Z\u00e1stupci t\u0159et\u00edho developera v\u010dera Hradci ofici\u00e1ln\u011b ozn\u00e1mili, \u017ee t\u0159\u00edap\u016flmiliardov\u00fd projekt od spole\u010dnosti ECE nep\u0159evezmou. \u201eFirma Crestyl mn\u011b a panu prim\u00e1torovi ozn\u00e1mila, \u017ee z\u00e1jem vstoupit do projektu nem\u00e1,\u201c uvedl prim\u00e1tor\u016fv n\u00e1m\u011bstek Jind\u0159ich Vedlich.<!--more--><\/p>\n<p style=\"text-align: justify;\">\u201ePo prostudov\u00e1n\u00ed v\u0161ech podm\u00ednek a smluv jsme se rozhodli, \u017ee projekt Park Mal\u0161ovice nep\u0159evezmeme. Rozhodli jsme se soust\u0159edit na projekty v jin\u00fdch lokalit\u00e1ch,\u201c potvrdil mluv\u010d\u00ed Crestylu Ond\u0159ej Micka. Veden\u00ed m\u011bsta se nyn\u00ed mus\u00ed co nejd\u0159\u00edv setkat se z\u00e1stupci p\u016fvodn\u00edho developera ECE, aby se dohodli, co d\u00e1l. \u201eHradec je st\u00e1le v\u00e1z\u00e1n smluvn\u00edm vztahem s ECE a dokud se tento probl\u00e9m nevy\u0159e\u0161\u00ed, m\u011bsto nem\u016f\u017ee za\u010d\u00edt stadion stav\u011bt \u010di rekonstruovat,\u201c upozor\u0148uje Ale\u0161 Dohnal ze sdru\u017een\u00ed Pro m\u011bstsk\u00fd stadion, kter\u00e9 smlouvu s developerem dlouhodob\u011b kritizuje.<\/p>\n<p>Podle Vedlicha je ale tento probl\u00e9m p\u0159ed rozseknut\u00edm. \u201eSpole\u010dnost ECE p\u0159isl\u00edbila, \u017ee pokud se jim nepoda\u0159\u00ed naj\u00edt za sebe n\u00e1hradu, nebude d\u011blat probl\u00e9my a od smlouvy odstoup\u00ed,\u201c tvrd\u00ed n\u00e1m\u011bstek. Developer, kter\u00fd odchod z projektu ozn\u00e1mil loni v prosinci, by podle Vedlicha m\u011bl m\u011bstu zaplatit pokutu ve v\u00fd\u0161i 12 milion\u016f korun. Vyj\u00e1d\u0159en\u00ed z\u00e1stupc\u016f ECE se v\u010dera nepoda\u0159ilo z\u00edskat.<\/p>\n<p style=\"text-align: justify;\">Radnice chce nyn\u00ed za\u010d\u00edt urychlen\u011b p\u0159ipravovat p\u0159estavbu st\u00e1vaj\u00edc\u00edho stadionu, kter\u00fd si bude muset postavit za sv\u00e9. \u201eTo je v tuto chv\u00edli n\u00e1zor, kter\u00fd zast\u00e1v\u00e1 jak veden\u00ed m\u011bsta, tak fotbalov\u00fd klub,\u201c sd\u011bluje mluv\u010d\u00ed magistr\u00e1tu Magdal\u00e9na Vl\u010dkov\u00e1. Zastupitel\u00e9 m\u011bsta o stavb\u011b nov\u00e9ho stadionu spolu s obchodn\u00edm centrem rozhodli v roce 2008, kdy v sout\u011b\u017ei zv\u00edt\u011bzila n\u011bmeck\u00e1 developersk\u00e1 firma ECE. Projekt zdr\u017eovaly protesty a \u017ealoby. Loni v prosinci v\u0161ak samo ECE rozhodlo kv\u016fli zm\u011bn\u011b politiky n\u011bmeck\u00e9 centr\u00e1ly od projektu odstoupit.<\/p>\n<p style=\"text-align: justify;\">Firma se ale dohodla se sv\u00fdm konkurentem \u2013 slovenskou spole\u010dnost\u00ed HB Reavis \u2013 o p\u0159evzet\u00ed projektu, kter\u00e9 po dlouh\u00e9 diskusi posv\u011btili i zastupitel\u00e9. Kv\u016fli spor\u016fm obou firem v jin\u00fdch projektech se v\u0161ak HB Reavis rozhodl Park Mal\u0161ovice nep\u0159evz\u00edt. Za\u010d\u00e1tkem srpna za\u010dalo m\u011bsto jednat s firmou Crestyl. V\u010dera z\u00e1stupci developera ozn\u00e1mili, \u017ee projekt nep\u0159evezmou.<\/p>\n","protected":false},"excerpt":{"rendered":"<p>Mlad\u00e1 fronta DNES | 25.9.2014 | Rubrika: Kraj Hradeck\u00fd | Strana: 1 | Autor: (ram) | T\u00e9ma: Magistr\u00e1t m\u011bsta Hradec Kr\u00e1lov\u00e9 Projekt fotbalov\u00e9 ar\u00e9ny s obchodn\u00edm centrem se v\u010dera definitivn\u011b p\u0159esunul pouze do \u0159\u00ed\u0161e sn\u016f. Z\u00e1stupci t\u0159et\u00edho developera v\u010dera Hradci ofici\u00e1ln\u011b ozn\u00e1mili, \u017ee t\u0159\u00edap\u016flmiliardov\u00fd projekt od spole\u010dnosti ECE nep\u0159evezmou. \u201eFirma Crestyl mn\u011b a panu prim\u00e1torovi [&hellip;]<\/p>\n","protected":false},"author":1,"featured_media":0,"comment_status":"closed","ping_status":"closed","sticky":false,"template":"","format":"standard","meta":{"_monsterinsights_skip_tracking":false,"_monsterinsights_sitenote_active":false,"_monsterinsights_sitenote_note":"","_monsterinsights_sitenote_category":0,"_uf_show_specific_survey":0,"_uf_disable_surveys":false,"footnotes":""},"categories":[8],"tags":[],"class_list":["post-2618","post","type-post","status-publish","format-standard","hentry","category-zpravy-z-ostatnich-medii"],"aioseo_notices":[],"_links":{"self":[{"href":"https:\/\/vedlich.info\/index.php?rest_route=\/wp\/v2\/posts\/2618","targetHints":{"allow":["GET"]}}],"collection":[{"href":"https:\/\/vedlich.info\/index.php?rest_route=\/wp\/v2\/posts"}],"about":[{"href":"https:\/\/vedlich.info\/index.php?rest_route=\/wp\/v2\/types\/post"}],"author":[{"embeddable":true,"href":"https:\/\/vedlich.info\/index.php?rest_route=\/wp\/v2\/users\/1"}],"replies":[{"embeddable":true,"href":"https:\/\/vedlich.info\/index.php?rest_route=%2Fwp%2Fv2%2Fcomments&post=2618"}],"version-history":[{"count":2,"href":"https:\/\/vedlich.info\/index.php?rest_route=\/wp\/v2\/posts\/2618\/revisions"}],"predecessor-version":[{"id":2620,"href":"https:\/\/vedlich.info\/index.php?rest_route=\/wp\/v2\/posts\/2618\/revisions\/2620"}],"wp:attachment":[{"href":"https:\/\/vedlich.info\/index.php?rest_route=%2Fwp%2Fv2%2Fmedia&parent=2618"}],"wp:term":[{"taxonomy":"category","embeddable":true,"href":"https:\/\/vedlich.info\/index.php?rest_route=%2Fwp%2Fv2%2Fcategories&post=2618"},{"taxonomy":"post_tag","embeddable":true,"href":"https:\/\/vedlich.info\/index.php?rest_route=%2Fwp%2Fv2%2Ftags&post=2618"}],"curies":[{"name":"wp","href":"https:\/\/api.w.org\/{rel}","templated":true}]}}