{"id":2615,"date":"2014-09-25T10:22:45","date_gmt":"2014-09-25T09:22:45","guid":{"rendered":"http:\/\/vedlich.info\/?p=2615"},"modified":"2014-09-25T10:23:12","modified_gmt":"2014-09-25T09:23:12","slug":"promena-lesniho-hrbitova-hradec-vyjde-na-130-milionu","status":"publish","type":"post","link":"https:\/\/vedlich.info\/?p=2615","title":{"rendered":"Prom\u011bna lesn\u00edho h\u0159bitova Hradec vyjde na 130 milion\u016f"},"content":{"rendered":"<p><em><span class=\"zdroj\">Mlad\u00e1 fronta DNES | 25.9.2014 | Rubrika: Kraj Hradeck\u00fd | Strana: 2 | Autor: (ram) | T\u00e9ma: Magistr\u00e1t m\u011bsta Hradec Kr\u00e1lov\u00e9<\/span><\/em><\/p>\n<p>Radnice chce p\u0159estavbou vy\u0159e\u0161it nedostatek hrob\u016f ve m\u011bst\u011b. Do prom\u011bny lesn\u00edho h\u0159bitova v Mal\u0161ovic\u00edch je hradeck\u00e1 radnice ochotn\u00e1 vlo\u017eit kolem 130 milion\u016f korun. Studii roz\u0161\u00ed\u0159en\u00ed jedin\u00e9ho p\u0159\u00edrodn\u00edho poh\u0159ebi\u0161t\u011b na \u00fazem\u00ed m\u011bsta, kter\u00e9 je celkem snadn\u00e9, u\u017e maj\u00ed k dispozici i hrade\u010dt\u00ed radn\u00ed.<!--more--><\/p>\n<p>Projekt je rozd\u011blen\u00fd do dvou etap. Ta prvn\u00ed by m\u011bla b\u00fdt hotova zhruba za t\u0159i roky a st\u00e1t 65 milion\u016f korun. Celkov\u00e1 p\u0159estavba lesn\u00edho h\u0159bitova by m\u011bla vyj\u00edt na 130 milion\u016f korun. \u201eV prvn\u00ed etap\u011b bychom zrekonstruovali vstup a cestn\u00ed s\u00ed\u0165, roz\u0161\u00ed\u0159ili rozptylovou lou\u010dku \u010di vybudovali kolumb\u00e1ria,\u201c jmenuje pl\u00e1novan\u00e9 pr\u00e1ce n\u00e1m\u011bstek prim\u00e1tora pro rozvoj Jind\u0159ich Vedlich. Sou\u010d\u00e1st\u00ed prvn\u00ed etapy p\u0159estavby lesn\u00edho h\u0159bitova by bylo i po\u0159\u00edzen\u00ed nov\u00e9ho mobili\u00e1\u0159e, \u00faprava zelen\u011b a tak\u00e9 stavebn\u00ed \u00fapravy m\u00edsta p\u0159ed h\u0159bitovem v\u010detn\u011b autobusov\u00e9 zast\u00e1vky.<\/p>\n<p>V Hradci Kr\u00e1lov\u00e9 posledn\u00ed dobou kv\u016fli nedostatku m\u00edsta i v\u00fdhodn\u011bj\u0161\u00ed cen\u011b roste popt\u00e1vka po kolumb\u00e1ri\u00edch, tedy h\u0159bitovn\u00edch stavb\u00e1ch slou\u017e\u00edc\u00edch pro ukl\u00e1d\u00e1n\u00ed uren. V sou\u010dasnosti je jich ale nedostatek. \u201eTo, kter\u00e9 je ve sboru kn\u011bze Ambro\u017ee, je pln\u00e9. Voln\u00e1 m\u00edsta nab\u00edz\u00ed t\u0159eba kolumb\u00e1rium na Pouchov\u011b, ale krom\u011b obyvatel Pouchova o n\u011b lid\u00e9 z jin\u00fdch \u010d\u00e1st\u00ed m\u011bsta nemaj\u00ed z\u00e1jem,\u201c vysv\u011btlil prim\u00e1tor Zden\u011bk Fink.<\/p>\n<p>Pron\u00e1jem urnov\u00e9ho hrobu nebo kolumb\u00e1rn\u00ed schr\u00e1nky na deset let stoj\u00ed v Hradci Kr\u00e1lov\u00e9 800 a\u017e 950 korun, oproti tomu desetilet\u00fd pron\u00e1jem jednohrobov\u00e9ho \u010di dvouhrobov\u00e9ho m\u00edsta podle polohy h\u0159bitova t\u0159i a\u017e \u0161est tis\u00edc korun.<\/p>\n<p><strong> Lesn\u00ed h\u0159bitov bude dvakr\u00e1t v\u011bt\u0161\u00ed<\/strong><\/p>\n<p>Do budoucna radnice po\u010d\u00edt\u00e1 i s druhou etapou p\u0159estavby lesn\u00edho h\u0159bitova, p\u0159i kter\u00e9 by v Mal\u0161ovic\u00edch krom\u011b jeho roz\u0161\u00ed\u0159en\u00ed m\u011bla vyr\u016fst i nov\u00e1 smute\u010dn\u00ed s\u00ed\u0148. Hradec m\u00e1 toti\u017e v sou\u010dasnosti ob\u0159adn\u00ed s\u00ed\u0148 pouze jednu \u2013 v Kuklen\u00e1ch. Ta ale pat\u0159\u00ed c\u00edrkvi, stejn\u011b jako velk\u00e1 \u010d\u00e1st tamn\u00edho h\u0159bitova.<\/p>\n<p>O rozvoji kuklensk\u00e9ho h\u0159bitova radnice uva\u017eovala p\u0159ed \u0161esti lety. Investovat do n\u011bj cht\u011bla kolem 90 milion\u016f korun, pen\u00edze se ale nakonec v rozpo\u010dtu nena\u0161ly a z\u00e1m\u011br padl. Lesn\u00ed h\u0159bitov nyn\u00ed zab\u00edr\u00e1 28 hektar\u016f, rozr\u016fst se m\u016f\u017ee a\u017e na 55 hektar\u016f.<\/p>\n","protected":false},"excerpt":{"rendered":"<p>Mlad\u00e1 fronta DNES | 25.9.2014 | Rubrika: Kraj Hradeck\u00fd | Strana: 2 | Autor: (ram) | T\u00e9ma: Magistr\u00e1t m\u011bsta Hradec Kr\u00e1lov\u00e9 Radnice chce p\u0159estavbou vy\u0159e\u0161it nedostatek hrob\u016f ve m\u011bst\u011b. Do prom\u011bny lesn\u00edho h\u0159bitova v Mal\u0161ovic\u00edch je hradeck\u00e1 radnice ochotn\u00e1 vlo\u017eit kolem 130 milion\u016f korun. Studii roz\u0161\u00ed\u0159en\u00ed jedin\u00e9ho p\u0159\u00edrodn\u00edho poh\u0159ebi\u0161t\u011b na \u00fazem\u00ed m\u011bsta, kter\u00e9 je celkem [&hellip;]<\/p>\n","protected":false},"author":1,"featured_media":0,"comment_status":"closed","ping_status":"closed","sticky":false,"template":"","format":"standard","meta":{"_monsterinsights_skip_tracking":false,"_monsterinsights_sitenote_active":false,"_monsterinsights_sitenote_note":"","_monsterinsights_sitenote_category":0,"_uf_show_specific_survey":0,"_uf_disable_surveys":false,"footnotes":""},"categories":[8],"tags":[],"class_list":["post-2615","post","type-post","status-publish","format-standard","hentry","category-zpravy-z-ostatnich-medii"],"aioseo_notices":[],"_links":{"self":[{"href":"https:\/\/vedlich.info\/index.php?rest_route=\/wp\/v2\/posts\/2615","targetHints":{"allow":["GET"]}}],"collection":[{"href":"https:\/\/vedlich.info\/index.php?rest_route=\/wp\/v2\/posts"}],"about":[{"href":"https:\/\/vedlich.info\/index.php?rest_route=\/wp\/v2\/types\/post"}],"author":[{"embeddable":true,"href":"https:\/\/vedlich.info\/index.php?rest_route=\/wp\/v2\/users\/1"}],"replies":[{"embeddable":true,"href":"https:\/\/vedlich.info\/index.php?rest_route=%2Fwp%2Fv2%2Fcomments&post=2615"}],"version-history":[{"count":2,"href":"https:\/\/vedlich.info\/index.php?rest_route=\/wp\/v2\/posts\/2615\/revisions"}],"predecessor-version":[{"id":2617,"href":"https:\/\/vedlich.info\/index.php?rest_route=\/wp\/v2\/posts\/2615\/revisions\/2617"}],"wp:attachment":[{"href":"https:\/\/vedlich.info\/index.php?rest_route=%2Fwp%2Fv2%2Fmedia&parent=2615"}],"wp:term":[{"taxonomy":"category","embeddable":true,"href":"https:\/\/vedlich.info\/index.php?rest_route=%2Fwp%2Fv2%2Fcategories&post=2615"},{"taxonomy":"post_tag","embeddable":true,"href":"https:\/\/vedlich.info\/index.php?rest_route=%2Fwp%2Fv2%2Ftags&post=2615"}],"curies":[{"name":"wp","href":"https:\/\/api.w.org\/{rel}","templated":true}]}}