{"id":2607,"date":"2014-09-23T09:56:05","date_gmt":"2014-09-23T08:56:05","guid":{"rendered":"http:\/\/vedlich.info\/?p=2607"},"modified":"2014-09-24T10:35:47","modified_gmt":"2014-09-24T09:35:47","slug":"nektere-akce-ve-meste-me-staly-pet-let-zivota-stadion-dva-roky","status":"publish","type":"post","link":"https:\/\/vedlich.info\/?p=2607","title":{"rendered":"N\u011bkter\u00e9 akce ve m\u011bst\u011b m\u011b st\u00e1ly p\u011bt let \u017eivota, stadion dva roky"},"content":{"rendered":"<p style=\"text-align: justify;\"><em><span class=\"zdroj\">Mlad\u00e1 fronta DNES | 23.9.2014 | Rubrika: Kraj Hradeck\u00fd | Strana: 3 | Autor: Michaela Rambouskov\u00e1 | T\u00e9ma: Magistr\u00e1t m\u011bsta Hradec Kr\u00e1lov\u00e9<\/span><\/em><\/p>\n<p style=\"text-align: justify;\">MF DNES p\u0159in\u00e1\u0161\u00ed seri\u00e1l rozhovor\u016f s vybran\u00fdmi kandid\u00e1ty na kr\u00e1lov\u00e9hradeck\u00e9ho prim\u00e1tora. Dnes se p\u0159edstavuje Jind\u0159ich Vedlich, l\u00eddr TOP 09. V posledn\u00edch \u010dty\u0159ech letech dohl\u00ed\u017eel na ve\u0161ker\u00e9 stavby, p\u0159estavby \u010di rekonstrukce v Hradci Kr\u00e1lov\u00e9. Te\u010f by se l\u00eddr TOP 09 a n\u00e1m\u011bstek Jind\u0159ich Vedlich cht\u011bl poprat rovnou o prim\u00e1torsk\u00e9 k\u0159eslo. \u201eAni komplikovanost politiky m\u011b neodradila od toho, d\u011blat ji slu\u0161n\u011b,\u201c tvrd\u00ed b\u00fdval\u00fd studentsk\u00fd v\u016fdce.<!--more--><\/p>\n<p style=\"text-align: justify;\"><strong>* Po cel\u00e9m Hradci vis\u00ed va\u0161e p\u0159edvolebn\u00ed plak\u00e1ty se seznamem staveb, kter\u00e9 se za minul\u00e9 \u010dty\u0159i roky povedly. Hodn\u011b lid\u00ed v\u00e1s ale kritizuje za to, \u017ee se jen chlub\u00edte ciz\u00edm pe\u0159\u00edm, proto\u017ee \u010d\u00e1st t\u011bch projekt\u016f p\u0159ipravili va\u0161i p\u0159edch\u016fdci na radnici&#8230;<\/strong><\/p>\n<p style=\"text-align: justify;\">Nikdy jsem ne\u0159ekl, \u017ee je to pouze moje z\u00e1sluha, jen jsem napsal, \u017ee to v\u0161echno jsme realizovali na \u00faseku rozvoje m\u011bsta. Nikdy jsem nepop\u0159el, \u017ee projekty zapo\u010daly u\u017e v minul\u00e9m volebn\u00edm obdob\u00ed, je ale t\u0159eba jednozna\u010dn\u011b zd\u016fraznit, \u017ee to gr\u00f3, tedy v\u00fdb\u011br zhotovitele, kontroln\u00ed dny a spoustu pr\u00e1ce spojen\u00e9 s realizac\u00ed, odbory, v jejich\u017e \u010dele stoj\u00edm, zvl\u00e1dly.<\/p>\n<p style=\"text-align: justify;\"><strong>* Vy s\u00e1m n\u011bjak\u00e9 projekty sv\u00fdm n\u00e1stupc\u016fm p\u0159ipravujete?<\/strong><\/p>\n<p style=\"text-align: justify;\">To by m\u011bl ud\u011blat ka\u017ed\u00fd n\u00e1m\u011bstek pro rozvoj m\u011bsta. Nam\u00e1tkou uvedu p\u0159\u00edpravu rekonstrukce severn\u00edch teras, Gajerov\u00fdch a Vrbensk\u00e9ho kas\u00e1ren \u010di projektovou p\u0159\u00edpravu Mal\u00e9ho labsk\u00e9ho n\u00e1hona v Kuklen\u00e1ch. To jsou sam\u00e9 d\u016fle\u017eit\u00e9 projekty, kter\u00e9 p\u0159ipravuji pro sv\u00e9ho n\u00e1sledovn\u00edka.<\/p>\n<p style=\"text-align: justify;\"><strong>* Mluv\u00edte o n\u00e1sledovn\u00edkovi. Kdybyste ale m\u011bl mo\u017enost ve funkci n\u00e1m\u011bstka pro rozvoj pokra\u010dovat, \u0161el byste do toho? Nebo v\u00e1s l\u00e1k\u00e1 sp\u00ed\u0161 prim\u00e1torsk\u00e9 k\u0159eslo?<\/strong><\/p>\n<p style=\"text-align: justify;\">TOP 09 m\u011b nominovala jako kandid\u00e1ta na prim\u00e1tora m\u011bsta. O tom, zda budu prim\u00e1torem \u010di jeho n\u00e1m\u011bstkem, rozhodnou voli\u010di.<\/p>\n<p style=\"text-align: justify;\"><strong>* S \u010d\u00edm byste tedy \u0161el do prim\u00e1torsk\u00e9ho k\u0159esla?<\/strong><\/p>\n<p style=\"text-align: justify;\">Se snahou dokon\u010dit investi\u010dn\u00ed akce jako Velk\u00e9 n\u00e1m\u011bst\u00ed, dal\u0161\u00ed akc\u00ed je dokon\u010den\u00ed Vrbensk\u00e9ho a Gayerov\u00fdch kas\u00e1ren, ty bychom r\u00e1di \u0159e\u0161ili jako jeden celek i s \u017di\u017ekov\u00fdmi sady. Mus\u00edme taky vystav\u011bt parkovac\u00ed domy a dokon\u010dit dal\u0161\u00ed p\u0159ipravovan\u00e9 akce.<\/p>\n<p style=\"text-align: justify;\"><strong>* U\u017e n\u011bkolik let m\u00e1te heslo Slu\u0161n\u00e1 politika v Hradci a \u010dasto p\u016fsob\u00edte a\u017e hyperkorektn\u011b. Ne\u010din\u00ed v\u00e1m v politick\u00e9 pr\u00e1ci pot\u00ed\u017ee nezklamat \u017e\u00e1dnou stranu?<\/strong><\/p>\n<p style=\"text-align: justify;\">Je to samoz\u0159ejm\u011b velmi n\u00e1ro\u010dn\u00e9. Jak\u00e1koliv investi\u010dn\u00ed akce m\u00e1 p\u0159\u00edznivce i odp\u016frce a j\u00e1 se sna\u017e\u00edm naj\u00edt maxim\u00e1n\u00ed konsenzus mezi v\u0161emi skupinami. Nap\u0159\u00edklad p\u0159i p\u0159\u00edprav\u011b nov\u00e9ho \u00fazemn\u00edho pl\u00e1nu, kdy jsme museli d\u00e1t dohromady obrovsk\u00e9 mno\u017estv\u00ed protich\u016fdn\u00fdch tendenc\u00ed, se n\u00e1m to poda\u0159ilo. Ale ani komplikovanost toho v\u0161eho m\u011b neodrad\u00ed od toho d\u011blat politiku slu\u0161n\u011b.<\/p>\n<p><strong>* P\u0159i\u0161el jste v politice o n\u011bjak\u00e9 ide\u00e1ly?<\/strong><\/p>\n<p style=\"text-align: justify;\">Politika je velmi t\u011b\u017ek\u00e1 a slo\u017eit\u00e1, ale st\u00e1le v\u011b\u0159\u00edm, \u017ee pokud se d\u011bl\u00e1 slu\u0161n\u011b, je to pr\u00e1ce jako kter\u00e1koliv jin\u00e1, kter\u00e1 se m\u016f\u017ee d\u011blat po\u0159\u00e1dn\u011b, ale i fl\u00e1kat.<\/p>\n<p style=\"text-align: justify;\"><strong>* S jak\u00fdmi ide\u00e1ly jdete do n\u00e1sleduj\u00edc\u00edch \u010dty\u0159 let?<\/strong><\/p>\n<p style=\"text-align: justify;\">J\u00e1 osobn\u011b jdu s ide\u00e1ly pokra\u010dov\u00e1n\u00ed v zapo\u010dat\u00e9 pr\u00e1ci. Jako TOP 09 pak jdeme s t\u00edm, \u017ee bychom cht\u011bli je\u0161t\u011b zv\u00fd\u0161it po\u010det mand\u00e1t\u016f ze \u010dty\u0159 na p\u011bt nebo \u0161est. Mysl\u00edm si, \u017ee jsem opr\u00e1vn\u011bn toto o\u010dek\u00e1vat po tom, jak dopadly evropsk\u00e9 i parlamentn\u00ed volby.<\/p>\n<p style=\"text-align: justify;\"><strong>* Letos ale kandiduje rovnou 15 uskupen\u00ed, tak\u017ee zisk \u0161est k\u0159esel bude hodn\u011b n\u00e1ro\u010dn\u00fd.<\/strong><\/p>\n<p style=\"text-align: justify;\">Budu velmi r\u00e1d, kdy\u017e se n\u00e1m poda\u0159\u00ed zisk od sou\u010dasn\u00fdch \u010dty\u0159 do \u0161esti k\u0159esel. Samoz\u0159ejm\u011b si uv\u011bdomuji, \u017ee to bude velmi slo\u017eit\u00e9.<\/p>\n<p style=\"text-align: justify;\"><strong>* Zat\u00edm jsme st\u00e1le hovo\u0159ili jen o tom, co se poda\u0159ilo, nebo co pl\u00e1nujete. Ur\u010dit\u011b ale existuj\u00ed i projekty, na kter\u00e9 nejste moc py\u0161n\u00fd.<\/strong><\/p>\n<p style=\"text-align: justify;\">Jsou n\u011bkter\u00e9 akce, kde se nap\u0159\u00edklad nepoda\u0159ilo dodr\u017eet term\u00edn, a kter\u00e9 m\u011b st\u00e1ly odhadem p\u011bt let m\u00e9ho \u017eivota hlavn\u011b z hlediska nervov\u00e9ho vyp\u011bt\u00ed.<\/p>\n<p style=\"text-align: justify;\"><strong>* Jak\u00e9 akce mysl\u00edte?<\/strong><\/p>\n<p style=\"text-align: justify;\">T\u0159eba n\u00e1m\u011bst\u00ed 28. \u0159\u00edjna. Naopak kdy\u017e si vezmeme rekonstrukci Bene\u0161ovy t\u0159\u00eddy, kter\u00e1 je objemov\u011b i finan\u010dn\u011b n\u00e1ro\u010dn\u011bj\u0161\u00ed, t\u00e9 jsem se p\u0159ed jej\u00edm zah\u00e1jen\u00edm zprvu nesm\u00edrn\u011b ob\u00e1val, a naopak dopadla bez velk\u00fdch prob\u00e9m\u016f.<\/p>\n<p style=\"text-align: justify;\"><strong>* Kolik let \u017eivota v\u00e1m vzal fotbalov\u00fd stadion?<\/strong><\/p>\n<p style=\"text-align: justify;\">Tak zhruba dva roky. J\u00e1 bych r\u00e1d, aby m\u011bsto m\u011blo d\u016fstojn\u00fd fotbalov\u00fd stadion, proto\u017ee fotbal m\u00e1 v Hradci Kr\u00e1lov\u00e9 dlouhou tradici a m\u011bsto si ho zaslou\u017e\u00ed. Co se t\u00fd\u010de stavby stadionu, jen se boj\u00edm, abychom neust\u00e1le nelav\u00edrovali z jedn\u00e9 strany na druhou, ale kone\u010dn\u011b se u\u017e dohodli na n\u011bjak\u00e9m \u0159e\u0161en\u00ed, kter\u00e9 bude co nejrychlej\u0161\u00ed. S nejv\u011bt\u0161\u00ed pravd\u011bpodobnost\u00ed se vr\u00e1t\u00edme zp\u011bt k my\u0161lence rekonstrukce stadionu a j\u00e1 douf\u00e1m, \u017ee u\u017e se nebude m\u011bnit a stadion bude zrekonstruov\u00e1n co nejd\u0159\u00edve.<\/p>\n<p style=\"text-align: justify;\"><strong>* V posledn\u00edch m\u011bs\u00edc\u00edch jste byl velk\u00fdm propag\u00e1torem stavby stadionu s obchodn\u00edm centrem. P\u0159ed t\u0159emi lety jste ale \u0159ekl, cituji: \u201eS\u00e1m za sebe m\u016f\u017eu \u0159\u00edct, \u017ee smlouvu s ECE shled\u00e1v\u00e1m pro Hradec jako nev\u00fdhodnou. Fotbalov\u00fd stadion je priorita, ale jeho sv\u00e1zanost s obchodn\u00edm centrem je v\u011bc, ze kter\u00e9 v\u016fbec nejsem nad\u0161en.\u201c Jak do\u0161lo k va\u0161emu obratu doslova o 360 stup\u0148\u016f?<\/strong><\/p>\n<p style=\"text-align: justify;\">M\u011b \u0161lo v\u017edycky o to, aby stavba byla co nejrychlej\u0161\u00ed a co nejlevn\u011bj\u0161\u00ed pro m\u011bsto. Projekt jsem jako n\u00e1m\u011bstek prim\u00e1tora p\u0159evzal u\u017e hodn\u011b vypracovan\u00fd. Kdy\u017e jsme si nechali ud\u011blat anal\u00fdzy, vyplynulo z nich, \u017ee projekt s obchodn\u00edm centrem byl nejrychlej\u0161\u00ed a nejlacin\u011bj\u0161\u00ed, proto\u017ee bychom za pozemky dostali 260 milion\u016f. P\u0159esv\u011bd\u010dila m\u011b pak p\u0159edev\u0161\u00edm skute\u010dnost, \u017ee by developer hradil parkovac\u00ed m\u00edsta, demolice, rekonstrukci infrastruktury a hlavn\u011b \u017ee by po dobu deseti let p\u0159isp\u00edval klubu nemalou \u010d\u00e1stkou. Proto\u017ee dote\u010f se n\u00e1m nepoda\u0159ilo pro klub sehnat strategick\u00e9ho partnera.<\/p>\n<p style=\"text-align: justify;\"><strong>* Pov\u011bst hradeck\u00e9 TOP 09 ned\u00e1vno po\u0161kodil odchod dvou \u010dlen\u016f rady Lenky Jaklov\u00e9 a Richarda N\u00e1dvorn\u00edka. Jak strana funguje te\u010f, u\u017e m\u00e1te vyjasn\u011bn\u00e9 n\u00e1zory a postoje?<\/strong><\/p>\n<p style=\"text-align: justify;\">Odchod obou n\u00e1s nepo\u0161kodil, byl jen logick\u00fdm d\u016fsledkem toho, \u017ee m\u00e1me na mnoho v\u011bc\u00ed rozd\u00edln\u00e9 n\u00e1zory. J\u00e1 se na rozd\u00edl od svou b\u00fdval\u00fdch koleg\u016f nesn\u00ed\u017e\u00edm k tomu, abych je napadal tak, jak napadaj\u00ed oni m\u011b. To je pod moji d\u016fstojnost. T\u00fdm lid\u00ed, kte\u0159\u00ed nyn\u00ed kandiduj\u00ed za TOP 09, je v tuto chv\u00edli jednotn\u00fd a pln\u00fd zaj\u00edmav\u00fdch osobnost\u00ed.<\/p>\n<p style=\"text-align: justify;\">***<\/p>\n<p style=\"text-align: justify;\">FAKTA Jind\u0159ich Vedlich TOP 09 Narodil se v roce 1966 v Hradci Kr\u00e1lov\u00e9, kde tak\u00e9 vystudoval pedagogickou fakultu. V roce 1989 se stal spoluzakladatelem m\u00edstn\u00edho ob\u010dansk\u00e9ho f\u00f3ra na fakult\u011b. Kr\u00e1tce tak\u00e9 pracoval jako asistent ministra zdravotnictv\u00ed Leo\u0161e Hegera, hned pot\u00e9 se stal n\u00e1m\u011bstkem hradeck\u00e9ho prim\u00e1tora pro rozvoj. Je \u017eenat\u00fd a m\u00e1 t\u0159i d\u011bti.<\/p>\n","protected":false},"excerpt":{"rendered":"<p>Mlad\u00e1 fronta DNES | 23.9.2014 | Rubrika: Kraj Hradeck\u00fd | Strana: 3 | Autor: Michaela Rambouskov\u00e1 | T\u00e9ma: Magistr\u00e1t m\u011bsta Hradec Kr\u00e1lov\u00e9 MF DNES p\u0159in\u00e1\u0161\u00ed seri\u00e1l rozhovor\u016f s vybran\u00fdmi kandid\u00e1ty na kr\u00e1lov\u00e9hradeck\u00e9ho prim\u00e1tora. Dnes se p\u0159edstavuje Jind\u0159ich Vedlich, l\u00eddr TOP 09. V posledn\u00edch \u010dty\u0159ech letech dohl\u00ed\u017eel na ve\u0161ker\u00e9 stavby, p\u0159estavby \u010di rekonstrukce v Hradci Kr\u00e1lov\u00e9. [&hellip;]<\/p>\n","protected":false},"author":1,"featured_media":2611,"comment_status":"closed","ping_status":"closed","sticky":false,"template":"","format":"standard","meta":{"_monsterinsights_skip_tracking":false,"_monsterinsights_sitenote_active":false,"_monsterinsights_sitenote_note":"","_monsterinsights_sitenote_category":0,"_uf_show_specific_survey":0,"_uf_disable_surveys":false,"footnotes":""},"categories":[8],"tags":[],"class_list":["post-2607","post","type-post","status-publish","format-standard","has-post-thumbnail","hentry","category-zpravy-z-ostatnich-medii"],"aioseo_notices":[],"_links":{"self":[{"href":"https:\/\/vedlich.info\/index.php?rest_route=\/wp\/v2\/posts\/2607","targetHints":{"allow":["GET"]}}],"collection":[{"href":"https:\/\/vedlich.info\/index.php?rest_route=\/wp\/v2\/posts"}],"about":[{"href":"https:\/\/vedlich.info\/index.php?rest_route=\/wp\/v2\/types\/post"}],"author":[{"embeddable":true,"href":"https:\/\/vedlich.info\/index.php?rest_route=\/wp\/v2\/users\/1"}],"replies":[{"embeddable":true,"href":"https:\/\/vedlich.info\/index.php?rest_route=%2Fwp%2Fv2%2Fcomments&post=2607"}],"version-history":[{"count":2,"href":"https:\/\/vedlich.info\/index.php?rest_route=\/wp\/v2\/posts\/2607\/revisions"}],"predecessor-version":[{"id":2610,"href":"https:\/\/vedlich.info\/index.php?rest_route=\/wp\/v2\/posts\/2607\/revisions\/2610"}],"wp:featuredmedia":[{"embeddable":true,"href":"https:\/\/vedlich.info\/index.php?rest_route=\/wp\/v2\/media\/2611"}],"wp:attachment":[{"href":"https:\/\/vedlich.info\/index.php?rest_route=%2Fwp%2Fv2%2Fmedia&parent=2607"}],"wp:term":[{"taxonomy":"category","embeddable":true,"href":"https:\/\/vedlich.info\/index.php?rest_route=%2Fwp%2Fv2%2Fcategories&post=2607"},{"taxonomy":"post_tag","embeddable":true,"href":"https:\/\/vedlich.info\/index.php?rest_route=%2Fwp%2Fv2%2Ftags&post=2607"}],"curies":[{"name":"wp","href":"https:\/\/api.w.org\/{rel}","templated":true}]}}