{"id":2587,"date":"2014-09-18T13:04:45","date_gmt":"2014-09-18T12:04:45","guid":{"rendered":"http:\/\/vedlich.info\/?p=2587"},"modified":"2014-09-18T14:59:18","modified_gmt":"2014-09-18T13:59:18","slug":"otevrela-se-prvni-cast-dopravniho-hriste-pro-deti","status":"publish","type":"post","link":"https:\/\/vedlich.info\/?p=2587","title":{"rendered":"Otev\u0159ela se prvn\u00ed \u010d\u00e1st dopravn\u00edho h\u0159i\u0161t\u011b pro d\u011bti"},"content":{"rendered":"<p style=\"text-align: justify;\"><em><span class=\"zdroj\">Mlad\u00e1 fronta DNES | 18.9.2014 | Rubrika: Kraj Hradeck\u00fd | Strana: 2 | Autor: (\u010cTK) | T\u00e9ma: Magistr\u00e1t m\u011bsta Hradec Kr\u00e1lov\u00e9<\/span><\/em><\/p>\n<p style=\"text-align: justify;\">V Hradci Kr\u00e1lov\u00e9 v\u010dera slavnostn\u011b otev\u0159eli prvn\u00ed \u010d\u00e1sti nov\u00e9ho dopravn\u00edho h\u0159i\u0161t\u011b v T\u0159eb\u0161i, kter\u00e9 nahrad\u00ed nevyhovuj\u00edc\u00ed h\u0159i\u0161t\u011b u mal\u0161ovick\u00e9ho stadionu. Dosud v\u00fdstavba h\u0159i\u0161t\u011b st\u00e1la zhruba sedm milion\u016f korun, druh\u00e1 etapa by m\u011bla st\u00e1t p\u0159ibli\u017en\u011b osm milion\u016f korun.<\/p>\n<p style=\"text-align: justify;\"><!--more-->D\u011btem p\u0159i hodin\u00e1ch dopravn\u00ed v\u00fdchovy bude slou\u017eit h\u0159i\u0161t\u011b s r\u016fzn\u00fdmi dopravn\u00edmi prvky, k\u0159i\u017eovatkami, p\u0159echody \u010di dopravn\u00ed signalizac\u00ed. \u201eJsou tam v\u0161echny situace, se kter\u00fdmi se d\u00edt\u011b v provozu m\u016f\u017ee setkat, v\u010detn\u011b \u017eelezni\u010dn\u00edho p\u0159ejezdu,\u201c \u0159ekl prim\u00e1tor\u016fv n\u00e1m\u011bstek Jind\u0159ich Vedlich.<\/p>\n<p style=\"text-align: justify;\">Zaj\u00edmavost\u00ed nov\u00e9ho h\u0159i\u0161t\u011b je um\u011bl\u00fd kope\u010dek, kter\u00fd v \u010d\u00e1sti h\u0159i\u0161t\u011b vytvo\u0159ily stavebn\u00ed stroje, tak\u017ee d\u011bti na bicyklech \u010dek\u00e1 i \u0161lap\u00e1n\u00ed do kopce a sjezd dol\u016f. \u201eP\u0159i tom si vyzkou\u0161ej\u00ed pou\u017e\u00edv\u00e1n\u00ed p\u0159evod\u016f, k \u010demu\u017e jinak v rovinat\u00e9m Hradci tolik mo\u017enost\u00ed nen\u00ed,\u201c uvedla d\u0159\u00edve mluv\u010d\u00ed radnice Magdal\u00e9na Vl\u010dkov\u00e1.<\/p>\n<p style=\"text-align: justify;\">Radnice chce do poloviny p\u0159\u00ed\u0161t\u00edho roku postavit u d\u011btsk\u00e9ho h\u0159i\u0161t\u011b je\u0161t\u011b budovu, ve kter\u00e9 vznikne soci\u00e1ln\u00ed z\u00e1zem\u00ed, u\u010debny a \u00faschovna kol, kter\u00e1 budou pro v\u00fduku d\u011bt\u00ed na h\u0159i\u0161ti slou\u017eit. V\u00fduku d\u011bt\u00ed zaji\u0161\u0165uj\u00ed str\u00e1\u017en\u00edci m\u011bstsk\u00e9 policie.<\/p>\n\n\t\t<style type=\"text\/css\">\n\t\t\t#gallery-1 {\n\t\t\t\tmargin: auto;\n\t\t\t}\n\t\t\t#gallery-1 .gallery-item {\n\t\t\t\tfloat: left;\n\t\t\t\tmargin-top: 10px;\n\t\t\t\ttext-align: center;\n\t\t\t\twidth: 33%;\n\t\t\t}\n\t\t\t#gallery-1 img {\n\t\t\t\tborder: 2px solid #cfcfcf;\n\t\t\t}\n\t\t\t#gallery-1 .gallery-caption {\n\t\t\t\tmargin-left: 0;\n\t\t\t}\n\t\t\t\/* see gallery_shortcode() in wp-includes\/media.php *\/\n\t\t<\/style>\n\t\t<div id='gallery-1' class='gallery galleryid-2587 gallery-columns-3 gallery-size-thumbnail'><dl class='gallery-item'>\n\t\t\t<dt class='gallery-icon landscape'>\n\t\t\t\t<a rel=\"prettyPhoto[postimages]\" href='https:\/\/vedlich.info\/wp-content\/uploads\/2014\/09\/dopravn\u00ed-h\u0159i\u0161t\u011b-01.jpg'><img loading=\"lazy\" decoding=\"async\" width=\"200\" height=\"150\" src=\"https:\/\/vedlich.info\/wp-content\/uploads\/2014\/09\/dopravn\u00ed-h\u0159i\u0161t\u011b-01-200x150.jpg\" class=\"attachment-thumbnail size-thumbnail\" alt=\"\" \/><\/a>\n\t\t\t<\/dt><\/dl><dl class='gallery-item'>\n\t\t\t<dt class='gallery-icon landscape'>\n\t\t\t\t<a rel=\"prettyPhoto[postimages]\" href='https:\/\/vedlich.info\/wp-content\/uploads\/2014\/09\/dopravn\u00ed-h\u0159i\u0161t\u011b-02.jpg'><img loading=\"lazy\" decoding=\"async\" width=\"200\" height=\"150\" src=\"https:\/\/vedlich.info\/wp-content\/uploads\/2014\/09\/dopravn\u00ed-h\u0159i\u0161t\u011b-02-200x150.jpg\" class=\"attachment-thumbnail size-thumbnail\" alt=\"\" \/><\/a>\n\t\t\t<\/dt><\/dl><dl class='gallery-item'>\n\t\t\t<dt class='gallery-icon landscape'>\n\t\t\t\t<a rel=\"prettyPhoto[postimages]\" href='https:\/\/vedlich.info\/wp-content\/uploads\/2014\/09\/dopravn\u00ed-h\u0159i\u0161t\u011b-03.jpg'><img loading=\"lazy\" decoding=\"async\" width=\"200\" height=\"150\" src=\"https:\/\/vedlich.info\/wp-content\/uploads\/2014\/09\/dopravn\u00ed-h\u0159i\u0161t\u011b-03-200x150.jpg\" class=\"attachment-thumbnail size-thumbnail\" alt=\"\" \/><\/a>\n\t\t\t<\/dt><\/dl><br style=\"clear: both\" \/><dl class='gallery-item'>\n\t\t\t<dt class='gallery-icon landscape'>\n\t\t\t\t<a rel=\"prettyPhoto[postimages]\" href='https:\/\/vedlich.info\/wp-content\/uploads\/2014\/09\/dopravn\u00ed-h\u0159i\u0161t\u011b-04.jpg'><img loading=\"lazy\" decoding=\"async\" width=\"200\" height=\"150\" src=\"https:\/\/vedlich.info\/wp-content\/uploads\/2014\/09\/dopravn\u00ed-h\u0159i\u0161t\u011b-04-200x150.jpg\" class=\"attachment-thumbnail size-thumbnail\" alt=\"\" \/><\/a>\n\t\t\t<\/dt><\/dl><dl class='gallery-item'>\n\t\t\t<dt class='gallery-icon landscape'>\n\t\t\t\t<a rel=\"prettyPhoto[postimages]\" href='https:\/\/vedlich.info\/wp-content\/uploads\/2014\/09\/dopravn\u00ed-h\u0159i\u0161t\u011b-05.jpg'><img loading=\"lazy\" decoding=\"async\" width=\"200\" height=\"150\" src=\"https:\/\/vedlich.info\/wp-content\/uploads\/2014\/09\/dopravn\u00ed-h\u0159i\u0161t\u011b-05-200x150.jpg\" class=\"attachment-thumbnail size-thumbnail\" alt=\"\" \/><\/a>\n\t\t\t<\/dt><\/dl><dl class='gallery-item'>\n\t\t\t<dt class='gallery-icon landscape'>\n\t\t\t\t<a rel=\"prettyPhoto[postimages]\" href='https:\/\/vedlich.info\/wp-content\/uploads\/2014\/09\/dopravn\u00ed-h\u0159i\u0161t\u011b-06.jpg'><img loading=\"lazy\" decoding=\"async\" width=\"200\" height=\"150\" src=\"https:\/\/vedlich.info\/wp-content\/uploads\/2014\/09\/dopravn\u00ed-h\u0159i\u0161t\u011b-06-200x150.jpg\" class=\"attachment-thumbnail size-thumbnail\" alt=\"\" \/><\/a>\n\t\t\t<\/dt><\/dl><br style=\"clear: both\" \/>\n\t\t<\/div>\n\n","protected":false},"excerpt":{"rendered":"<p>Mlad\u00e1 fronta DNES | 18.9.2014 | Rubrika: Kraj Hradeck\u00fd | Strana: 2 | Autor: (\u010cTK) | T\u00e9ma: Magistr\u00e1t m\u011bsta Hradec Kr\u00e1lov\u00e9 V Hradci Kr\u00e1lov\u00e9 v\u010dera slavnostn\u011b otev\u0159eli prvn\u00ed \u010d\u00e1sti nov\u00e9ho dopravn\u00edho h\u0159i\u0161t\u011b v T\u0159eb\u0161i, kter\u00e9 nahrad\u00ed nevyhovuj\u00edc\u00ed h\u0159i\u0161t\u011b u mal\u0161ovick\u00e9ho stadionu. Dosud v\u00fdstavba h\u0159i\u0161t\u011b st\u00e1la zhruba sedm milion\u016f korun, druh\u00e1 etapa by m\u011bla st\u00e1t p\u0159ibli\u017en\u011b [&hellip;]<\/p>\n","protected":false},"author":1,"featured_media":2588,"comment_status":"closed","ping_status":"closed","sticky":false,"template":"","format":"standard","meta":{"_monsterinsights_skip_tracking":false,"_monsterinsights_sitenote_active":false,"_monsterinsights_sitenote_note":"","_monsterinsights_sitenote_category":0,"_uf_show_specific_survey":0,"_uf_disable_surveys":false,"footnotes":""},"categories":[8],"tags":[],"class_list":["post-2587","post","type-post","status-publish","format-standard","has-post-thumbnail","hentry","category-zpravy-z-ostatnich-medii"],"aioseo_notices":[],"_links":{"self":[{"href":"https:\/\/vedlich.info\/index.php?rest_route=\/wp\/v2\/posts\/2587","targetHints":{"allow":["GET"]}}],"collection":[{"href":"https:\/\/vedlich.info\/index.php?rest_route=\/wp\/v2\/posts"}],"about":[{"href":"https:\/\/vedlich.info\/index.php?rest_route=\/wp\/v2\/types\/post"}],"author":[{"embeddable":true,"href":"https:\/\/vedlich.info\/index.php?rest_route=\/wp\/v2\/users\/1"}],"replies":[{"embeddable":true,"href":"https:\/\/vedlich.info\/index.php?rest_route=%2Fwp%2Fv2%2Fcomments&post=2587"}],"version-history":[{"count":3,"href":"https:\/\/vedlich.info\/index.php?rest_route=\/wp\/v2\/posts\/2587\/revisions"}],"predecessor-version":[{"id":2596,"href":"https:\/\/vedlich.info\/index.php?rest_route=\/wp\/v2\/posts\/2587\/revisions\/2596"}],"wp:featuredmedia":[{"embeddable":true,"href":"https:\/\/vedlich.info\/index.php?rest_route=\/wp\/v2\/media\/2588"}],"wp:attachment":[{"href":"https:\/\/vedlich.info\/index.php?rest_route=%2Fwp%2Fv2%2Fmedia&parent=2587"}],"wp:term":[{"taxonomy":"category","embeddable":true,"href":"https:\/\/vedlich.info\/index.php?rest_route=%2Fwp%2Fv2%2Fcategories&post=2587"},{"taxonomy":"post_tag","embeddable":true,"href":"https:\/\/vedlich.info\/index.php?rest_route=%2Fwp%2Fv2%2Ftags&post=2587"}],"curies":[{"name":"wp","href":"https:\/\/api.w.org\/{rel}","templated":true}]}}