{"id":2583,"date":"2014-09-17T10:59:17","date_gmt":"2014-09-17T09:59:17","guid":{"rendered":"http:\/\/vedlich.info\/?p=2583"},"modified":"2014-09-17T11:00:27","modified_gmt":"2014-09-17T10:00:27","slug":"kus-za-kus-aneb-mesto-meni-s-krajem-kasarny","status":"publish","type":"post","link":"https:\/\/vedlich.info\/?p=2583","title":{"rendered":"Kus za kus aneb M\u011bsto m\u011bn\u00ed s krajem kas\u00e1rny"},"content":{"rendered":"<p style=\"text-align: justify;\"><em><span class=\"zdroj\">Hradeck\u00fd den\u00edk | 17.9.2014 | Rubrika: Hradecko | Strana: 3 | Autor: JAN PRU\u0160KA | T\u00e9ma: Magistr\u00e1t m\u011bsta Hradec Kr\u00e1lov\u00e9<\/span><\/em><\/p>\n<p style=\"text-align: justify;\">Nov\u00fd parkovac\u00ed d\u016fm, galerie, v\u00fdstavn\u00ed prostory i p\u0159edn\u00e1\u0161kov\u00e9 s\u00e1ly Muzea v\u00fdchodn\u00edch \u010cech, v\u00edce zelen\u011b a m\u00e9n\u011b vozidel. To jsou pl\u00e1ny m\u011bsta a kraje, kter\u00e9 maj\u00ed s Gayerov\u00fdmi kas\u00e1rnami.<!--more--><\/p>\n<p style=\"text-align: justify;\">\u201eCht\u011bli bychom tak\u00e9 opravit p\u0159ilehl\u00e9 Vrbensk\u00e9ho kas\u00e1rna. Je tu tak\u00e9 varianta, \u017ee je sm\u011bn\u00edme s krajem za budovu v Gayerov\u00fdch kas\u00e1rn\u00e1ch, ve kter\u00e9 nyn\u00ed s\u00eddl\u00ed \u010d\u00e1st muzea,\u201c vysv\u011btlil Jind\u0159ich Vedlich, n\u00e1m\u011bstek hradeck\u00e9ho prim\u00e1tora.<br \/>\nPodle n\u011bj by byla v\u00fdm\u011bna logick\u00e1. Budova by tak byla bl\u00ed\u017ee magistr\u00e1tu, kter\u00fd by do n\u00ed p\u0159es\u00eddlil n\u011bkter\u00e9 odbory. Vrbensk\u00e9ho kas\u00e1rna jsou zase pobl\u00ed\u017e hradeck\u00e9ho muzea.<\/p>\n<p style=\"text-align: justify;\">V\u0161e se ale zat\u00edm \u0159e\u0161\u00ed. \u201e\u017d\u00e1dnou ofici\u00e1ln\u00ed \u017e\u00e1dost na sm\u011bnu kas\u00e1ren Kr\u00e1lov\u00e9hradeck\u00fd kraj neobdr\u017eel. Tato v\u011bc je zat\u00edm na \u00farovni rozhovor\u016f, kter\u00e9 budou pokra\u010dovat,\u201c potvrdil Michal Fri\u010dek z tiskov\u00e9ho odd\u011blen\u00ed kraje. Kr\u00e1lov\u00e9hradeck\u00fd kraj chce v jedn\u00e9 z budov v are\u00e1lu z\u0159\u00eddit p\u0159\u00edrodov\u011bdeckou expozici muzea. P\u0159ed ob\u011bma zmi\u0148ovan\u00fdmi budovami tak\u00e9 vyrostou nov\u00e9 p\u0159\u00edstavby.<\/p>\n<p style=\"text-align: justify;\">Dobrou zpr\u00e1vou pro chodce je, \u017ee sou\u010dasn\u00e9 parkovi\u0161t\u011b uprost\u0159ed kas\u00e1ren zmiz\u00ed. M\u00edsta pro vozidla nahrad\u00ed nov\u00fd parkovac\u00ed d\u016fm, kter\u00fd vznikne u vjezdu od kruhov\u00e9ho objezdu.<\/p>\n<p style=\"text-align: justify;\">Kolik pen\u011bz bude rekonstrukce st\u00e1t, magistr\u00e1t p\u0159esn\u011b nev\u00ed, ale m\u011blo by to b\u00fdt v\u00edce ne\u017e \u0161est set milion\u016f korun. Hlavn\u00ed \u010d\u00e1st pen\u011bz na p\u0159estavbu by kraj a m\u011bsto cht\u011bly z\u00edskat z fond\u016f Evropsk\u00e9 unie v nov\u00e9m programovac\u00edm obdob\u00ed 2014 a\u017e 2020. Pokud by se m\u011bstu zada\u0159ilo, mohlo by do dotac\u00ed zahrnout i rekonstrukci \u017di\u017ekov\u00fdch sad\u016f.<\/p>\n","protected":false},"excerpt":{"rendered":"<p>Hradeck\u00fd den\u00edk | 17.9.2014 | Rubrika: Hradecko | Strana: 3 | Autor: JAN PRU\u0160KA | T\u00e9ma: Magistr\u00e1t m\u011bsta Hradec Kr\u00e1lov\u00e9 Nov\u00fd parkovac\u00ed d\u016fm, galerie, v\u00fdstavn\u00ed prostory i p\u0159edn\u00e1\u0161kov\u00e9 s\u00e1ly Muzea v\u00fdchodn\u00edch \u010cech, v\u00edce zelen\u011b a m\u00e9n\u011b vozidel. To jsou pl\u00e1ny m\u011bsta a kraje, kter\u00e9 maj\u00ed s Gayerov\u00fdmi kas\u00e1rnami.<\/p>\n","protected":false},"author":1,"featured_media":0,"comment_status":"closed","ping_status":"closed","sticky":false,"template":"","format":"standard","meta":{"_monsterinsights_skip_tracking":false,"_monsterinsights_sitenote_active":false,"_monsterinsights_sitenote_note":"","_monsterinsights_sitenote_category":0,"_uf_show_specific_survey":0,"_uf_disable_surveys":false,"footnotes":""},"categories":[8],"tags":[],"class_list":["post-2583","post","type-post","status-publish","format-standard","hentry","category-zpravy-z-ostatnich-medii"],"aioseo_notices":[],"_links":{"self":[{"href":"https:\/\/vedlich.info\/index.php?rest_route=\/wp\/v2\/posts\/2583","targetHints":{"allow":["GET"]}}],"collection":[{"href":"https:\/\/vedlich.info\/index.php?rest_route=\/wp\/v2\/posts"}],"about":[{"href":"https:\/\/vedlich.info\/index.php?rest_route=\/wp\/v2\/types\/post"}],"author":[{"embeddable":true,"href":"https:\/\/vedlich.info\/index.php?rest_route=\/wp\/v2\/users\/1"}],"replies":[{"embeddable":true,"href":"https:\/\/vedlich.info\/index.php?rest_route=%2Fwp%2Fv2%2Fcomments&post=2583"}],"version-history":[{"count":3,"href":"https:\/\/vedlich.info\/index.php?rest_route=\/wp\/v2\/posts\/2583\/revisions"}],"predecessor-version":[{"id":2586,"href":"https:\/\/vedlich.info\/index.php?rest_route=\/wp\/v2\/posts\/2583\/revisions\/2586"}],"wp:attachment":[{"href":"https:\/\/vedlich.info\/index.php?rest_route=%2Fwp%2Fv2%2Fmedia&parent=2583"}],"wp:term":[{"taxonomy":"category","embeddable":true,"href":"https:\/\/vedlich.info\/index.php?rest_route=%2Fwp%2Fv2%2Fcategories&post=2583"},{"taxonomy":"post_tag","embeddable":true,"href":"https:\/\/vedlich.info\/index.php?rest_route=%2Fwp%2Fv2%2Ftags&post=2583"}],"curies":[{"name":"wp","href":"https:\/\/api.w.org\/{rel}","templated":true}]}}