{"id":2467,"date":"2014-08-26T09:36:04","date_gmt":"2014-08-26T08:36:04","guid":{"rendered":"http:\/\/vedlich.info\/?p=2467"},"modified":"2014-08-26T09:46:40","modified_gmt":"2014-08-26T08:46:40","slug":"s-plany-kostela-micha-petice","status":"publish","type":"post","link":"https:\/\/vedlich.info\/?p=2467","title":{"rendered":"S pl\u00e1ny kostela m\u00edch\u00e1 petice"},"content":{"rendered":"<p style=\"text-align: justify;\"><span class=\"zdroj\"><em>Hradeck\u00fd den\u00edk | 26.8.2014 | Rubrika: Tituln\u00ed strana | Strana: 1 | Autor: VERONIKA SK\u0158IVANOV\u00c1 | T\u00e9ma: Magistr\u00e1t m\u011bsta<\/em> Hradec Kr\u00e1lov\u00e9<\/span><\/p>\n<p style=\"text-align: justify;\"><b class=\"textt\">Hradec<\/b> <b class=\"textt\">Kr\u00e1lov\u00e9<\/b> Pl\u00e1novan\u00e1 stavba \u0159eckokatolick\u00e9ho chr\u00e1mu Archand\u011bla Michaela v bl\u00edzkosti polikliniky na Bene\u0161ov\u011b t\u0159\u00edd\u011b na Moravsk\u00e9m P\u0159edm\u011bst\u00ed v Hradci z\u0159ejm\u011b dopadne jinak, ne\u017e se p\u016fvodn\u011b p\u0159edpokl\u00e1dalo. Proti futuristick\u00e9mu d\u0159ev\u011bn\u00e9mu kostelu a k n\u011bmu p\u0159il\u00e9haj\u00edc\u00edmu komunitn\u00edmu centru toti\u017e m\u00edstn\u00ed obyvatel\u00e9 je\u0161t\u011b p\u0159ed pr\u00e1zdninami protestovali petic\u00ed s v\u00edce ne\u017e sedmi stovkami podpis\u016f, kter\u00e1 upozor\u0148ovala p\u0159edev\u0161\u00edm na ztr\u00e1tu zelen\u011b, o ni\u017e by budova lidi p\u0159ipravila. M\u011bsto p\u0159ipom\u00ednky vysly\u0161elo a chyst\u00e1 novou studii, kter\u00e1 hodl\u00e1 lokalitu zvelebit ve velk\u00e9m.<\/p>\n<p style=\"text-align: justify;\">\u201eDohodli jsme se, \u017ee se nov\u00e1 studie roz\u0161\u00ed\u0159\u00ed a bude \u0159e\u0161it cel\u00e9 \u00fazem\u00ed. V\u0161e bude \u00fazce koordinov\u00e1no s komis\u00ed m\u00edstn\u00ed samospr\u00e1vy i autory petice,\u201c tvrd\u00ed n\u00e1m\u011bstek prim\u00e1tora Jind\u0159ich Vedlich.<\/p>\n<p style=\"text-align: justify;\">M\u00edstn\u00ed obyvatel\u00e9 se tak podle n\u011bho nemusej\u00ed b\u00e1t, \u017ee by p\u0159i\u0161li o m\u00edsto k odpo\u010dinku, relaxaci nebo sportovn\u00edmu vy\u017eit\u00ed.<\/p>\n<p style=\"text-align: justify;\">Na nov\u00e9 studii pracuje architekt Ji\u0159\u00ed Krej\u010d\u00edk. Zachov\u00e1n\u00ed parku na Bene\u0161ov\u011b t\u0159\u00edd\u011b je podle n\u011bj prioritou. \u201eStudie se teprve p\u0159ipravuje a je zat\u00edm p\u0159\u00edli\u0161 brzy na to o n\u00ed hovo\u0159it,\u201c \u0159\u00edk\u00e1 architekt. Lokalita by se m\u011bla celkov\u011b zregenerovat tak, aby v n\u00ed vznikl kultivovan\u00fd park s kostelem. \u201eStudie by mohla b\u00fdt hotova za dva a\u017e t\u0159i m\u011bs\u00edce,\u201c dod\u00e1v\u00e1 Ji\u0159\u00ed Krej\u010d\u00edk. M\u011bsto se pot\u00e9 hodl\u00e1 znovu sej\u00edt s m\u00edstn\u00edmi a signat\u00e1\u0159i petice a celou situaci s nimi op\u011bt probrat k oboustrann\u00e9 shod\u011b.<\/p>\n<p style=\"text-align: justify;\">O \u0159eckokatolick\u00fd chr\u00e1m se zasazuje p\u0159edev\u0161\u00edm Spolek Archand\u011bl Michael, jeho\u017e c\u00edlem je realizace stavby. Na kostel od dubna prob\u00edh\u00e1 tak\u00e9 ve\u0159ejn\u00e1 sb\u00edrka. Svou podporu stavb\u011b vyj\u00e1d\u0159ila \u0159ada osobnost\u00ed z Hradce. Podporuje ji nap\u0159\u00edklad prim\u00e1tor m\u011bsta Zden\u011bk Fink, kr\u00e1lov\u00e9hradeck\u00fd biskup Jan Vok\u00e1l nebo kardin\u00e1l Dominik Duka.<\/p>\n<div class=\"fusion-sep-clear\"><\/div><div class=\"fusion-separator sep-none\" style=\"border-color:#d6d6d6;margin-top:20px;\"><\/div>\n\n\t\t<style type=\"text\/css\">\n\t\t\t#gallery-1 {\n\t\t\t\tmargin: auto;\n\t\t\t}\n\t\t\t#gallery-1 .gallery-item {\n\t\t\t\tfloat: left;\n\t\t\t\tmargin-top: 10px;\n\t\t\t\ttext-align: center;\n\t\t\t\twidth: 50%;\n\t\t\t}\n\t\t\t#gallery-1 img {\n\t\t\t\tborder: 2px solid #cfcfcf;\n\t\t\t}\n\t\t\t#gallery-1 .gallery-caption {\n\t\t\t\tmargin-left: 0;\n\t\t\t}\n\t\t\t\/* see gallery_shortcode() in wp-includes\/media.php *\/\n\t\t<\/style>\n\t\t<div id='gallery-1' class='gallery galleryid-2467 gallery-columns-2 gallery-size-thumbnail'><dl class='gallery-item'>\n\t\t\t<dt class='gallery-icon landscape'>\n\t\t\t\t<a rel=\"prettyPhoto[postimages]\" href='https:\/\/vedlich.info\/wp-content\/uploads\/2014\/08\/Vizualizace-kostela-1.jpg'><img loading=\"lazy\" decoding=\"async\" width=\"200\" height=\"150\" src=\"https:\/\/vedlich.info\/wp-content\/uploads\/2014\/08\/Vizualizace-kostela-1-200x150.jpg\" class=\"attachment-thumbnail size-thumbnail\" alt=\"\" \/><\/a>\n\t\t\t<\/dt><\/dl><dl class='gallery-item'>\n\t\t\t<dt class='gallery-icon landscape'>\n\t\t\t\t<a rel=\"prettyPhoto[postimages]\" href='https:\/\/vedlich.info\/wp-content\/uploads\/2014\/08\/Vizualizace-kostela-2.jpg'><img loading=\"lazy\" decoding=\"async\" width=\"200\" height=\"150\" src=\"https:\/\/vedlich.info\/wp-content\/uploads\/2014\/08\/Vizualizace-kostela-2-200x150.jpg\" class=\"attachment-thumbnail size-thumbnail\" alt=\"\" \/><\/a>\n\t\t\t<\/dt><\/dl><br style=\"clear: both\" \/>\n\t\t<\/div>\n\n<div class=\"fusion-sep-clear\"><\/div><div class=\"fusion-separator sep-none\" style=\"border-color:#d6d6d6;margin-top:20px;\"><\/div>\n","protected":false},"excerpt":{"rendered":"<p>Hradeck\u00fd den\u00edk | 26.8.2014 | Rubrika: Tituln\u00ed strana | Strana: 1 | Autor: VERONIKA SK\u0158IVANOV\u00c1 | T\u00e9ma: Magistr\u00e1t m\u011bsta Hradec Kr\u00e1lov\u00e9 Hradec Kr\u00e1lov\u00e9 Pl\u00e1novan\u00e1 stavba \u0159eckokatolick\u00e9ho chr\u00e1mu Archand\u011bla Michaela v bl\u00edzkosti polikliniky na Bene\u0161ov\u011b t\u0159\u00edd\u011b na Moravsk\u00e9m P\u0159edm\u011bst\u00ed v Hradci z\u0159ejm\u011b dopadne jinak, ne\u017e se p\u016fvodn\u011b p\u0159edpokl\u00e1dalo. Proti futuristick\u00e9mu d\u0159ev\u011bn\u00e9mu kostelu a k n\u011bmu p\u0159il\u00e9haj\u00edc\u00edmu [&hellip;]<\/p>\n","protected":false},"author":1,"featured_media":2469,"comment_status":"closed","ping_status":"closed","sticky":false,"template":"","format":"standard","meta":{"_monsterinsights_skip_tracking":false,"_monsterinsights_sitenote_active":false,"_monsterinsights_sitenote_note":"","_monsterinsights_sitenote_category":0,"_uf_show_specific_survey":0,"_uf_disable_surveys":false,"footnotes":""},"categories":[8],"tags":[],"class_list":["post-2467","post","type-post","status-publish","format-standard","has-post-thumbnail","hentry","category-zpravy-z-ostatnich-medii"],"aioseo_notices":[],"_links":{"self":[{"href":"https:\/\/vedlich.info\/index.php?rest_route=\/wp\/v2\/posts\/2467","targetHints":{"allow":["GET"]}}],"collection":[{"href":"https:\/\/vedlich.info\/index.php?rest_route=\/wp\/v2\/posts"}],"about":[{"href":"https:\/\/vedlich.info\/index.php?rest_route=\/wp\/v2\/types\/post"}],"author":[{"embeddable":true,"href":"https:\/\/vedlich.info\/index.php?rest_route=\/wp\/v2\/users\/1"}],"replies":[{"embeddable":true,"href":"https:\/\/vedlich.info\/index.php?rest_route=%2Fwp%2Fv2%2Fcomments&post=2467"}],"version-history":[{"count":4,"href":"https:\/\/vedlich.info\/index.php?rest_route=\/wp\/v2\/posts\/2467\/revisions"}],"predecessor-version":[{"id":2474,"href":"https:\/\/vedlich.info\/index.php?rest_route=\/wp\/v2\/posts\/2467\/revisions\/2474"}],"wp:featuredmedia":[{"embeddable":true,"href":"https:\/\/vedlich.info\/index.php?rest_route=\/wp\/v2\/media\/2469"}],"wp:attachment":[{"href":"https:\/\/vedlich.info\/index.php?rest_route=%2Fwp%2Fv2%2Fmedia&parent=2467"}],"wp:term":[{"taxonomy":"category","embeddable":true,"href":"https:\/\/vedlich.info\/index.php?rest_route=%2Fwp%2Fv2%2Fcategories&post=2467"},{"taxonomy":"post_tag","embeddable":true,"href":"https:\/\/vedlich.info\/index.php?rest_route=%2Fwp%2Fv2%2Ftags&post=2467"}],"curies":[{"name":"wp","href":"https:\/\/api.w.org\/{rel}","templated":true}]}}