{"id":2454,"date":"2014-08-23T10:41:38","date_gmt":"2014-08-23T09:41:38","guid":{"rendered":"http:\/\/vedlich.info\/?p=2454"},"modified":"2014-08-23T10:42:23","modified_gmt":"2014-08-23T09:42:23","slug":"okruh-pro-cyklisty-a-bruslare-roste-pred-ocima","status":"publish","type":"post","link":"https:\/\/vedlich.info\/?p=2454","title":{"rendered":"Okruh pro cyklisty a brusla\u0159e roste p\u0159ed o\u010dima"},"content":{"rendered":"<p style=\"text-align: justify;\">Podstatn\u00e1 \u010d\u00e1st budouc\u00edho asfaltov\u00e9ho okruhu pro cyklisty a brusla\u0159e v\u00a0m\u011bstsk\u00fdch les\u00edch je v\u00a0tuto chv\u00edli ji\u017e p\u0159ed dokon\u010den\u00edm. Zb\u00fdv\u00e1 dod\u011blat Smi\u0159ickou hr\u00e1z a spojnici ke Zd\u011bn\u00e9 boud\u011b. Cel\u00fd nov\u011b vznikaj\u00edc\u00ed okruh je zat\u00edm staveni\u0161t\u011bm, a tak stava\u0159i a lesn\u00edci doporu\u010duj\u00ed db\u00e1t zv\u00fd\u0161en\u00e9 opatrnosti a dr\u017eet se pokyn\u016f zhotovitele v\u00a0m\u00edst\u011b prac\u00ed.<!--more--><\/p>\n<div class=\"article-content\">\n<p style=\"text-align: justify;\">Na projektu okruhu za zhruba 13 mili\u00f3n\u016f korun bez DPH pracuje stavebn\u00ed firma u\u017e od prvn\u00edho srpnov\u00e9ho t\u00fddne. P\u0159esto\u017ee je term\u00edn dokon\u010den\u00ed prac\u00ed stanoven na \u0159\u00edjen, je dost mo\u017en\u00e9, \u017ee pokud nenastanou nep\u0159edv\u00edtateln\u00e9 komplikace, bude v\u00a0druh\u00e9 polovin\u011b z\u00e1\u0159\u00ed u\u017e hotovo.<\/p>\n<p style=\"text-align: justify;\"><em>\u201eCel\u00fd okruh povede po ji\u017e opraven\u00e9 Hrade\u010dnici od lesn\u00edho h\u0159bitova k\u00a0h\u00e1jovn\u011b U Dvou \u0161ra\u0148k\u016f, kde zabo\u010d\u00ed vlevo ke kryt\u00e9mu ohni\u0161ti, kde za\u010daly prvn\u00ed srpnov\u00fd t\u00fdden stavebn\u00ed pr\u00e1ce, a odtud budou moci u\u017e v\u00a0druh\u00e9 polovin\u011b z\u00e1\u0159\u00ed cyklist\u00e9 a brusla\u0159i nov\u011b pokra\u010dovat po cest\u011b s\u00a0asfaltov\u00fdm povrchem ke Svinar\u016fm a St\u0159\u00edbrn\u00e9mu rybn\u00edku. Trasa d\u00e1le povede krajem lesa po Smi\u0159ick\u00e9 hr\u00e1zi ke Zd\u011bn\u00e9 boud\u011b a na v\u00fdchoz\u00ed m\u00edsto k\u00a0lesn\u00edmu h\u0159bitovu,\u201c<\/em> popisuje budouc\u00ed trasu okruhu Milan Zerz\u00e1n, \u0159editel M\u011bstsk\u00fdch les\u016f Hradec Kr\u00e1lov\u00e9.\u00a0Pr\u00e1v\u011b na \u010d\u00e1sti vedouc\u00ed od Smi\u0159ick\u00e9 hr\u00e1ze sm\u011brem ke zd\u011bn\u00e9 boud\u011b se nyn\u00ed v\u011bnuj\u00ed stavba\u0159i. <em>\u201eN\u011bkte\u0159\u00ed nedo\u010dkavci vj\u00ed\u017ed\u011bj\u00ed na kole \u010di brusl\u00edch na pr\u00e1v\u011b asfaltem pokrytou \u010d\u00e1st okruhu, ale to je pr\u00e1v\u011b to, \u010d\u00edm stavba\u0159\u016fm komplikuj\u00ed a zpo\u017e\u010fuj\u00ed pr\u00e1ce. Je t\u0159eba opravdu vydr\u017eet, a\u017e bude cel\u00fd okruh dokon\u010den, do t\u00e9 doby je vstup na tyto \u00faseky na vlastn\u00ed nebezpe\u010d\u00ed a zodpov\u011bdnost,\u201c<\/em> dopl\u0148uje Milan Zerz\u00e1n.<\/p>\n<p style=\"text-align: justify;\">I nad\u00e1le v\u0161ak plat\u00ed, \u017ee v\u0161echny lesn\u00ed cesty v\u010detn\u011b tohoto okruhu budou p\u0159edev\u0161\u00edm slou\u017eit k\u00a0pr\u00e1ci lesn\u00edk\u016fm, jejich\u017e pot\u0159eby by m\u011bli zohled\u0148ovat p\u011b\u0161\u00ed, cyklist\u00e9 i brusla\u0159i.<\/p>\n\n\t\t<style type=\"text\/css\">\n\t\t\t#gallery-1 {\n\t\t\t\tmargin: auto;\n\t\t\t}\n\t\t\t#gallery-1 .gallery-item {\n\t\t\t\tfloat: left;\n\t\t\t\tmargin-top: 10px;\n\t\t\t\ttext-align: center;\n\t\t\t\twidth: 33%;\n\t\t\t}\n\t\t\t#gallery-1 img {\n\t\t\t\tborder: 2px solid #cfcfcf;\n\t\t\t}\n\t\t\t#gallery-1 .gallery-caption {\n\t\t\t\tmargin-left: 0;\n\t\t\t}\n\t\t\t\/* see gallery_shortcode() in wp-includes\/media.php *\/\n\t\t<\/style>\n\t\t<div id='gallery-1' class='gallery galleryid-2454 gallery-columns-3 gallery-size-thumbnail'><dl class='gallery-item'>\n\t\t\t<dt class='gallery-icon portrait'>\n\t\t\t\t<a rel=\"prettyPhoto[postimages]\" href='https:\/\/vedlich.info\/wp-content\/uploads\/2014\/08\/Vznikaj\u00edc\u00ed-okruh-v-m\u011bstsk\u00fdch-les\u00edch-1.jpg'><img loading=\"lazy\" decoding=\"async\" width=\"200\" height=\"150\" src=\"https:\/\/vedlich.info\/wp-content\/uploads\/2014\/08\/Vznikaj\u00edc\u00ed-okruh-v-m\u011bstsk\u00fdch-les\u00edch-1-200x150.jpg\" class=\"attachment-thumbnail size-thumbnail\" alt=\"\" \/><\/a>\n\t\t\t<\/dt><\/dl><dl class='gallery-item'>\n\t\t\t<dt class='gallery-icon portrait'>\n\t\t\t\t<a rel=\"prettyPhoto[postimages]\" href='https:\/\/vedlich.info\/wp-content\/uploads\/2014\/08\/Vznikaj\u00edc\u00ed-okruh-v-m\u011bstsk\u00fdch-les\u00edch-2.jpg'><img loading=\"lazy\" decoding=\"async\" width=\"200\" height=\"150\" src=\"https:\/\/vedlich.info\/wp-content\/uploads\/2014\/08\/Vznikaj\u00edc\u00ed-okruh-v-m\u011bstsk\u00fdch-les\u00edch-2-200x150.jpg\" class=\"attachment-thumbnail size-thumbnail\" alt=\"\" \/><\/a>\n\t\t\t<\/dt><\/dl><dl class='gallery-item'>\n\t\t\t<dt class='gallery-icon portrait'>\n\t\t\t\t<a rel=\"prettyPhoto[postimages]\" href='https:\/\/vedlich.info\/wp-content\/uploads\/2014\/08\/Vznikaj\u00edc\u00ed-okruh-v-m\u011bstsk\u00fdch-les\u00edch-3.jpg'><img loading=\"lazy\" decoding=\"async\" width=\"200\" height=\"150\" src=\"https:\/\/vedlich.info\/wp-content\/uploads\/2014\/08\/Vznikaj\u00edc\u00ed-okruh-v-m\u011bstsk\u00fdch-les\u00edch-3-200x150.jpg\" class=\"attachment-thumbnail size-thumbnail\" alt=\"\" \/><\/a>\n\t\t\t<\/dt><\/dl><br style=\"clear: both\" \/><dl class='gallery-item'>\n\t\t\t<dt class='gallery-icon portrait'>\n\t\t\t\t<a rel=\"prettyPhoto[postimages]\" href='https:\/\/vedlich.info\/wp-content\/uploads\/2014\/08\/Vznikaj\u00edc\u00ed-okruh-v-m\u011bstsk\u00fdch-les\u00edch-4.jpg'><img loading=\"lazy\" decoding=\"async\" width=\"200\" height=\"150\" src=\"https:\/\/vedlich.info\/wp-content\/uploads\/2014\/08\/Vznikaj\u00edc\u00ed-okruh-v-m\u011bstsk\u00fdch-les\u00edch-4-200x150.jpg\" class=\"attachment-thumbnail size-thumbnail\" alt=\"\" \/><\/a>\n\t\t\t<\/dt><\/dl><dl class='gallery-item'>\n\t\t\t<dt class='gallery-icon portrait'>\n\t\t\t\t<a rel=\"prettyPhoto[postimages]\" href='https:\/\/vedlich.info\/wp-content\/uploads\/2014\/08\/Vznikaj\u00edc\u00ed-okruh-v-m\u011bstsk\u00fdch-les\u00edch-5.jpg'><img loading=\"lazy\" decoding=\"async\" width=\"200\" height=\"150\" src=\"https:\/\/vedlich.info\/wp-content\/uploads\/2014\/08\/Vznikaj\u00edc\u00ed-okruh-v-m\u011bstsk\u00fdch-les\u00edch-5-200x150.jpg\" class=\"attachment-thumbnail size-thumbnail\" alt=\"\" \/><\/a>\n\t\t\t<\/dt><\/dl><dl class='gallery-item'>\n\t\t\t<dt class='gallery-icon portrait'>\n\t\t\t\t<a rel=\"prettyPhoto[postimages]\" href='https:\/\/vedlich.info\/wp-content\/uploads\/2014\/08\/Vznikaj\u00edc\u00ed-okruh-v-m\u011bstsk\u00fdch-les\u00edch-6.jpg'><img loading=\"lazy\" decoding=\"async\" width=\"200\" height=\"150\" src=\"https:\/\/vedlich.info\/wp-content\/uploads\/2014\/08\/Vznikaj\u00edc\u00ed-okruh-v-m\u011bstsk\u00fdch-les\u00edch-6-200x150.jpg\" class=\"attachment-thumbnail size-thumbnail\" alt=\"\" \/><\/a>\n\t\t\t<\/dt><\/dl><br style=\"clear: both\" \/><dl class='gallery-item'>\n\t\t\t<dt class='gallery-icon portrait'>\n\t\t\t\t<a rel=\"prettyPhoto[postimages]\" href='https:\/\/vedlich.info\/wp-content\/uploads\/2014\/08\/Vznikaj\u00edc\u00ed-okruh-v-m\u011bstsk\u00fdch-les\u00edch-7.jpg'><img loading=\"lazy\" decoding=\"async\" width=\"200\" height=\"150\" src=\"https:\/\/vedlich.info\/wp-content\/uploads\/2014\/08\/Vznikaj\u00edc\u00ed-okruh-v-m\u011bstsk\u00fdch-les\u00edch-7-200x150.jpg\" class=\"attachment-thumbnail size-thumbnail\" alt=\"\" \/><\/a>\n\t\t\t<\/dt><\/dl>\n\t\t\t<br style='clear: both' \/>\n\t\t<\/div>\n\n<\/div>\n","protected":false},"excerpt":{"rendered":"<p>Podstatn\u00e1 \u010d\u00e1st budouc\u00edho asfaltov\u00e9ho okruhu pro cyklisty a brusla\u0159e v\u00a0m\u011bstsk\u00fdch les\u00edch je v\u00a0tuto chv\u00edli ji\u017e p\u0159ed dokon\u010den\u00edm. Zb\u00fdv\u00e1 dod\u011blat Smi\u0159ickou hr\u00e1z a spojnici ke Zd\u011bn\u00e9 boud\u011b. Cel\u00fd nov\u011b vznikaj\u00edc\u00ed okruh je zat\u00edm staveni\u0161t\u011bm, a tak stava\u0159i a lesn\u00edci doporu\u010duj\u00ed db\u00e1t zv\u00fd\u0161en\u00e9 opatrnosti a dr\u017eet se pokyn\u016f zhotovitele v\u00a0m\u00edst\u011b prac\u00ed.<\/p>\n","protected":false},"author":1,"featured_media":2455,"comment_status":"closed","ping_status":"closed","sticky":false,"template":"","format":"standard","meta":{"_monsterinsights_skip_tracking":false,"_monsterinsights_sitenote_active":false,"_monsterinsights_sitenote_note":"","_monsterinsights_sitenote_category":0,"_uf_show_specific_survey":0,"_uf_disable_surveys":false,"footnotes":""},"categories":[6],"tags":[],"class_list":["post-2454","post","type-post","status-publish","format-standard","has-post-thumbnail","hentry","category-zpravy-z-magistratu"],"aioseo_notices":[],"_links":{"self":[{"href":"https:\/\/vedlich.info\/index.php?rest_route=\/wp\/v2\/posts\/2454","targetHints":{"allow":["GET"]}}],"collection":[{"href":"https:\/\/vedlich.info\/index.php?rest_route=\/wp\/v2\/posts"}],"about":[{"href":"https:\/\/vedlich.info\/index.php?rest_route=\/wp\/v2\/types\/post"}],"author":[{"embeddable":true,"href":"https:\/\/vedlich.info\/index.php?rest_route=\/wp\/v2\/users\/1"}],"replies":[{"embeddable":true,"href":"https:\/\/vedlich.info\/index.php?rest_route=%2Fwp%2Fv2%2Fcomments&post=2454"}],"version-history":[{"count":2,"href":"https:\/\/vedlich.info\/index.php?rest_route=\/wp\/v2\/posts\/2454\/revisions"}],"predecessor-version":[{"id":2464,"href":"https:\/\/vedlich.info\/index.php?rest_route=\/wp\/v2\/posts\/2454\/revisions\/2464"}],"wp:featuredmedia":[{"embeddable":true,"href":"https:\/\/vedlich.info\/index.php?rest_route=\/wp\/v2\/media\/2455"}],"wp:attachment":[{"href":"https:\/\/vedlich.info\/index.php?rest_route=%2Fwp%2Fv2%2Fmedia&parent=2454"}],"wp:term":[{"taxonomy":"category","embeddable":true,"href":"https:\/\/vedlich.info\/index.php?rest_route=%2Fwp%2Fv2%2Fcategories&post=2454"},{"taxonomy":"post_tag","embeddable":true,"href":"https:\/\/vedlich.info\/index.php?rest_route=%2Fwp%2Fv2%2Ftags&post=2454"}],"curies":[{"name":"wp","href":"https:\/\/api.w.org\/{rel}","templated":true}]}}