{"id":1641,"date":"2014-03-11T13:15:13","date_gmt":"2014-03-11T12:15:13","guid":{"rendered":"http:\/\/vedlich.info\/?p=1641"},"modified":"2014-08-08T17:26:19","modified_gmt":"2014-08-08T16:26:19","slug":"budouci-podoba-tridy-karla-iv-hledani-kompromisniho-navrhu","status":"publish","type":"post","link":"https:\/\/vedlich.info\/?p=1641","title":{"rendered":"Budouc\u00ed podoba t\u0159\u00eddy Karla IV. &#8211; hled\u00e1n\u00ed kompromisn\u00edho n\u00e1vrhu"},"content":{"rendered":"<p style=\"text-align: justify;\">V Hradci Kr\u00e1lov\u00e9 v sou\u010dasn\u00e9 dob\u011b prob\u00edh\u00e1 peti\u010dn\u00ed iniciativa, kter\u00e1 se sna\u017e\u00ed ve\u0159ejnost nal\u00e1kat na nepravdiv\u00e9 tvrzen\u00ed o zv\u00fd\u0161en\u00ed poplatk\u016f za parkov\u00e1n\u00ed na t\u0159\u00edd\u011b Karla IV. a v p\u0159ilehl\u00fdch ulic\u00edch. Mus\u00edm \u0159\u00edci, \u017ee jsme sv\u011bdky opravdu nepoctiv\u00e9 hry. <strong>Ob\u010dan\u00e9 Hradce Kr\u00e1lov\u00e9 podepisuj\u00ed petici proti n\u011b\u010demu, co nikdy nebylo z\u00e1m\u011brem m\u011bsta.<\/strong> Nen\u00ed pravda, \u017ee budou zv\u00fd\u0161eny poplatky za parkov\u00e1n\u00ed na t\u0159\u00edd\u011b Karla IV. a v okol\u00ed. Tak\u00e9 nen\u00ed pravda, \u017ee platn\u00e9 parkovac\u00ed karty budou platit pouze 30 minut, a pot\u00e9 bude t\u0159eba hledat parkov\u00e1n\u00ed v parkovac\u00edm dom\u011b. Jedn\u00e1 se o lhan\u00ed ve\u0159ejnosti, jeho\u017e \u00fa\u010delem je z\u00edskat podpisy pod petici. Kdy\u017e jsem se pokusil o vysv\u011btlen\u00ed situace prost\u0159ednictv\u00edm str\u00e1nek inici\u00e1tor\u016f petice, byl m\u016fj p\u0159\u00edsp\u011bvek obratem smaz\u00e1n. Slu\u0161n\u011b a v\u011bcn\u011b se sv\u016fj n\u00e1zor pokusil vyj\u00e1d\u0159it i m\u016fj kolega a rovn\u011b\u017e byl smaz\u00e1n. To opravdu nesv\u011bd\u010d\u00ed o tom, \u017ee inici\u00e1to\u0159i petice cht\u011bj\u00ed s m\u011bstem diskutovat nad nalezen\u00edm kompromisn\u00edho \u0159e\u0161en\u00ed. Dovolte mi tedy situaci ohledn\u011b pl\u00e1novan\u00e9 rekonstrukce uv\u00e9st na pravou m\u00edru.<\/p>\n<p style=\"text-align: justify;\"><!--more-->M\u011bsto Hradec Kr\u00e1lov\u00e9 p\u0159ipravuje rekonstrukci t\u0159\u00eddy Karla IV., v\u010detn\u011b oprav podchodu a v\u00fdstavby jeho dal\u0161\u00edho ramene. Projekt bude navazovat na ji\u017e dokon\u010denou rekonstrukci Riegrova n\u00e1m\u011bst\u00ed, t\u0159\u00eddy S. K. Neumana, n\u00e1m\u011bst\u00ed 28. \u0158\u00edjna a Dukelsk\u00e9 t\u0159\u00eddy. Vzhledem k tomu, \u017ee se jedn\u00e1 o finan\u010dn\u011b velmi n\u00e1ro\u010dnou akci, m\u011bsto se pokus\u00ed vyu\u017e\u00edt finan\u010dn\u00ed prost\u0159edky z dal\u0161\u00edho dota\u010dn\u00edho obdob\u00ed EU 2014 \u2013 2020. C\u00edlem projektu je celou lokalitu zp\u0159\u00edjemnit a dokon\u010dit rekonstrukci trasy sahaj\u00edc\u00ed od hlavn\u00edho n\u00e1dra\u017e\u00ed a\u017e po historick\u00e9 j\u00e1dro.<\/p>\n<p style=\"text-align: justify;\">Z\u00e1stupci projektant\u016f a odboru hlavn\u00edho architekta se ji\u017e se\u0161li s komis\u00ed m\u00edstn\u00ed samospr\u00e1vy a ob\u010dan\u016f, kde z\u00e1m\u011br p\u0159edstavili. Podot\u00fdk\u00e1m, \u017ee v tuto chv\u00edli se jedn\u00e1 pouze o rozpracovan\u00fd koncept studie, kter\u00fd je ur\u010den k dal\u0161\u00ed diskusi. M\u011bsto t\u00edmto pokra\u010duje ve sv\u00e9m slibu vy\u0161\u0161\u00ed komunikace s ob\u010dany. Sch\u016fzky prob\u011bhly celkem dv\u011b, p\u0159i\u010dem\u017e na t\u00e9 druh\u00e9 byl p\u0159edstaven z\u00e1m\u011br upraven\u00fd na z\u00e1klad\u011b diskuse \u00favodn\u00ed sch\u016fzky. P\u0159edev\u0161\u00edm se jednalo o po\u010dty parkovac\u00edch m\u00edst. Je pravdou, \u017ee prvn\u00ed n\u00e1vrh obsahoval redukci na 80 m\u00edst, v n\u00e1sledn\u00e9m n\u00e1vrhu pak byl nav\u00fd\u0161en na t\u00e9m\u011b\u0159 130. Proto je s podivem, \u017ee n\u011bkte\u0159\u00ed \u010dlenov\u00e9 peti\u010dn\u00edho v\u00fdboru n\u00e1sledn\u011b vznikl\u00e9 petice, kte\u0159\u00ed byli p\u0159\u00edtomni ob\u011bma sch\u016fzk\u00e1m a po druh\u00e9 odch\u00e1zeli spokojeni, nyn\u00ed nep\u0159esn\u011b informuj\u00ed ve\u0159ejnost.<\/p>\n<p style=\"text-align: justify;\">P\u0159\u00edmo v uli\u010dn\u00edm prostoru t\u0159\u00eddy Karla IV. p\u0159i rekonstrukci nutn\u011b dojde k ur\u010dit\u00e9mu \u00fabytku parkovac\u00edch m\u00edst. Je to zp\u016fsobeno faktem, \u017ee projekt mus\u00ed respektovat z\u00e1vazn\u00e9 z\u00e1konn\u00e9 a normov\u00e9 parametry vztahuj\u00edc\u00ed se k parkov\u00e1n\u00ed, dopravn\u00ed obsluze a po\u017e\u00e1rn\u00ed bezpe\u010dnosti. Nap\u0159\u00edklad zachov\u00e1n\u00ed zelen\u011b vy\u017eaduje um\u00edst\u011bn\u00ed parkovac\u00edho m\u00edsta min. dva metry od kmene stromu. T\u011bchto n\u011bkolik metr\u016f \u010dtvere\u010dn\u00fdch plochy pod ka\u017ed\u00fdm stromem, leg\u00e1ln\u011b nevyu\u017eiteln\u00fdch pro parkov\u00e1n\u00ed, bude v\u011bnov\u00e1no st\u00ednomiln\u00e9 zeleni. \u00dabytek parkovac\u00edch m\u00edst bude n\u011bkolikan\u00e1sobn\u011b kompenzov\u00e1n v\u00fdstavbou nov\u00fdch parkovac\u00edch (resp. odstavn\u00fdch) st\u00e1n\u00ed v uva\u017eovan\u00e9m parkovac\u00edm dom\u011b, kter\u00fd bude um\u00edst\u011bn v doch\u00e1zkov\u00e9 vzd\u00e1lenosti t\u0159\u00eddy Karla IV. Realizace parkovac\u00edho domu se stane podm\u00ednkou pro vlastn\u00ed zah\u00e1jen\u00ed rekonstrukce. O tom, \u017ee v\u00fdsledkem rekonstrukce bude d\u00edky nov\u00e9mu parkovac\u00edmu domu v\u00fdrazn\u00e9 zv\u00fd\u0161en\u00ed po\u010dtu parkovac\u00edch st\u00e1n\u00ed v \u0159e\u0161en\u00e9 oblasti, se kupodivu v petici nep\u00ed\u0161e. N\u00e1vrh tedy umis\u0165uje do parteru ulice maxim\u00e1ln\u00ed po\u010det normov\u00fdch parkovac\u00edch st\u00e1n\u00ed. Tato st\u00e1n\u00ed budou obr\u00e1tkov\u00e1, nikoliv odstavn\u00e1. Je to jedin\u00e1 mo\u017enost jak zajistit voln\u00e1 parkovac\u00ed m\u00edsta pro klienty obchod\u016f a restaurac\u00ed i bezprobl\u00e9mov\u00e9 kr\u00e1tkodob\u00e9 parkov\u00e1n\u00ed obyvatel p\u0159ilehl\u00fdch dom\u016f. Naopak fixov\u00e1n\u00ed m\u011bstsk\u00e9 plochy pro dlouhodob\u00e9 odstavov\u00e1n\u00ed vozidel resident\u016f prostor umrtvuje, vytv\u00e1\u0159\u00ed blok pro potenci\u00e1ln\u00ed klienty zdej\u0161\u00ed ob\u010dansk\u00e9 vybavenosti a frustruje zdej\u0161\u00ed obyvatele p\u0159i \u010dast\u00e9m hled\u00e1n\u00ed voln\u00e9ho parkovac\u00edho m\u00edsta.<\/p>\n<p style=\"text-align: justify;\">Rekonstrukce t\u0159\u00eddy Karla IV. vyvol\u00e1 nutnost zm\u011bn, av\u0161ak s t\u00edm p\u0159inese i mno\u017estv\u00ed v\u00fdhod. Radnice mus\u00ed p\u0159istupovat k rekonstrukc\u00edm m\u011bstsk\u00e9ho parteru odpov\u011bdn\u011b a mus\u00ed zjistit po\u017eadavky v\u0161ech skupin obyvatel. Nelze v\u0161e pod\u0159\u00eddit pouze parkovac\u00edm m\u00edst\u016fm, je nutn\u00e9 \u0159e\u0161it tak\u00e9 v\u00fdsadbu zelen\u011b, urbanistickou kvalitu, dostupnost MHD, individu\u00e1ln\u00ed dopravu a dal\u0161\u00ed aspekty, kter\u00e9 mus\u00ed b\u00fdt v n\u00e1vrz\u00edch vyv\u00e1\u017eeny a koordinov\u00e1ny pro nalezen\u00ed skute\u010dn\u011b funguj\u00edc\u00edho \u0159e\u0161en\u00ed.<\/p>\n<p style=\"text-align: justify;\">\n<p style=\"text-align: justify;\"><a href=\"http:\/\/vedlich.info\/wp-content\/uploads\/vyjadreni-OHA.pdf\" target=\"_blank\">Vyj\u00e1d\u0159en\u00ed Odboru hlavn\u00edho architekta a projektanta zde.<\/a><\/p>\n","protected":false},"excerpt":{"rendered":"<p>V Hradci Kr\u00e1lov\u00e9 v sou\u010dasn\u00e9 dob\u011b prob\u00edh\u00e1 peti\u010dn\u00ed iniciativa, kter\u00e1 se sna\u017e\u00ed ve\u0159ejnost nal\u00e1kat na nepravdiv\u00e9 tvrzen\u00ed o zv\u00fd\u0161en\u00ed poplatk\u016f za parkov\u00e1n\u00ed na t\u0159\u00edd\u011b Karla IV. a v p\u0159ilehl\u00fdch ulic\u00edch. Mus\u00edm \u0159\u00edci, \u017ee jsme sv\u011bdky opravdu nepoctiv\u00e9 hry. Ob\u010dan\u00e9 Hradce Kr\u00e1lov\u00e9 podepisuj\u00ed petici proti n\u011b\u010demu, co nikdy nebylo z\u00e1m\u011brem m\u011bsta. Nen\u00ed pravda, \u017ee budou zv\u00fd\u0161eny [&hellip;]<\/p>\n","protected":false},"author":1,"featured_media":0,"comment_status":"closed","ping_status":"open","sticky":false,"template":"","format":"standard","meta":{"_monsterinsights_skip_tracking":false,"_monsterinsights_sitenote_active":false,"_monsterinsights_sitenote_note":"","_monsterinsights_sitenote_category":0,"_uf_show_specific_survey":0,"_uf_disable_surveys":false,"footnotes":""},"categories":[5],"tags":[],"class_list":["post-1641","post","type-post","status-publish","format-standard","hentry","category-vyjadreni"],"aioseo_notices":[],"_links":{"self":[{"href":"https:\/\/vedlich.info\/index.php?rest_route=\/wp\/v2\/posts\/1641","targetHints":{"allow":["GET"]}}],"collection":[{"href":"https:\/\/vedlich.info\/index.php?rest_route=\/wp\/v2\/posts"}],"about":[{"href":"https:\/\/vedlich.info\/index.php?rest_route=\/wp\/v2\/types\/post"}],"author":[{"embeddable":true,"href":"https:\/\/vedlich.info\/index.php?rest_route=\/wp\/v2\/users\/1"}],"replies":[{"embeddable":true,"href":"https:\/\/vedlich.info\/index.php?rest_route=%2Fwp%2Fv2%2Fcomments&post=1641"}],"version-history":[{"count":8,"href":"https:\/\/vedlich.info\/index.php?rest_route=\/wp\/v2\/posts\/1641\/revisions"}],"predecessor-version":[{"id":2342,"href":"https:\/\/vedlich.info\/index.php?rest_route=\/wp\/v2\/posts\/1641\/revisions\/2342"}],"wp:attachment":[{"href":"https:\/\/vedlich.info\/index.php?rest_route=%2Fwp%2Fv2%2Fmedia&parent=1641"}],"wp:term":[{"taxonomy":"category","embeddable":true,"href":"https:\/\/vedlich.info\/index.php?rest_route=%2Fwp%2Fv2%2Fcategories&post=1641"},{"taxonomy":"post_tag","embeddable":true,"href":"https:\/\/vedlich.info\/index.php?rest_route=%2Fwp%2Fv2%2Ftags&post=1641"}],"curies":[{"name":"wp","href":"https:\/\/api.w.org\/{rel}","templated":true}]}}