{"id":1634,"date":"2014-03-11T08:07:49","date_gmt":"2014-03-11T07:07:49","guid":{"rendered":"http:\/\/vedlich.info\/?p=1634"},"modified":"2014-03-11T08:07:49","modified_gmt":"2014-03-11T07:07:49","slug":"na-opravenem-tylovi-se-zase-uci-%e2%80%9egocar-by-byl-urcite-spokojeny%e2%80%9c","status":"publish","type":"post","link":"https:\/\/vedlich.info\/?p=1634","title":{"rendered":"Na opraven\u00e9m Tylovi se zase u\u010d\u00ed. \u201eGo\u010d\u00e1r by byl ur\u010dit\u011b spokojen\u00fd\u201c"},"content":{"rendered":"<p style=\"text-align: justify;\"><em>Mlad\u00e1 fronta DNES | 11.3.2014 | Rubrika: Kraj Hradeck\u00fd | Strana: 2 | Autor: Michaela Rambouskov\u00e1 | T\u00e9ma: Magistr\u00e1t m\u011bsta Hradec Kr\u00e1lov\u00e9<\/em><\/p>\n<p style=\"text-align: justify;\">Jedno z nejpresti\u017en\u011bj\u0161\u00edch krajsk\u00fdch gymn\u00e1zi\u00ed \u2013 J. K. Tyla v Hradci Kr\u00e1lov\u00e9 \u2013 dostalo za 100 milion\u016f korun novou tv\u00e1\u0159. Stava\u0159i m\u011bli v\u00edce ne\u017e p\u016flro\u010dn\u00ed zdr\u017een\u00ed, v\u010dera se v\u0161ak \u0161kola pro studenty otev\u0159ela.<\/p>\n<p style=\"text-align: justify;\"><!--more--><strong>HRADEC KR\u00c1LOV\u00c9<\/strong>\u00a0 T\u00e9m\u011b\u0159 t\u0159\u00edlet\u00e9 vyhnanstv\u00ed student\u016f a u\u010ditel\u016f hradeck\u00e9ho Gymn\u00e1zia J. K. Tyla v\u010derej\u0161\u00edm dnem skon\u010dilo. Historick\u00e1 budova od architekta Josefa Go\u010d\u00e1ra, kter\u00e1 pat\u0159\u00ed ke skvost\u016fm po\u010d\u00e1tku modern\u00ed architektury, za\u010dala po stomilionov\u00e9 rekonstrukci kone\u010dn\u011b zase slou\u017eit sv\u00e9mu \u00fa\u010delu.<\/p>\n<p style=\"text-align: justify;\">\u201eKdy\u017e jsem si odsud p\u0159ed \u010dty\u0159iceti lety nesl maturitn\u00ed vysv\u011bd\u010den\u00ed, tak by m\u011b nenapadlo, \u017ee tu jednou budu jako starosta na\u0161eho kr\u00e1sn\u00e9ho m\u011bsta p\u0159est\u0159ihovat p\u00e1sku,\u201c zavzpom\u00ednal absolvent gymn\u00e1zia hradeck\u00fd prim\u00e1tor Zden\u011bk Fink je\u0161t\u011b p\u0159ed t\u00edm, ne\u017e se do budovy za\u010dal tla\u010dit dav nedo\u010dkav\u00fdch student\u016f. \u201eU\u017e se nem\u016f\u017eu do\u010dkat, a\u017e kone\u010dn\u011b zah\u00e1j\u00edme v\u00fduku v t\u00e9hle majest\u00e1tn\u00ed budov\u011b. Jsem r\u00e1d, \u017ee se je\u0161t\u011b na p\u00e1r m\u011bs\u00edc\u016f m\u016f\u017eu vr\u00e1tit zp\u00e1tky,\u201c neskr\u00fdval nad\u0161en\u00ed maturant Tom\u00e1\u0161 Ost\u0159\u00edzek.<\/p>\n<p style=\"text-align: justify;\">\u0160est stovek student\u016f gymn\u00e1zia m\u011blo ve sv\u00e9 domovsk\u00e9 \u0161kole p\u016fvodn\u011b zah\u00e1jit u\u017e tento \u0161koln\u00ed rok, ale otev\u0159en\u00ed budovy se o v\u00edce ne\u017e p\u016fl roku zdr\u017eelo. Rekonstrukce se zpozdila kv\u016fli prodlev\u00e1m v za\u0159izov\u00e1n\u00ed n\u00e1bytkem i nutnosti nov\u00e9ho v\u00fdb\u011brov\u00e9ho \u0159\u00edzen\u00ed, kter\u00e9 nakonec vyhr\u00e1la firma Prima. Ta pot\u00e9 p\u0159ekro\u010dila avizovanou \u010d\u00e1stku 67 milion\u016f korun, co\u017e vysv\u011btlila nutnost\u00ed dal\u0161\u00edch prac\u00ed.<\/p>\n<p style=\"text-align: justify;\">Slavnostn\u00ed znovuotev\u0159en\u00ed budovy z roku 1927 si nenechali uj\u00edt ani z\u00e1stupci kraje a m\u011bsta, z nich\u017e n\u011bkte\u0159\u00ed na \u201eTylovi\u201c p\u0159ed lety studovali. \u201eJ\u00e9, fyzika! No sem jsem chodil, to byla na\u0161e t\u0159\u00edda. T\u00e1mhle jsem sed\u011bl,\u201c rozpl\u00fdval se prim\u00e1tor\u016fv n\u00e1m\u011bstek Jind\u0159ich Vedlich a prstem ukazoval do zadn\u00ed lavice v jedn\u00e9 t\u0159\u00edd\u011b, v n\u00ed\u017e p\u016fvodn\u00ed n\u00e1bytek z\u016fstal, av\u0161ak i ten pro\u0161el renovac\u00ed.<\/p>\n<p style=\"text-align: justify;\">P\u016fvodn\u00ed n\u00e1bytek a vybaven\u00ed z 20. let z\u016fstaly i v reprezenta\u010dn\u00ed m\u00edstnosti pat\u0159\u00edc\u00ed k \u0159editeln\u011b a v knihovn\u011b. Ostatn\u00ed m\u00edstnosti dostaly v\u011bt\u0161inou n\u00e1bytek modern\u00ed.<\/p>\n<p style=\"text-align: justify;\">Na rekonstrukci dominanty Labsk\u00e9 Kotliny z \u010derven\u00fdch cihel se velkou m\u011brou pod\u00edleli i pam\u00e1tk\u00e1\u0159i, kte\u0159\u00ed na opravu gymn\u00e1zia dohl\u00ed\u017eeli. \u0160\u00e9f pam\u00e1tkov\u00e9ho odboru hradeck\u00e9ho magistr\u00e1tu Jan Falta se p\u0159i v\u010derej\u0161\u00ed prohl\u00eddce tv\u00e1\u0159il spokojen\u011b.<\/p>\n<p style=\"text-align: justify;\">\u201eKdyby se tady dnes mohl proj\u00edt architekt Go\u010d\u00e1r, byl by ur\u010dit\u011b taky spokojen\u00fd. Modern\u00ed z\u00e1le\u017eitosti jsou bu\u010f skryt\u00e9, nebo pou\u017eit\u00e9 v um\u011b\u0159en\u00e9 form\u011b. Poda\u0159ilo se naj\u00edt kompromisy tak, aby historick\u00e1 budova nebyla jen zakonzervovanou pam\u00e1tkou, ale odpov\u00eddala sou\u010dasn\u00fdm norm\u00e1m a mohla slou\u017eit sv\u00e9mu \u00fa\u010delu,\u201c vysv\u011btlil Falta. Jednou ze skryt\u00fdch modern\u00edch vymo\u017eenost\u00ed a novinek ve \u0161kole je t\u0159eba nov\u00fd v\u00fdtah, kter\u00fd se stava\u0159\u016fm poda\u0159ilo dob\u0159e ukr\u00fdt.<\/p>\n<p style=\"text-align: justify;\">\u201eZkuste ho naj\u00edt,\u201c vyb\u00edzel p\u0159\u00edtomn\u00e9 \u0159editel \u0161koly Robert Nov\u00e1k p\u0159ed zah\u00e1jen\u00edm prohl\u00eddky. Nikomu se to nepoda\u0159ilo, proto je Nov\u00e1k dovedl k nen\u00e1padn\u00fdm zam\u010den\u00fdm dve\u0159\u00edm, za kter\u00fdmi by v\u011bt\u0161ina lid\u00ed \u010dekala mo\u017en\u00e1 sklad u\u010debnic. \u201eKv\u016fli absenci v\u00fdtahu u n\u00e1s doposud nemohli studovat t\u011blesn\u011b hendikepovan\u00ed studenti. Kdy\u017e n\u00e1m pohrozili instalac\u00ed schodolezu, zapojili jsme mozek a vymysleli, \u017ee v\u00fdtah um\u00edst\u00edme do \u0161achty, kter\u00e1 tady byla,\u201c vysv\u011btlil Nov\u00e1k.<\/p>\n<p style=\"text-align: justify;\">Studenti nebo u\u010ditel\u00e9, kte\u0159\u00ed budou t\u0159eba po \u00farazu, tak u\u017e nebudou nuceni o berl\u00edch se pr\u00e1t se schodi\u0161t\u011bm, ale od \u0159editele dostanou k zap\u016fj\u010den\u00ed kl\u00ed\u010d od v\u00fdtahu.<\/p>\n<p style=\"text-align: justify;\">\u00dapravami pro\u0161la nejen budova se schodi\u0161t\u011bm, ale tak\u00e9 t\u011blocvi\u010dna, sportovi\u0161t\u011b nebo \u0161koln\u00ed j\u00eddelna, kter\u00e9 stava\u0159i trochu zv\u00fd\u0161ili kapacitu.<\/p>\n<p style=\"text-align: justify;\">Cel\u00e1 stavba, jej\u00edm\u017e hlavn\u00edm investorem byl Kr\u00e1lov\u00e9hradeck\u00fd kraj, vy\u0161la na 99,5 milionu korun, dv\u011bma t\u0159etinami p\u0159isp\u011bla Evropsk\u00e1 unie. Zrekonstruovanou budovu si z\u00e1jemci budou moci prohl\u00e9dnout v pr\u016fb\u011bhu b\u0159ezna, a\u017e se studenti zabydl\u00ed. Posledn\u00edho b\u0159ezna v n\u00ed zasedne krajsk\u00e9 zastupitelstvo.<\/p>\n","protected":false},"excerpt":{"rendered":"<p>Mlad\u00e1 fronta DNES | 11.3.2014 | Rubrika: Kraj Hradeck\u00fd | Strana: 2 | Autor: Michaela Rambouskov\u00e1 | T\u00e9ma: Magistr\u00e1t m\u011bsta Hradec Kr\u00e1lov\u00e9 Jedno z nejpresti\u017en\u011bj\u0161\u00edch krajsk\u00fdch gymn\u00e1zi\u00ed \u2013 J. K. Tyla v Hradci Kr\u00e1lov\u00e9 \u2013 dostalo za 100 milion\u016f korun novou tv\u00e1\u0159. Stava\u0159i m\u011bli v\u00edce ne\u017e p\u016flro\u010dn\u00ed zdr\u017een\u00ed, v\u010dera se v\u0161ak \u0161kola pro studenty otev\u0159ela.<\/p>\n","protected":false},"author":1,"featured_media":0,"comment_status":"closed","ping_status":"open","sticky":false,"template":"","format":"standard","meta":{"_monsterinsights_skip_tracking":false,"_monsterinsights_sitenote_active":false,"_monsterinsights_sitenote_note":"","_monsterinsights_sitenote_category":0,"_uf_show_specific_survey":0,"_uf_disable_surveys":false,"footnotes":""},"categories":[8],"tags":[],"class_list":["post-1634","post","type-post","status-publish","format-standard","hentry","category-zpravy-z-ostatnich-medii"],"aioseo_notices":[],"_links":{"self":[{"href":"https:\/\/vedlich.info\/index.php?rest_route=\/wp\/v2\/posts\/1634","targetHints":{"allow":["GET"]}}],"collection":[{"href":"https:\/\/vedlich.info\/index.php?rest_route=\/wp\/v2\/posts"}],"about":[{"href":"https:\/\/vedlich.info\/index.php?rest_route=\/wp\/v2\/types\/post"}],"author":[{"embeddable":true,"href":"https:\/\/vedlich.info\/index.php?rest_route=\/wp\/v2\/users\/1"}],"replies":[{"embeddable":true,"href":"https:\/\/vedlich.info\/index.php?rest_route=%2Fwp%2Fv2%2Fcomments&post=1634"}],"version-history":[{"count":1,"href":"https:\/\/vedlich.info\/index.php?rest_route=\/wp\/v2\/posts\/1634\/revisions"}],"predecessor-version":[{"id":1635,"href":"https:\/\/vedlich.info\/index.php?rest_route=\/wp\/v2\/posts\/1634\/revisions\/1635"}],"wp:attachment":[{"href":"https:\/\/vedlich.info\/index.php?rest_route=%2Fwp%2Fv2%2Fmedia&parent=1634"}],"wp:term":[{"taxonomy":"category","embeddable":true,"href":"https:\/\/vedlich.info\/index.php?rest_route=%2Fwp%2Fv2%2Fcategories&post=1634"},{"taxonomy":"post_tag","embeddable":true,"href":"https:\/\/vedlich.info\/index.php?rest_route=%2Fwp%2Fv2%2Ftags&post=1634"}],"curies":[{"name":"wp","href":"https:\/\/api.w.org\/{rel}","templated":true}]}}