{"id":1625,"date":"2014-03-10T15:20:43","date_gmt":"2014-03-10T14:20:43","guid":{"rendered":"http:\/\/vedlich.info\/?p=1625"},"modified":"2014-03-11T08:08:19","modified_gmt":"2014-03-11T07:08:19","slug":"zakazova-znacka-u-opatovic-problem-ktery-ma-reseni","status":"publish","type":"post","link":"https:\/\/vedlich.info\/?p=1625","title":{"rendered":"Z\u00e1kazov\u00e1 zna\u010dka u Opatovic? Probl\u00e9m, kter\u00fd m\u00e1 \u0159e\u0161en\u00ed"},"content":{"rendered":"<p style=\"text-align: justify;\">Intenzivn\u00ed jedn\u00e1n\u00ed a hled\u00e1n\u00ed kompromisn\u00edho \u0159e\u0161en\u00ed vedou radnice Hradce Kr\u00e1lov\u00e9 a Vysok\u00e9 nad Labem s c\u00edlem umo\u017enit pr\u016fjezd \u0159idi\u010d\u016fm jedouc\u00edm z Hradce Kr\u00e1lov\u00e9 p\u0159es Vysokou nad Labem sm\u011brem k d\u00e1lnici D11 p\u0159es Opatovice nad Labem. Z\u00e1kazov\u00e1 zna\u010dka, kter\u00e1 zde \u0159idi\u010d\u016fm jedouc\u00edm od Vysok\u00e9 nad Labem na d\u00e1lnici nepovoluje odbo\u010dit vlevo, je nut\u00ed zbyte\u010dn\u011b naj\u00ed\u017ed\u011bt dal\u0161\u00ed kilometry.<\/p>\n<p style=\"text-align: justify;\"><!--more-->V\u0161ichni \u0159idi\u010di, kte\u0159\u00ed byli zvykl\u00ed vyu\u017e\u00edvat kr\u00e1tkou spojnici mezi Vysokou nad Labem a Opatovicemi nejen k co nejrychlej\u0161\u00edmu napojen\u00ed na d\u00e1lnici D 11 do Prahy, ale i k p\u0159\u00edm\u00e9 cest\u011b do Opatovic, se musej\u00ed tomuto m\u00edstu posledn\u00edch n\u011bkolik m\u011bs\u00edc\u016f slo\u017eit\u011b vyh\u00fdbat. Pro\u010d? Nov\u011b je toti\u017e na k\u0159i\u017eovatce p\u0159ed Opatovicemi dopravn\u00ed zna\u010dka zakazuj\u00edc\u00ed odbo\u010den\u00ed vlevo.<\/p>\n<p style=\"text-align: justify;\">\u201eP\u016fvodn\u00ed \u0159e\u0161en\u00ed mimo\u00farov\u0148ov\u00e9 k\u0159i\u017eovatky s napojen\u00edm na Vysokou nad Labem v\u0161ak podle dostupn\u00fdch informac\u00ed po\u010d\u00edtalo. St\u00e1vaj\u00edc\u00ed stav je z pohledu m\u011bsta, ze kter\u00e9ho denn\u011b t\u00edm sm\u011brem m\u00ed\u0159\u00ed hodn\u011b \u0159idi\u010d\u016f, krajn\u011b nevhodn\u00fd,\u201c vysv\u011btluje n\u00e1m\u011bstek prim\u00e1tora pro rozvoj m\u011bsta Jind\u0159ich Vedlich, kter\u00fd se spole\u010dn\u011b se starostou obce Vysok\u00e1 nad Labem sna\u017e\u00ed tento probl\u00e9m vy\u0159e\u0161it ve prosp\u011bch \u0159idi\u010d\u016f. P\u0159i stanovov\u00e1n\u00ed dopravn\u00edho zna\u010den\u00ed se opomn\u011blo m\u011bsto Hradec Kr\u00e1lov\u00e9 i Vysokou nad Labem zahrnout mezi \u00fa\u010dastn\u00edky \u0159\u00edzen\u00ed, jeho\u017e v\u00fdsledkem je nov\u011b z\u00e1kaz odbo\u010den\u00ed vlevo a tud\u00ed\u017e v\u00fdrazn\u00e9 komplikace pro \u0159idi\u010de.<\/p>\n<p style=\"text-align: justify;\">Dopravn\u00ed projektanti a odborn\u00edci u\u017e p\u0159i\u0161li na n\u011bkolik \u0159e\u0161en\u00ed, kter\u00e1 by mohla situaci zlep\u0161it. \u201ePrvn\u00ed variantou je sn\u00ed\u017een\u00ed rychlosti pr\u016fjezdu v kombinaci se z\u00e1kazem p\u0159edj\u00ed\u017ed\u011bn\u00ed Opatovicemi nad Labem v kombinaci s nov\u00fdm \u0159e\u0161en\u00edm k\u0159i\u017eovatky u benzinov\u00e9 pumpy do podoby kruhov\u00e9ho objezdu. Druhou re\u00e1lnou se zd\u00e1 b\u00fdt varianta spojen\u00e1 s vy\u0159e\u0161en\u00edm v\u00fdkupu pozemk\u016f pro obchvat Opatovic nad Labem, kter\u00fd by navazoval na zaslepenou p\u016fvodn\u00ed komunikaci. Obchvat by vedl k mal\u00e9mu rondelu u obce, kter\u00fd je ji\u017e napojen na mimo\u00farov\u0148ovou k\u0159i\u017eovatku. Posledn\u00ed cesta k vy\u0159e\u0161en\u00ed t\u00e9to nep\u0159\u00edjemn\u00e9 situace vede p\u0159es velice finan\u010dn\u011b n\u00e1ro\u010dn\u00e9 vybudov\u00e1n\u00ed Ji\u017en\u00ed spojky, o kterou m\u011bsto usiluje u\u017e del\u0161\u00ed dobu. Rovn\u011b\u017e ji\u017en\u00ed propojen\u00ed od n\u00e1jezdov\u00e9ho ramena u Makra vedouc\u00ed k \u010dist\u00edrn\u011b odpadn\u00edch vod v Hradci Kr\u00e1lov\u00e9 je zahrnuto v jedn\u00e9 z variant konceptu p\u0159ipravovan\u00e9ho \u00fazemn\u00edho pl\u00e1nu m\u011bsta, ale i to bude p\u0159\u00edli\u0161 n\u00e1kladn\u00fd a komplikovan\u00fd projekt, \u201c vypo\u010d\u00edt\u00e1v\u00e1 Jind\u0159ich Vedlich. Dod\u00e1v\u00e1, \u017ee situaci by mohlo zklidnit i zp\u011btn\u00e9 zahrnut\u00ed mimo\u00farov\u0148ov\u00e9 k\u0159i\u017eovatky u Bukoviny do v\u00fdstavby, co\u017e ov\u0161em \u0158SD tak\u0159ka nep\u0159ipou\u0161t\u00ed i kdy\u017e z\u00e1stupci m\u011bsta Hradec Kr\u00e1lov\u00e9 o to od jej\u00edho vypu\u0161t\u011bn\u00ed z pl\u00e1n\u016f realizace usiluj\u00ed.<\/p>\n<p style=\"text-align: justify;\">Ve h\u0159e bylo i mo\u017en\u00e9 napojen\u00ed ukon\u010den\u00e9 silnice na nov\u011b vybudovanou rychlostn\u00ed komunikaci. Tato varianta bohu\u017eel nespl\u0148uje v\u0161echny pot\u0159ebn\u00e9 normov\u00e9 a technick\u00e9 po\u017eadavky na p\u0159ipojen\u00ed k rychlostn\u00ed komunikaci a svou roli hraje i bl\u00edzkost vybudovan\u00e9ho n\u00e1jezdu prvn\u00ed patra Opatovick\u00e9 k\u0159i\u017eovatky.<\/p>\n<p style=\"text-align: justify;\">\u201eVelk\u00fd po\u010det vozidel m\u00ed\u0159\u00edc\u00edch na D11 jezd\u00ed denn\u011b nejen z n\u011bkter\u00fdch \u010d\u00e1st\u00ed Hradce Kr\u00e1lov\u00e9, ale i od Vysok\u00e9 nad Labem. Tato auta nyn\u00ed naraz\u00ed na z\u00e1kazovou zna\u010dku u Opatovic, a pokud cht\u011bj\u00ed pokra\u010dovat sm\u011brem k d\u00e1lnici, musej\u00ed ud\u011blat dopravn\u00ed p\u0159estupek a z\u00e1kaz poru\u0161it. Nebo mohou odbo\u010dit podle dopravn\u00edho zna\u010den\u00ed doprava a oto\u010dit se a\u017e na n\u011bkolik kilometr\u016f vzd\u00e1len\u00e9 k\u0159i\u017eovatce u Makra, a po ujet\u00ed cca 6 km se vr\u00e1tit na tot\u00e9\u017e m\u00edsto, jen z jin\u00e9 strany,\u201c krout\u00ed nad zbyte\u010dn\u00fdm probl\u00e9mem hlavou starosta obce Vysok\u00e1 nad Labem Ji\u0159\u00ed Hor\u00e1k. Souhlas\u00ed s hradeck\u00fdm n\u00e1m\u011bstkem Jind\u0159ichem Vedlichem, kter\u00fd tvrd\u00ed, \u017ee pokud nedojde k n\u011bjak\u00e9 shod\u011b, nebo nebude-li v\u016fle \u0159e\u0161it tuto situaci ze strany pardubick\u00e9ho \u0158SD, pod\u00e1 Hradec Kr\u00e1lov\u00e9 a Vysok\u00e1 nad Labem spr\u00e1vn\u00ed \u017ealobu na stanoven\u00ed dopravn\u00edho zna\u010den\u00ed.<\/p>\n<p style=\"text-align: justify;\">\u201eNast\u00edn\u011bn\u00e1 \u0159e\u0161en\u00ed jsou projedn\u00e1na s odborn\u00edky na dopravu a jsou re\u00e1ln\u00e1. Financov\u00e1n\u00ed by ov\u0161em bylo na pardubick\u00e9m \u0158SD, proto\u017ee se jedn\u00e1 o lokalitu, kter\u00e1 je mimo Kr\u00e1lov\u00e9hradeck\u00fd kraj. Nav\u00edc pochyben\u00ed nen\u00ed na na\u0161\u00ed stran\u011b. D\u016fsledky t\u00e9to chyby poci\u0165uj\u00ed jak Hrade\u010dan\u00e9, tak ob\u010dan\u00e9 Vysok\u00e9 nad Labem a p\u0159ilehl\u00fdch obc\u00ed, \u201c dopl\u0148uje Jind\u0159ich Vedlich.<\/p>\n<p style=\"text-align: justify;\"><strong>Shrnut\u00ed \u0159e\u0161en\u00ed z hlediska finan\u010dn\u00ed i technick\u00e9 n\u00e1ro\u010dnosti<\/strong><\/p>\n<p style=\"text-align: justify;\">Kr\u00e1tkodob\u00fdm a nejp\u0159ijateln\u011bj\u0161\u00edm \u0159e\u0161en\u00edm pro \u0159idi\u010de je varianta sn\u00ed\u017een\u00ed rychlosti pr\u016fjezdu v kombinaci se z\u00e1kazem p\u0159edj\u00ed\u017ed\u011bn\u00ed Opatovicemi nad Labem a s nov\u00fdm \u0159e\u0161en\u00edm k\u0159i\u017eovatky u benzinov\u00e9 pumpy do podoby kruhov\u00e9ho objezdu (varianta \u010d.1), podm\u00ednkou je ov\u0161em \u00faprava dopravn\u00edho zna\u010den\u00ed tak, aby \u0159idi\u010di mohli op\u011bt odbo\u010dovat doleva z vedlej\u0161\u00ed silnice od Vysok\u00e9 nad Labem.<\/p>\n<p style=\"text-align: justify;\">St\u0159edn\u011bdob\u00fdm \u0159e\u0161en\u00edm, kter\u00e9 by pomohlo \u0159idi\u010d\u016fm, je varianta spojen\u00e1 s vy\u0159e\u0161en\u00edm v\u00fdkupu pozemk\u016f pro obchvat Opatovic nad Labem, kter\u00fd by navazoval na zaslepenou p\u016fvodn\u00ed komunikaci. Obchvat by pokra\u010doval k mal\u00e9mu rondelu u obce, kter\u00fd je ji\u017e napojen na mimo\u00farov\u0148ovou k\u0159i\u017eovatku (varianta \u010d. 2.). I tato varianta je re\u00e1ln\u00e1, ov\u0161em finan\u010dn\u011b i term\u00ednov\u011b n\u00e1ro\u010dn\u011bj\u0161\u00ed. Je zde nav\u00edc jedno \u00faskal\u00ed, kter\u00fdm je p\u0159ipravovan\u00fd \u00fazemn\u00ed pl\u00e1n obce Opatovice nad Labem. Ten nepo\u010d\u00edt\u00e1 s vybudov\u00e1n\u00edm t\u00e9to trasy a nen\u00ed v n\u011bm tedy ani zahrnut\u00fd v\u00fdznam ve\u0159ejn\u00e9 prosp\u011b\u0161nosti stavby. To v\u00fdrazn\u011b sni\u017euje \u0161anci zde takovou komunikaci vybudovat. V tomto p\u0159\u00edpad\u011b je podm\u00ednkou ov\u0161em \u00faprava dopravn\u00edho zna\u010den\u00ed tak, aby \u0159idi\u010di mohli op\u011bt odbo\u010dovat doleva z vedlej\u0161\u00ed silnice od Vysok\u00e9 nad Labem.<\/p>\n<p style=\"text-align: justify;\">Dlouhodob\u00fdm \u0159e\u0161en\u00edm je m\u011bstem ji\u017e avizovan\u00e9 vybudov\u00e1n\u00ed Ji\u017en\u00ed spojky, o kterou m\u011bsto Hradec Kr\u00e1lov\u00e9 velmi stoj\u00ed. P\u0159\u00edpadn\u011b vybudov\u00e1n\u00ed Ji\u017en\u00edho propojen\u00ed od n\u00e1jezdov\u00e9ho ramena u Makra vedouc\u00ed k \u010dist\u00edrn\u011b odpadn\u00edch vod v Hradci Kr\u00e1lov\u00e9, co\u017e je zahrnuto v jedn\u00e9 z variant konceptu p\u0159ipravovan\u00e9ho \u00fazemn\u00edho pl\u00e1nu m\u011bsta, ale i to bude p\u0159\u00edli\u0161 n\u00e1kladn\u00fd a komplikovan\u00fd projekt.<\/p>\n<p style=\"text-align: justify;\">V nejbli\u017e\u0161\u00ed dob\u011b budou rovn\u011b\u017e zpracov\u00e1ny p\u0159esn\u011bj\u0161\u00ed statistiky pr\u016fjezd\u016f vozidel m\u00ed\u0159\u00edc\u00edch od Vysok\u00e9 nad Labem p\u0159es inkriminovan\u00e9 m\u00edsto s probl\u00e9mov\u00fdm dopravn\u00edm zna\u010den\u00edm a\u017e k napojen\u00ed na d\u00e1lnici D11.<\/p>\n<p style=\"text-align: justify;\">Hradec Kr\u00e1lov\u00e9 vn\u00edm\u00e1 tento zd\u00e1nliv\u011b malichern\u00fd probl\u00e9m dopravn\u00edho zna\u010den\u00ed jako chybu, kter\u00e1 m\u00e1 za n\u00e1sledek zbyte\u010dn\u00e9 sm\u011b\u0159ov\u00e1n\u00ed dopravy zp\u011bt na mimo\u00farov\u0148ov\u00e9 k\u0159\u00ed\u017een\u00ed u Makra. Toto zaj\u00ed\u017ed\u011bn\u00ed vozidel p\u0159it\u011b\u017euje jak doprav\u011b, tak \u017eivotn\u00edmu prost\u0159ed\u00ed a zbyte\u010dn\u011b navy\u0161uje po\u010dty ujet\u00fdch kilometr\u016f ob\u010dan\u016f sm\u011b\u0159uj\u00edc\u00edch sm\u011brem na Pardubice nebo d\u00e1lnici z v\u00fdchodn\u00ed \u010d\u00e1sti m\u011bsta Hradec Kr\u00e1lov\u00e9 a obce Vysok\u00e1 nad Labem.<\/p>\n<p style=\"text-align: justify;\"><img decoding=\"async\" title=\"gallery link=&quot;file&quot; order=&quot;DESC&quot; columns=&quot;2&quot; orderby=&quot;title&quot;\" src=\"http:\/\/vedlich.info\/wp-includes\/js\/tinymce\/plugins\/wpgallery\/img\/t.gif\" alt=\"\" \/>\n\t\t<style type=\"text\/css\">\n\t\t\t#gallery-1 {\n\t\t\t\tmargin: auto;\n\t\t\t}\n\t\t\t#gallery-1 .gallery-item {\n\t\t\t\tfloat: left;\n\t\t\t\tmargin-top: 10px;\n\t\t\t\ttext-align: center;\n\t\t\t\twidth: 50%;\n\t\t\t}\n\t\t\t#gallery-1 img {\n\t\t\t\tborder: 2px solid #cfcfcf;\n\t\t\t}\n\t\t\t#gallery-1 .gallery-caption {\n\t\t\t\tmargin-left: 0;\n\t\t\t}\n\t\t\t\/* see gallery_shortcode() in wp-includes\/media.php *\/\n\t\t<\/style>\n\t\t<div id='gallery-1' class='gallery galleryid-1625 gallery-columns-2 gallery-size-thumbnail'><dl class='gallery-item'>\n\t\t\t<dt class='gallery-icon landscape'>\n\t\t\t\t<a rel=\"prettyPhoto[postimages]\" href='https:\/\/vedlich.info\/wp-content\/uploads\/Opatovice-2.jpg'><img loading=\"lazy\" decoding=\"async\" width=\"200\" height=\"150\" src=\"https:\/\/vedlich.info\/wp-content\/uploads\/Opatovice-2-200x150.jpg\" class=\"attachment-thumbnail size-thumbnail\" alt=\"\" \/><\/a>\n\t\t\t<\/dt><\/dl><dl class='gallery-item'>\n\t\t\t<dt class='gallery-icon landscape'>\n\t\t\t\t<a rel=\"prettyPhoto[postimages]\" href='https:\/\/vedlich.info\/wp-content\/uploads\/Opatovice-1.png'><img loading=\"lazy\" decoding=\"async\" width=\"200\" height=\"150\" src=\"https:\/\/vedlich.info\/wp-content\/uploads\/Opatovice-1-200x150.png\" class=\"attachment-thumbnail size-thumbnail\" alt=\"\" \/><\/a>\n\t\t\t<\/dt><\/dl><br style=\"clear: both\" \/>\n\t\t<\/div>\n<\/p>\n","protected":false},"excerpt":{"rendered":"<p>Intenzivn\u00ed jedn\u00e1n\u00ed a hled\u00e1n\u00ed kompromisn\u00edho \u0159e\u0161en\u00ed vedou radnice Hradce Kr\u00e1lov\u00e9 a Vysok\u00e9 nad Labem s c\u00edlem umo\u017enit pr\u016fjezd \u0159idi\u010d\u016fm jedouc\u00edm z Hradce Kr\u00e1lov\u00e9 p\u0159es Vysokou nad Labem sm\u011brem k d\u00e1lnici D11 p\u0159es Opatovice nad Labem. Z\u00e1kazov\u00e1 zna\u010dka, kter\u00e1 zde \u0159idi\u010d\u016fm jedouc\u00edm od Vysok\u00e9 nad Labem na d\u00e1lnici nepovoluje odbo\u010dit vlevo, je nut\u00ed zbyte\u010dn\u011b naj\u00ed\u017ed\u011bt dal\u0161\u00ed [&hellip;]<\/p>\n","protected":false},"author":1,"featured_media":0,"comment_status":"closed","ping_status":"open","sticky":false,"template":"","format":"standard","meta":{"_monsterinsights_skip_tracking":false,"_monsterinsights_sitenote_active":false,"_monsterinsights_sitenote_note":"","_monsterinsights_sitenote_category":0,"_uf_show_specific_survey":0,"_uf_disable_surveys":false,"footnotes":""},"categories":[5],"tags":[],"class_list":["post-1625","post","type-post","status-publish","format-standard","hentry","category-vyjadreni"],"aioseo_notices":[],"_links":{"self":[{"href":"https:\/\/vedlich.info\/index.php?rest_route=\/wp\/v2\/posts\/1625","targetHints":{"allow":["GET"]}}],"collection":[{"href":"https:\/\/vedlich.info\/index.php?rest_route=\/wp\/v2\/posts"}],"about":[{"href":"https:\/\/vedlich.info\/index.php?rest_route=\/wp\/v2\/types\/post"}],"author":[{"embeddable":true,"href":"https:\/\/vedlich.info\/index.php?rest_route=\/wp\/v2\/users\/1"}],"replies":[{"embeddable":true,"href":"https:\/\/vedlich.info\/index.php?rest_route=%2Fwp%2Fv2%2Fcomments&post=1625"}],"version-history":[{"count":7,"href":"https:\/\/vedlich.info\/index.php?rest_route=\/wp\/v2\/posts\/1625\/revisions"}],"predecessor-version":[{"id":1637,"href":"https:\/\/vedlich.info\/index.php?rest_route=\/wp\/v2\/posts\/1625\/revisions\/1637"}],"wp:attachment":[{"href":"https:\/\/vedlich.info\/index.php?rest_route=%2Fwp%2Fv2%2Fmedia&parent=1625"}],"wp:term":[{"taxonomy":"category","embeddable":true,"href":"https:\/\/vedlich.info\/index.php?rest_route=%2Fwp%2Fv2%2Fcategories&post=1625"},{"taxonomy":"post_tag","embeddable":true,"href":"https:\/\/vedlich.info\/index.php?rest_route=%2Fwp%2Fv2%2Ftags&post=1625"}],"curies":[{"name":"wp","href":"https:\/\/api.w.org\/{rel}","templated":true}]}}