{"id":1623,"date":"2014-03-10T07:40:58","date_gmt":"2014-03-10T06:40:58","guid":{"rendered":"http:\/\/vedlich.info\/?p=1623"},"modified":"2014-03-11T08:08:09","modified_gmt":"2014-03-11T07:08:09","slug":"do-souteze-na-lavku-pres-labe-prislo-32-navrhu","status":"publish","type":"post","link":"https:\/\/vedlich.info\/?p=1623","title":{"rendered":"Do sout\u011b\u017ee na l\u00e1vku p\u0159es Labe p\u0159i\u0161lo 32 n\u00e1vrh\u016f"},"content":{"rendered":"<p style=\"text-align: justify;\"><em>Mlad\u00e1 fronta DNES | 8.3.2014 | Rubrika: Kraj Hradeck\u00fd | Strana: 1 | Autor: (\u010cTK) | T\u00e9ma: Magistr\u00e1t m\u011bsta Hradec Kr\u00e1lov\u00e9<\/em><\/p>\n<p style=\"text-align: justify;\"><strong>HRADEC KR\u00c1LOV\u00c9 <\/strong>\u00a0Do architektonick\u00e9 sout\u011b\u017ee na l\u00e1vku p\u0159es Labe v Hradci Kr\u00e1lov\u00e9 m\u011bstu p\u0159i\u0161lo 32 n\u00e1vrh\u016f. Uz\u00e1v\u011brka byla v\u010dera, vyhl\u00e1\u0161en\u00ed v\u00fdsledk\u016f radnice p\u0159edpokl\u00e1d\u00e1 v dubnu.<\/p>\n<p style=\"text-align: justify;\"><!--more--><\/p>\n<p style=\"text-align: justify;\">\u201ePorotou vybran\u00fd autor nejvhodn\u011bj\u0161\u00edho n\u00e1vrhu bude m\u00edt mo\u017enost uzav\u0159\u00edt s m\u011bstem smlouvu na vypracov\u00e1n\u00ed projektov\u00e9 dokumentace pro \u00fazemn\u00ed a stavebn\u00ed \u0159\u00edzen\u00ed a na autorsk\u00fd dozor nad stavbou,\u201c sd\u011blil prim\u00e1tor\u016fv n\u00e1m\u011bstek Jind\u0159ich Vedlich (TOP 09).<\/p>\n<p style=\"text-align: justify;\">O sout\u011b\u017e byl mezi architekty z\u00e1jem, podklady k sout\u011b\u017ei vypsan\u00e9 v prosinci si vyzvedlo p\u0159ibli\u017en\u011b 120 subjekt\u016f. \u201eS po\u010dtem dvaat\u0159iceti odevzdan\u00fdch n\u00e1vrh\u016f jsme spokojeni. Jsem p\u0159esv\u011bd\u010den, \u017ee bude vybr\u00e1no \u0159e\u0161en\u00ed, kter\u00e9 bude v\u00fdhodn\u00e9 pro m\u011bsto i \u0161etrn\u00e9 k p\u0159\u00edrod\u011b,\u201c \u0159ekl Vedlich. Hlavn\u00edm krit\u00e9riem hodnocen\u00ed bude kvalita n\u00e1vrhu v\u010detn\u011b konstruk\u010dn\u00edho \u0159e\u0161en\u00ed a urbanistick\u00e9ho za\u010dlen\u011bn\u00ed l\u00e1vky. Vliv na hodnocen\u00ed bude m\u00edt i finan\u010dn\u00ed n\u00e1ro\u010dnost stavby. M\u011bsto stanovilo limit maxim\u00e1ln\u011b 40 milion\u016f korun.<\/p>\n<p style=\"text-align: justify;\">L\u00e1vka pro p\u011b\u0161\u00ed a cyklisty, o jej\u00ed\u017e stavbu m\u011bsto usiluje p\u0159es deset let, by m\u011bla spojit \u0160imkovy sady a kongresov\u00e9 centrum Aldis s t\u0159\u00eddou Karla IV. v centru. M\u011bla by b\u00fdt dlouh\u00e1 67 metr\u016f a \u0161irok\u00e1 nejm\u00e9n\u011b 4,5 metru. Architekti nem\u011bli ur\u010deno, z jak\u00e9ho by m\u011bla b\u00fdt materi\u00e1lu. Ve sv\u00fdch n\u00e1vrz\u00edch v\u0161ak museli zohlednit prostor pro bezpe\u010dn\u00fd pohyb migruj\u00edc\u00edch pt\u00e1k\u016f.<\/p>\n<p style=\"text-align: justify;\">Radnice u\u017e v roce 2003 v z\u00f3n\u011b Aldis vybudovala p\u011b\u0161\u00ed bulv\u00e1r. Na n\u011bj m\u011bla nav\u00e1zat l\u00e1vka. P\u016fvodn\u00ed projekt p\u0159edpokl\u00e1dal sk\u00e1cet dub na b\u0159ehu, proti tomu \u00fasp\u011b\u0161n\u011b protestovali ochr\u00e1nci p\u0159\u00edrody.<\/p>\n","protected":false},"excerpt":{"rendered":"<p>Mlad\u00e1 fronta DNES | 8.3.2014 | Rubrika: Kraj Hradeck\u00fd | Strana: 1 | Autor: (\u010cTK) | T\u00e9ma: Magistr\u00e1t m\u011bsta Hradec Kr\u00e1lov\u00e9 HRADEC KR\u00c1LOV\u00c9 \u00a0Do architektonick\u00e9 sout\u011b\u017ee na l\u00e1vku p\u0159es Labe v Hradci Kr\u00e1lov\u00e9 m\u011bstu p\u0159i\u0161lo 32 n\u00e1vrh\u016f. Uz\u00e1v\u011brka byla v\u010dera, vyhl\u00e1\u0161en\u00ed v\u00fdsledk\u016f radnice p\u0159edpokl\u00e1d\u00e1 v dubnu.<\/p>\n","protected":false},"author":1,"featured_media":0,"comment_status":"closed","ping_status":"open","sticky":false,"template":"","format":"standard","meta":{"_monsterinsights_skip_tracking":false,"_monsterinsights_sitenote_active":false,"_monsterinsights_sitenote_note":"","_monsterinsights_sitenote_category":0,"_uf_show_specific_survey":0,"_uf_disable_surveys":false,"footnotes":""},"categories":[8],"tags":[],"class_list":["post-1623","post","type-post","status-publish","format-standard","hentry","category-zpravy-z-ostatnich-medii"],"aioseo_notices":[],"_links":{"self":[{"href":"https:\/\/vedlich.info\/index.php?rest_route=\/wp\/v2\/posts\/1623","targetHints":{"allow":["GET"]}}],"collection":[{"href":"https:\/\/vedlich.info\/index.php?rest_route=\/wp\/v2\/posts"}],"about":[{"href":"https:\/\/vedlich.info\/index.php?rest_route=\/wp\/v2\/types\/post"}],"author":[{"embeddable":true,"href":"https:\/\/vedlich.info\/index.php?rest_route=\/wp\/v2\/users\/1"}],"replies":[{"embeddable":true,"href":"https:\/\/vedlich.info\/index.php?rest_route=%2Fwp%2Fv2%2Fcomments&post=1623"}],"version-history":[{"count":2,"href":"https:\/\/vedlich.info\/index.php?rest_route=\/wp\/v2\/posts\/1623\/revisions"}],"predecessor-version":[{"id":1636,"href":"https:\/\/vedlich.info\/index.php?rest_route=\/wp\/v2\/posts\/1623\/revisions\/1636"}],"wp:attachment":[{"href":"https:\/\/vedlich.info\/index.php?rest_route=%2Fwp%2Fv2%2Fmedia&parent=1623"}],"wp:term":[{"taxonomy":"category","embeddable":true,"href":"https:\/\/vedlich.info\/index.php?rest_route=%2Fwp%2Fv2%2Fcategories&post=1623"},{"taxonomy":"post_tag","embeddable":true,"href":"https:\/\/vedlich.info\/index.php?rest_route=%2Fwp%2Fv2%2Ftags&post=1623"}],"curies":[{"name":"wp","href":"https:\/\/api.w.org\/{rel}","templated":true}]}}