{"id":1455,"date":"2014-02-06T06:00:32","date_gmt":"2014-02-06T05:00:32","guid":{"rendered":"http:\/\/vedlich.info\/?p=1455"},"modified":"2014-02-05T08:19:08","modified_gmt":"2014-02-05T07:19:08","slug":"parkovaci-dum-u-nemocnice-muze-zacit-rust-uz-letos","status":"publish","type":"post","link":"https:\/\/vedlich.info\/?p=1455","title":{"rendered":"Parkovac\u00ed d\u016fm u nemocnice m\u016f\u017ee za\u010d\u00edt r\u016fst u\u017e letos"},"content":{"rendered":"<p style=\"text-align: justify;\"><em>Mlad\u00e1 fronta DNES | 5.2.2014 | Rubrika: Kraj Hradeck\u00fd | Strana: 2 | Autor: Michaela Rambouskov\u00e1 | T\u00e9ma: Magistr\u00e1t m\u011bsta Hradec Kr\u00e1lov\u00e9<\/em><\/p>\n<p style=\"text-align: justify;\">Projekt parkovac\u00edho domu u fakultn\u00ed nemocnice o\u017e\u00edv\u00e1. Radnice se rozhodla nechat ho postavit na sv\u00e9m pozemku. Investora hodl\u00e1 m\u011bsto ve spolupr\u00e1ci s nemocnic\u00ed vybrat v sout\u011b\u017ei na ja\u0159e.<\/p>\n<p style=\"text-align: justify;\"><!--more--><strong>HRADEC KR\u00c1LOV\u00c9<\/strong>\u00a0 \u0160ance, \u017ee r\u00e1no zaparkujete v are\u00e1lu nebo v nejbli\u017e\u0161\u00edm okol\u00ed Fakultn\u00ed nemocnice v Hradci Kr\u00e1lov\u00e9, se n\u011bkdy bl\u00ed\u017e\u00ed tomu, \u017ee vyhrajete jackpot v loterii. Nedostatek parkovac\u00edch m\u00edst komplikuje \u017eivot zejm\u00e9na pacient\u016fm, kte\u0159\u00ed se \u0161patn\u011b pohybuj\u00ed a pot\u0159ebuj\u00ed se dostat co nejbl\u00ed\u017ee klinice, na kter\u00e9 maj\u00ed sv\u00e9 vy\u0161et\u0159en\u00ed.<\/p>\n<p style=\"text-align: justify;\">Ka\u017edodenn\u00ed boj o m\u00edsta by mohl vy\u0159e\u0161it parkovac\u00ed d\u016fm p\u0159ed nemocnic\u00ed, o n\u011bm\u017e se v Hradci Kr\u00e1lov\u00e9 hovo\u0159\u00ed u\u017e rok. Jeho stavbu ale doposud komplikovaly probl\u00e9my se sm\u011bnou pozemk\u016f.<\/p>\n<p style=\"text-align: justify;\">M\u011bsto te\u010f p\u0159i\u0161lo s druhou variantou, \u017ee pokud se v\u00fdm\u011bna pozemk\u016f nedo\u0159e\u0161\u00ed, parkovac\u00ed d\u016fm p\u0159esune na pozemky, kter\u00e9 ji\u017e vlastn\u00ed.<\/p>\n<p style=\"text-align: justify;\">\u201eV kv\u011btnu nebo \u010dervnu vyp\u00ed\u0161eme investorskou sout\u011b\u017e a komise slo\u017een\u00e1 ze z\u00e1stupc\u016f m\u011bsta A nemocnice vybere jej\u00edho v\u00edt\u011bze,\u201c \u0159\u00edk\u00e1 n\u00e1m\u011bstek hradeck\u00e9ho prim\u00e1tora Jind\u0159ich Vedlich.<\/p>\n<p style=\"text-align: justify;\">Podle pl\u00e1n\u016f z lo\u0148sk\u00e9ho \u00fanora by m\u011bl nov\u00fd parkovac\u00ed d\u016fm pojmout zhruba 500 automobil\u016f. Vjezd aut do are\u00e1lu nemocnice by i nad\u00e1le z\u016fstal mo\u017en\u00fd ve stejn\u00e9m rozsahu jako doposud.<\/p>\n<p style=\"text-align: justify;\">\u201eUr\u010dit\u011b bychom ho nijak dramaticky neregulovali. Sp\u00ed\u0161 by bylo vhodn\u00e9, aby t\u0159eba zdravotnick\u00fd person\u00e1l vyu\u017e\u00edval p\u0159edev\u0161\u00edm parkovac\u00ed d\u016fm, \u010d\u00edm\u017e by se m\u00edsta p\u0159ed klinikami uvolnila pro m\u00e9n\u011b mobiln\u00ed pacienty,\u201c p\u0159edstavuje svoji ideu vyu\u017eit\u00ed parkovac\u00edho domu \u0159editel fakultn\u00ed nemocnice Roman Prymula.<\/p>\n<p style=\"text-align: justify;\">Pokud by m\u011bsto nav\u00e1zalo na p\u016fvodn\u00ed my\u0161lenku, byla by v parkovac\u00edm dom\u011b prvn\u00ed hodina zdarma a ka\u017ed\u00e1 dal\u0161\u00ed p\u016flhodina za desetikorunu. D\u016fm by nem\u011bl spadat pod spole\u010dnost ISP, je\u017e v Hradci spravuje v\u011bt\u0161inu parkovac\u00edch ploch, ale m\u011bl by ho provozovat s\u00e1m investor, kter\u00fd ho postav\u00ed.<\/p>\n<p style=\"text-align: justify;\">Loni v \u00fanoru, kdy se na dom\u011b m\u011blo za\u010d\u00edt pracovat, se doba stavby odhadovala na 7 m\u011bs\u00edc\u016f.<\/p>\n<p style=\"text-align: justify;\">\u201eA\u017e vysout\u011b\u017e\u00edme investora a podep\u00ed\u0161eme s n\u00edm smlouvu, bude u\u017e na n\u011bm, aby z\u00edskal ve\u0161ker\u00e1 stavebn\u00ed povolen\u00ed,\u201c nechce Vedlich o p\u0159edpokl\u00e1dan\u00e9 d\u00e9lce trv\u00e1n\u00ed stavby spekulovat.<\/p>\n<p style=\"text-align: justify;\">Projekt parkovac\u00edho domu bude nutn\u00e9 zkoordinovat s p\u0159\u00edstupov\u00fdmi cestami k pr\u00e1v\u011b rozestav\u011bn\u00e9m kampusu Univerzity Karlovy, prvn\u00ed z p\u011bti budov by m\u011bla b\u00fdt hotova letos v dubnu.<\/p>\n<p style=\"text-align: justify;\">Z\u00e1rove\u0148 bude kv\u016fli parkovac\u00edmu domu nutn\u00e9 lehce upravit pl\u00e1novanou rekonstrukci nedalek\u00e9 k\u0159i\u017eovatky Mileta, kterou hojn\u011b vyu\u017e\u00edvaj\u00ed i nemocni\u010dn\u00ed sanitky.<\/p>\n<p style=\"text-align: justify;\">\u201eUprav\u00edme trasov\u00e1n\u00ed jednoho ramena k\u0159i\u017eovatky a nebude tak nutn\u00e9 vypo\u0159\u00e1d\u00e1vat problematick\u00fd pozemek,\u201c vysv\u011btluje n\u00e1m\u011bstek prim\u00e1tora Vedlich.<\/p>\n","protected":false},"excerpt":{"rendered":"<p>Mlad\u00e1 fronta DNES | 5.2.2014 | Rubrika: Kraj Hradeck\u00fd | Strana: 2 | Autor: Michaela Rambouskov\u00e1 | T\u00e9ma: Magistr\u00e1t m\u011bsta Hradec Kr\u00e1lov\u00e9 Projekt parkovac\u00edho domu u fakultn\u00ed nemocnice o\u017e\u00edv\u00e1. Radnice se rozhodla nechat ho postavit na sv\u00e9m pozemku. Investora hodl\u00e1 m\u011bsto ve spolupr\u00e1ci s nemocnic\u00ed vybrat v sout\u011b\u017ei na ja\u0159e.<\/p>\n","protected":false},"author":1,"featured_media":0,"comment_status":"closed","ping_status":"open","sticky":false,"template":"","format":"standard","meta":{"_monsterinsights_skip_tracking":false,"_monsterinsights_sitenote_active":false,"_monsterinsights_sitenote_note":"","_monsterinsights_sitenote_category":0,"_uf_show_specific_survey":0,"_uf_disable_surveys":false,"footnotes":""},"categories":[8],"tags":[],"class_list":["post-1455","post","type-post","status-publish","format-standard","hentry","category-zpravy-z-ostatnich-medii"],"aioseo_notices":[],"_links":{"self":[{"href":"https:\/\/vedlich.info\/index.php?rest_route=\/wp\/v2\/posts\/1455","targetHints":{"allow":["GET"]}}],"collection":[{"href":"https:\/\/vedlich.info\/index.php?rest_route=\/wp\/v2\/posts"}],"about":[{"href":"https:\/\/vedlich.info\/index.php?rest_route=\/wp\/v2\/types\/post"}],"author":[{"embeddable":true,"href":"https:\/\/vedlich.info\/index.php?rest_route=\/wp\/v2\/users\/1"}],"replies":[{"embeddable":true,"href":"https:\/\/vedlich.info\/index.php?rest_route=%2Fwp%2Fv2%2Fcomments&post=1455"}],"version-history":[{"count":3,"href":"https:\/\/vedlich.info\/index.php?rest_route=\/wp\/v2\/posts\/1455\/revisions"}],"predecessor-version":[{"id":1457,"href":"https:\/\/vedlich.info\/index.php?rest_route=\/wp\/v2\/posts\/1455\/revisions\/1457"}],"wp:attachment":[{"href":"https:\/\/vedlich.info\/index.php?rest_route=%2Fwp%2Fv2%2Fmedia&parent=1455"}],"wp:term":[{"taxonomy":"category","embeddable":true,"href":"https:\/\/vedlich.info\/index.php?rest_route=%2Fwp%2Fv2%2Fcategories&post=1455"},{"taxonomy":"post_tag","embeddable":true,"href":"https:\/\/vedlich.info\/index.php?rest_route=%2Fwp%2Fv2%2Ftags&post=1455"}],"curies":[{"name":"wp","href":"https:\/\/api.w.org\/{rel}","templated":true}]}}