{"id":1453,"date":"2014-02-05T08:00:17","date_gmt":"2014-02-05T07:00:17","guid":{"rendered":"http:\/\/vedlich.info\/?p=1453"},"modified":"2014-02-05T08:18:52","modified_gmt":"2014-02-05T07:18:52","slug":"blyska-se-hvezde-na-lepsi-casy-zatim-se-rodi-projekt","status":"publish","type":"post","link":"https:\/\/vedlich.info\/?p=1453","title":{"rendered":"Bl\u00fdsk\u00e1 se Hv\u011bzd\u011b na lep\u0161\u00ed \u010dasy? Zat\u00edm se rod\u00ed projekt"},"content":{"rendered":"<p style=\"text-align: justify;\"><em>Hradeck\u00fd den\u00edk | 5.2.2014 | Rubrika: Tituln\u00ed strana | Strana: 1 | Autor: JITKA HODASOV\u00c1 | T\u00e9ma: Magistr\u00e1t m\u011bsta Hradec Kr\u00e1lov\u00e9<\/em><\/p>\n<p style=\"text-align: justify;\"><strong>Hradec Kr\u00e1lov\u00e9<\/strong>\u00a0 Rezav\u00e9 konstrukce, opadan\u00e9 obklady, kter\u00e9 ka\u017edoro\u010dn\u011b l\u00e1taj\u00ed technick\u00e9 slu\u017eby. Are\u00e1l Hv\u011bzda postaven\u00fd v osmdes\u00e1t\u00fdch letech minul\u00e9ho stolet\u00ed by si zaslou\u017eil kompletn\u00ed rekonstrukci. Nyn\u00ed to vypad\u00e1, \u017ee by na ni mohlo doj\u00edt, tedy alespo\u0148 na vytvo\u0159en\u00ed projektov\u00e9 dokumentace. Potvrdil to n\u00e1m\u011bstek prim\u00e1tora Jind\u0159ich Vedlich. \u201eAlespo\u0148 pak budeme moci za\u010d\u00edt hned, jak budou finance zahrnut\u00e9 v rozpo\u010dtu,\u201c douf\u00e1. Rekonstrukce si podle odhad\u016f vy\u017e\u00e1d\u00e1 asi 20 milion\u016f korun. Ty v sou\u010dasn\u00e9 dob\u011b v rozpo\u010dtu nejsou.<\/p>\n<p style=\"text-align: justify;\"><!--more-->Font\u00e1nky, hern\u00ed prvky pro d\u011bti, lavi\u010dky. Tak by si prost\u0159ed\u00ed na Hv\u011bzd\u011b p\u0159edstavovala komise m\u00edstn\u00ed samospr\u00e1vy, kter\u00e1 m\u00e1 rekonstrukci jako svou prioritu. \u201eChceme, aby se opravily podhledy, aby se projekt zab\u00fdval \u0159e\u0161en\u00edm schodi\u0161\u0165 v are\u00e1lu, zelen\u011b, m\u011bstsk\u00e9ho tr\u017ei\u0161t\u011b a um\u00edst\u011bn\u00edm lavi\u010dek a bezpe\u010dnostn\u00edch stojan\u016f na kola,\u201c konstatuje m\u00edstop\u0159edseda Petr Necka\u0159.<\/p>\n<p style=\"text-align: justify;\">\u201eHv\u011bzda gener\u00e1ln\u00ed opravu pot\u0159ebuje,\u201c souhlas\u00ed i Martin Soukup, n\u00e1m\u011bstek prim\u00e1tora. M\u011bsto se v minulosti zbavilo v\u00fdd\u011ble\u010dn\u00fdch nebytov\u00fdch prostor na Hv\u011bzd\u011b, ty maj\u00ed nyn\u00ed sv\u00e9 vlastn\u00edky a radnici z\u016fstala jen starost o ve\u0161ker\u00e1 schodi\u0161t\u011b, chodn\u00edky a jednotliv\u00e1 prostranstv\u00ed. Are\u00e1l je te\u010f v dezol\u00e1tn\u00edm stavu.<\/p>\n<p style=\"text-align: justify;\">O oprav\u00e1ch se mluv\u00ed nejm\u00e9n\u011b dva roky. U\u017e tehdy se hovo\u0159ilo o projektov\u00e9 dokumentaci. \u201ePo\u017e\u00e1dali jsme magistr\u00e1t, aby zpracoval projektovou dokumentaci. S n\u00ed bychom m\u011bli b\u00fdt v nejbli\u017e\u0161\u00edch dnech sezn\u00e1meni,\u201c uvedl u\u017e tehdy Jaroslav Groh, p\u0159edseda komise m\u00edstn\u00ed samospr\u00e1vy.<\/p>\n<p style=\"text-align: justify;\"><strong>V Ostud\u00e1ch byla Hv\u011bzda druh\u00e1<\/strong><\/p>\n<p style=\"text-align: justify;\">V lo\u0148sk\u00e9m roce jsme uspo\u0159\u00e1dali anketu, kdy jste vy, \u010dten\u00e1\u0159i, volili nejhez\u010d\u00ed a nejo\u0161kliv\u011bj\u0161\u00ed m\u00edsta ve m\u011bst\u011b. Are\u00e1l Hv\u011bzda se um\u00edstil v kategorii Ostudy m\u011bsta na druh\u00e9 p\u0159\u00ed\u010dce hned za Bene\u0161ovou t\u0159\u00eddou. Ta v sou\u010dasn\u00e9 dob\u011b proch\u00e1z\u00ed rekonstrukc\u00ed a Hv\u011bzd\u011b se snad tak\u00e9 bl\u00fdsk\u00e1 na lep\u0161\u00ed \u010dasy.<\/p>\n","protected":false},"excerpt":{"rendered":"<p>Hradeck\u00fd den\u00edk | 5.2.2014 | Rubrika: Tituln\u00ed strana | Strana: 1 | Autor: JITKA HODASOV\u00c1 | T\u00e9ma: Magistr\u00e1t m\u011bsta Hradec Kr\u00e1lov\u00e9 Hradec Kr\u00e1lov\u00e9\u00a0 Rezav\u00e9 konstrukce, opadan\u00e9 obklady, kter\u00e9 ka\u017edoro\u010dn\u011b l\u00e1taj\u00ed technick\u00e9 slu\u017eby. Are\u00e1l Hv\u011bzda postaven\u00fd v osmdes\u00e1t\u00fdch letech minul\u00e9ho stolet\u00ed by si zaslou\u017eil kompletn\u00ed rekonstrukci. Nyn\u00ed to vypad\u00e1, \u017ee by na ni mohlo doj\u00edt, tedy [&hellip;]<\/p>\n","protected":false},"author":1,"featured_media":0,"comment_status":"closed","ping_status":"open","sticky":false,"template":"","format":"standard","meta":{"_monsterinsights_skip_tracking":false,"_monsterinsights_sitenote_active":false,"_monsterinsights_sitenote_note":"","_monsterinsights_sitenote_category":0,"_uf_show_specific_survey":0,"_uf_disable_surveys":false,"footnotes":""},"categories":[8],"tags":[],"class_list":["post-1453","post","type-post","status-publish","format-standard","hentry","category-zpravy-z-ostatnich-medii"],"aioseo_notices":[],"_links":{"self":[{"href":"https:\/\/vedlich.info\/index.php?rest_route=\/wp\/v2\/posts\/1453","targetHints":{"allow":["GET"]}}],"collection":[{"href":"https:\/\/vedlich.info\/index.php?rest_route=\/wp\/v2\/posts"}],"about":[{"href":"https:\/\/vedlich.info\/index.php?rest_route=\/wp\/v2\/types\/post"}],"author":[{"embeddable":true,"href":"https:\/\/vedlich.info\/index.php?rest_route=\/wp\/v2\/users\/1"}],"replies":[{"embeddable":true,"href":"https:\/\/vedlich.info\/index.php?rest_route=%2Fwp%2Fv2%2Fcomments&post=1453"}],"version-history":[{"count":3,"href":"https:\/\/vedlich.info\/index.php?rest_route=\/wp\/v2\/posts\/1453\/revisions"}],"predecessor-version":[{"id":1460,"href":"https:\/\/vedlich.info\/index.php?rest_route=\/wp\/v2\/posts\/1453\/revisions\/1460"}],"wp:attachment":[{"href":"https:\/\/vedlich.info\/index.php?rest_route=%2Fwp%2Fv2%2Fmedia&parent=1453"}],"wp:term":[{"taxonomy":"category","embeddable":true,"href":"https:\/\/vedlich.info\/index.php?rest_route=%2Fwp%2Fv2%2Fcategories&post=1453"},{"taxonomy":"post_tag","embeddable":true,"href":"https:\/\/vedlich.info\/index.php?rest_route=%2Fwp%2Fv2%2Ftags&post=1453"}],"curies":[{"name":"wp","href":"https:\/\/api.w.org\/{rel}","templated":true}]}}