{"id":1444,"date":"2014-01-30T08:29:53","date_gmt":"2014-01-30T07:29:53","guid":{"rendered":"http:\/\/vedlich.info\/?p=1444"},"modified":"2014-01-30T08:29:53","modified_gmt":"2014-01-30T07:29:53","slug":"nemocnice-je-v-oblezeni-auta-by-mel-odbavit-dum-konecne","status":"publish","type":"post","link":"https:\/\/vedlich.info\/?p=1444","title":{"rendered":"Nemocnice je v oble\u017een\u00ed, auta by m\u011bl odbavit d\u016fm. Kone\u010dn\u011b"},"content":{"rendered":"<p style=\"text-align: justify;\"><em>Hradeck\u00fd den\u00edk | 30.1.2014 | Rubrika: Tituln\u00ed strana | Strana: 1 | Autor: JITKA HODASOV\u00c1 | T\u00e9ma: Magistr\u00e1t m\u011bsta Hradec Kr\u00e1lov\u00e9<\/em><\/p>\n<p style=\"text-align: justify;\"><strong>Hradec Kr\u00e1lov\u00e9<\/strong>\u00a0 Zaparkovat po sedm\u00e9 hodin\u011b rann\u00ed v are\u00e1lu hradeck\u00e9 fakultn\u00ed nemocnice nebo pobl\u00ed\u017e n\u011bj? Nadlidsk\u00fd \u00fakol. Zm\u011bn\u00ed se to? Nad\u011bje tu je. Parkovac\u00ed d\u016fm, kter\u00fd by m\u011bl pojmout 500 a\u017e 700 aut. M\u011bl se stav\u011bt v lo\u0148sk\u00e9m roce, ale nemocnice je po\u0159\u00e1d nacpan\u00e1 a d\u016fm st\u00e1le nikde.<\/p>\n<p style=\"text-align: justify;\"><!--more-->Nicm\u00e9n\u011b podle slov n\u00e1m\u011bstka prim\u00e1tora Jind\u0159icha Vedlicha u\u017e se bl\u00fdsk\u00e1 na lep\u0161\u00ed \u010dasy. Na ja\u0159e by toti\u017e m\u011bsto r\u00e1do vypsalo sout\u011b\u017e na investora, kter\u00fd by m\u011bl d\u016fm postavit a pak i provozovat. \u201eV z\u00e1m\u011bru n\u00e1m dlouho br\u00e1nil fakt, \u017ee jsme nevlastnili pozemky, na kter\u00fdch se m\u011bl d\u016fm postavit,\u201c vysv\u011btluje.<\/p>\n<p style=\"text-align: justify;\">Nakonec se m\u011bsto rozhodlo d\u016fm trochu poposunout a postavit ho na pozemc\u00edch, kter\u00e9 u\u017e jsou v jeho vlastnictv\u00ed.<\/p>\n<p style=\"text-align: justify;\">\u201eTrochu jsme v pl\u00e1nech uhnuli rameno jedn\u00e9 k\u0159i\u017eovatky. Pl\u00e1nuje se \u0159e\u0161en\u00ed dopravn\u00ed situace v tamn\u00ed oblasti v souvislosti s k\u0159i\u017eovatkou Mileta, syst\u00e9m mus\u00ed vyhovovat nemocnici i doprav\u011b do kampusu Univerzity Karlovy, kter\u00fd se tam stav\u00ed,\u201c pokra\u010duje n\u00e1m\u011bstek.<\/p>\n<p style=\"text-align: justify;\">Parkovac\u00edho domu se u\u017e nem\u016f\u017ee do\u010dkat tak\u00e9 veden\u00ed nemocnice i person\u00e1l. \u201eDo pr\u00e1ce mus\u00edm p\u0159ijet do sedmi hodin, pak u\u017e je skoro nemo\u017en\u00e9 zaparkovat,\u201c popisuje neurochirurg Michael Barto\u0161.<\/p>\n<p style=\"text-align: justify;\">\u201eJe to u\u017e opravdu ne\u00fanosn\u00e9, t\u0159eba moje n\u00e1v\u0161t\u011bvy maj\u00ed i patn\u00e1ct minut zpo\u017ed\u011bn\u00ed jen proto, \u017ee hledaj\u00ed m\u00edsto na parkov\u00e1n\u00ed. Nav\u00edc pacienti k n\u00e1m jezd\u00ed i z \u0161ir\u0161\u00edho okol\u00ed, tak by m\u011bli m\u00edt kde zaparkovat,\u201c potvrzuje Roman Prymula, \u0159editel nemocnice.<\/p>\n<p style=\"text-align: justify;\">Ten kv\u016fli pozemk\u016fm p\u016fvodn\u011b ur\u010den\u00fdm pro parkovac\u00ed d\u016fm absolvoval \u0159adu jedn\u00e1n\u00ed s jejich vlastn\u00edky \u2013 ministerstvem financ\u00ed a zdravotnictv\u00ed. \u201eP\u0159esto\u017ee na nich d\u016fm pravd\u011bpodobn\u011b st\u00e1t nakonec nebude, odkoup\u00edme je, proto\u017ee je budeme pot\u0159ebovat p\u0159i stavb\u00e1ch nejr\u016fzn\u011bj\u0161\u00edch dopravn\u00edch napojen\u00ed,\u201c dodal \u0159editel.<\/p>\n<p style=\"text-align: justify;\">M\u011bsto u\u017e se p\u0159ed rokem pokou\u0161elo pozemek se z\u00e1m\u011brem v\u00fdstavby parkovac\u00edho domu prodat, ale nakonec nab\u00eddku st\u00e1hlo. \u201eP\u0159ihl\u00e1sil se jen jeden z\u00e1jemce a ten nespl\u0148oval na\u0161e p\u0159edstavy,\u201c vysv\u011btlil n\u00e1m\u011bstek Vedlich. Parkovac\u00ed d\u016fm bude mimo z\u00f3nu, kterou spravuje ISP, nov\u00fd investor si d\u016fm bude provozovat s\u00e1m.<\/p>\n","protected":false},"excerpt":{"rendered":"<p>Hradeck\u00fd den\u00edk | 30.1.2014 | Rubrika: Tituln\u00ed strana | Strana: 1 | Autor: JITKA HODASOV\u00c1 | T\u00e9ma: Magistr\u00e1t m\u011bsta Hradec Kr\u00e1lov\u00e9 Hradec Kr\u00e1lov\u00e9\u00a0 Zaparkovat po sedm\u00e9 hodin\u011b rann\u00ed v are\u00e1lu hradeck\u00e9 fakultn\u00ed nemocnice nebo pobl\u00ed\u017e n\u011bj? Nadlidsk\u00fd \u00fakol. Zm\u011bn\u00ed se to? Nad\u011bje tu je. Parkovac\u00ed d\u016fm, kter\u00fd by m\u011bl pojmout 500 a\u017e 700 aut. M\u011bl [&hellip;]<\/p>\n","protected":false},"author":1,"featured_media":0,"comment_status":"closed","ping_status":"open","sticky":false,"template":"","format":"standard","meta":{"_monsterinsights_skip_tracking":false,"_monsterinsights_sitenote_active":false,"_monsterinsights_sitenote_note":"","_monsterinsights_sitenote_category":0,"_uf_show_specific_survey":0,"_uf_disable_surveys":false,"footnotes":""},"categories":[8],"tags":[],"class_list":["post-1444","post","type-post","status-publish","format-standard","hentry","category-zpravy-z-ostatnich-medii"],"aioseo_notices":[],"_links":{"self":[{"href":"https:\/\/vedlich.info\/index.php?rest_route=\/wp\/v2\/posts\/1444","targetHints":{"allow":["GET"]}}],"collection":[{"href":"https:\/\/vedlich.info\/index.php?rest_route=\/wp\/v2\/posts"}],"about":[{"href":"https:\/\/vedlich.info\/index.php?rest_route=\/wp\/v2\/types\/post"}],"author":[{"embeddable":true,"href":"https:\/\/vedlich.info\/index.php?rest_route=\/wp\/v2\/users\/1"}],"replies":[{"embeddable":true,"href":"https:\/\/vedlich.info\/index.php?rest_route=%2Fwp%2Fv2%2Fcomments&post=1444"}],"version-history":[{"count":2,"href":"https:\/\/vedlich.info\/index.php?rest_route=\/wp\/v2\/posts\/1444\/revisions"}],"predecessor-version":[{"id":1446,"href":"https:\/\/vedlich.info\/index.php?rest_route=\/wp\/v2\/posts\/1444\/revisions\/1446"}],"wp:attachment":[{"href":"https:\/\/vedlich.info\/index.php?rest_route=%2Fwp%2Fv2%2Fmedia&parent=1444"}],"wp:term":[{"taxonomy":"category","embeddable":true,"href":"https:\/\/vedlich.info\/index.php?rest_route=%2Fwp%2Fv2%2Fcategories&post=1444"},{"taxonomy":"post_tag","embeddable":true,"href":"https:\/\/vedlich.info\/index.php?rest_route=%2Fwp%2Fv2%2Ftags&post=1444"}],"curies":[{"name":"wp","href":"https:\/\/api.w.org\/{rel}","templated":true}]}}