{"id":1442,"date":"2014-01-28T07:43:58","date_gmt":"2014-01-28T06:43:58","guid":{"rendered":"http:\/\/vedlich.info\/?p=1442"},"modified":"2014-01-28T07:43:58","modified_gmt":"2014-01-28T06:43:58","slug":"sv-mikulas-dal-ceka-na-opravu-je-havarijni","status":"publish","type":"post","link":"https:\/\/vedlich.info\/?p=1442","title":{"rendered":"Sv. Mikul\u00e1\u0161 d\u00e1l \u010dek\u00e1 na opravu. Je havarijn\u00ed"},"content":{"rendered":"<p style=\"text-align: justify;\"><em>Hradeck\u00fd den\u00edk | 28.1.2014 | Rubrika: Tituln\u00ed strana | Strana: 1 | Autor: JI\u0158\u00cd FEJGL | T\u00e9ma: Magistr\u00e1t m\u011bsta Hradec Kr\u00e1lov\u00e9<\/em><\/p>\n<p style=\"text-align: justify;\">Kostel, kde s\u00eddl\u00ed pravoslavn\u00e1 c\u00edrkev, by m\u011bl b\u00fdt opraven za 22 milion\u016f korun.<\/p>\n<p style=\"text-align: justify;\"><!--more-->Hradec Kr\u00e1lov\u00e9 \u2013 Je to jedna z hradeck\u00fdch pozoruhodnost\u00ed \u2013 d\u0159ev\u011bn\u00fd chr\u00e1m svat\u00e9ho Mikul\u00e1\u0161e v Jir\u00e1skov\u00fdch sadech.<\/p>\n<p style=\"text-align: justify;\">Bohu\u017eel, tato stavba je ve zl\u00e9m rozpolo\u017een\u00ed. \u201eKdy\u017e to \u0159eknu kulantn\u011b, nen\u00ed ve stoprocentn\u00ed kondici,\u201c \u0159ekl Milan August\u00fdn Jare\u0161, proto presbyter pravoslavn\u00e9 c\u00edrkve, je\u017e zde m\u00e1 ka\u017edou ned\u011bli sv\u00e9 svat\u00e9 liturgie, tedy m\u0161e.<\/p>\n<p style=\"text-align: justify;\">\u201eKostel je v havarijn\u00edm, neut\u011b\u0161en\u00e9m stavu,\u201c byl mnohem p\u0159\u00edm\u011bj\u0161\u00ed Jind\u0159ich Vedlich, n\u00e1m\u011bstek prim\u00e1tora m\u011bsta, do jeho\u017e majetku chr\u00e1m pat\u0159\u00ed.<\/p>\n<p style=\"text-align: justify;\">U\u017e p\u0159ed dv\u011bma lety se p\u0159itom mluvilo o brzk\u00e9 rekonstrukci. \u201eOdhalili jsme napaden\u00ed d\u0159evokazn\u00fdmi \u0161k\u016fdci, kter\u00e9 se mus\u00ed \u0159e\u0161it,\u201c pronesl Jan Falta, vedouc\u00ed odboru pam\u00e1tkov\u00e9 p\u00e9\u010de.<\/p>\n<p style=\"text-align: justify;\">V sou\u010dasn\u00e9 dob\u011b je projekt ve f\u00e1zi p\u0159\u00edpravy dokumentace. \u201eBohu\u017eel, jsme ve skluzu,\u201c p\u0159iznal Vedlich.<\/p>\n<p style=\"text-align: justify;\">A p\u0159edev\u0161\u00edm ve f\u00e1zi hled\u00e1n\u00ed prost\u0159edk\u016f. P\u016fvodn\u011b m\u011bla b\u00fdt rekonstrukce financov\u00e1na z dotac\u00ed z takzvan\u00fdch norsk\u00fdch fond\u016f, nyn\u00ed se v\u0161ak hled\u00e1 i dal\u0161\u00ed mo\u017enost.<\/p>\n<p style=\"text-align: justify;\">Tou by mohlo b\u00fdt za\u0159azen\u00ed rekonstrukce do integrovan\u00e9ho pl\u00e1nu rozvoje m\u011bsta. Vtomto p\u0159\u00edpad\u011b v\u0161ak z\u00e1le\u017e\u00ed na faktu, zda v t\u011bchto zdroj\u00edch n\u011bjak\u00e9 finance z\u016fstanou. \u201eProto bych opravdu nerad \u0159\u00edkal datum, kdy se za\u010dne,\u201c podotkl Vedlich.<\/p>\n<p style=\"text-align: justify;\">Oprava by m\u011bla prob\u00edhat pod jakousi halou vytvo\u0159enou nad kostelem. Nyn\u00ed je jej\u00ed cena vy\u010d\u00edslena na 22 milion\u016f korun. M\u011bsto v\u0161ak douf\u00e1, \u017ee sout\u011b\u017e na zhotovitele sraz\u00ed sumu mnohem n\u00ed\u017e, podle zvyklost\u00ed a\u017e o 40 procent.<\/p>\n","protected":false},"excerpt":{"rendered":"<p>Hradeck\u00fd den\u00edk | 28.1.2014 | Rubrika: Tituln\u00ed strana | Strana: 1 | Autor: JI\u0158\u00cd FEJGL | T\u00e9ma: Magistr\u00e1t m\u011bsta Hradec Kr\u00e1lov\u00e9 Kostel, kde s\u00eddl\u00ed pravoslavn\u00e1 c\u00edrkev, by m\u011bl b\u00fdt opraven za 22 milion\u016f korun.<\/p>\n","protected":false},"author":1,"featured_media":0,"comment_status":"closed","ping_status":"open","sticky":false,"template":"","format":"standard","meta":{"_monsterinsights_skip_tracking":false,"_monsterinsights_sitenote_active":false,"_monsterinsights_sitenote_note":"","_monsterinsights_sitenote_category":0,"_uf_show_specific_survey":0,"_uf_disable_surveys":false,"footnotes":""},"categories":[8],"tags":[],"class_list":["post-1442","post","type-post","status-publish","format-standard","hentry","category-zpravy-z-ostatnich-medii"],"aioseo_notices":[],"_links":{"self":[{"href":"https:\/\/vedlich.info\/index.php?rest_route=\/wp\/v2\/posts\/1442","targetHints":{"allow":["GET"]}}],"collection":[{"href":"https:\/\/vedlich.info\/index.php?rest_route=\/wp\/v2\/posts"}],"about":[{"href":"https:\/\/vedlich.info\/index.php?rest_route=\/wp\/v2\/types\/post"}],"author":[{"embeddable":true,"href":"https:\/\/vedlich.info\/index.php?rest_route=\/wp\/v2\/users\/1"}],"replies":[{"embeddable":true,"href":"https:\/\/vedlich.info\/index.php?rest_route=%2Fwp%2Fv2%2Fcomments&post=1442"}],"version-history":[{"count":1,"href":"https:\/\/vedlich.info\/index.php?rest_route=\/wp\/v2\/posts\/1442\/revisions"}],"predecessor-version":[{"id":1443,"href":"https:\/\/vedlich.info\/index.php?rest_route=\/wp\/v2\/posts\/1442\/revisions\/1443"}],"wp:attachment":[{"href":"https:\/\/vedlich.info\/index.php?rest_route=%2Fwp%2Fv2%2Fmedia&parent=1442"}],"wp:term":[{"taxonomy":"category","embeddable":true,"href":"https:\/\/vedlich.info\/index.php?rest_route=%2Fwp%2Fv2%2Fcategories&post=1442"},{"taxonomy":"post_tag","embeddable":true,"href":"https:\/\/vedlich.info\/index.php?rest_route=%2Fwp%2Fv2%2Ftags&post=1442"}],"curies":[{"name":"wp","href":"https:\/\/api.w.org\/{rel}","templated":true}]}}