{"id":1432,"date":"2014-01-27T08:35:40","date_gmt":"2014-01-27T07:35:40","guid":{"rendered":"http:\/\/vedlich.info\/?p=1432"},"modified":"2014-01-30T10:53:25","modified_gmt":"2014-01-30T09:53:25","slug":"reportaz-z-debaty-o-fotbalovem-stadionu","status":"publish","type":"post","link":"https:\/\/vedlich.info\/?p=1432","title":{"rendered":"Report\u00e1\u017e z debaty o fotbalov\u00e9m stadionu"},"content":{"rendered":"<p>Zde se m\u016f\u017eete pod\u00edvat na report\u00e1\u017e z debaty o nov\u00e9m hradeck\u00e9m fotbalov\u00e9m stadionu, kter\u00e1 se konala 23. ledna v kin\u011b Bio Central. Autorem videa je TV Hradec.<\/p>\n<p><a href=\"http:\/\/tvhradec.cz\/\/Reportaze\/Sport\/FC-HRADEC-KRALOVE\/Kino-Central-bylo-svedkem-debaty-okolo-planovane-v.aspx\"><img loading=\"lazy\" decoding=\"async\" src=\"http:\/\/tvhradec.cz\/\/getattachment\/85c4dfd6-d2db-415c-81ba-45cf304e1999\/Kino-Central-bylo-svedkem-debaty-okolo-planovane-v.aspx\" alt=\"Kino Centr\u00e1l bylo sv\u011bdkem debaty okolo pl\u00e1novan\u00e9 v\u00fdstavby \u201eParku Mal\u0161ovice\u201c\" width=\"400\" height=\"225\" align=\"left\" \/><\/a><\/p>\n","protected":false},"excerpt":{"rendered":"<p>Zde se m\u016f\u017eete pod\u00edvat na report\u00e1\u017e z debaty o nov\u00e9m hradeck\u00e9m fotbalov\u00e9m stadionu, kter\u00e1 se konala 23. ledna v kin\u011b Bio Central. Autorem videa je TV Hradec.<\/p>\n","protected":false},"author":1,"featured_media":0,"comment_status":"closed","ping_status":"open","sticky":false,"template":"","format":"standard","meta":{"_monsterinsights_skip_tracking":false,"_monsterinsights_sitenote_active":false,"_monsterinsights_sitenote_note":"","_monsterinsights_sitenote_category":0,"_uf_show_specific_survey":0,"_uf_disable_surveys":false,"footnotes":""},"categories":[8],"tags":[],"class_list":["post-1432","post","type-post","status-publish","format-standard","hentry","category-zpravy-z-ostatnich-medii"],"aioseo_notices":[],"_links":{"self":[{"href":"https:\/\/vedlich.info\/index.php?rest_route=\/wp\/v2\/posts\/1432","targetHints":{"allow":["GET"]}}],"collection":[{"href":"https:\/\/vedlich.info\/index.php?rest_route=\/wp\/v2\/posts"}],"about":[{"href":"https:\/\/vedlich.info\/index.php?rest_route=\/wp\/v2\/types\/post"}],"author":[{"embeddable":true,"href":"https:\/\/vedlich.info\/index.php?rest_route=\/wp\/v2\/users\/1"}],"replies":[{"embeddable":true,"href":"https:\/\/vedlich.info\/index.php?rest_route=%2Fwp%2Fv2%2Fcomments&post=1432"}],"version-history":[{"count":10,"href":"https:\/\/vedlich.info\/index.php?rest_route=\/wp\/v2\/posts\/1432\/revisions"}],"predecessor-version":[{"id":1452,"href":"https:\/\/vedlich.info\/index.php?rest_route=\/wp\/v2\/posts\/1432\/revisions\/1452"}],"wp:attachment":[{"href":"https:\/\/vedlich.info\/index.php?rest_route=%2Fwp%2Fv2%2Fmedia&parent=1432"}],"wp:term":[{"taxonomy":"category","embeddable":true,"href":"https:\/\/vedlich.info\/index.php?rest_route=%2Fwp%2Fv2%2Fcategories&post=1432"},{"taxonomy":"post_tag","embeddable":true,"href":"https:\/\/vedlich.info\/index.php?rest_route=%2Fwp%2Fv2%2Ftags&post=1432"}],"curies":[{"name":"wp","href":"https:\/\/api.w.org\/{rel}","templated":true}]}}